{"id":29165,"date":"2018-04-01T11:39:16","date_gmt":"2018-04-01T08:39:16","guid":{"rendered":"http:\/\/www.bghaber.org\/bghaber\/?p=29165"},"modified":"2019-07-01T00:09:04","modified_gmt":"2019-06-30T21:09:04","slug":"egridere-kircaali-karayolunun-acilen-onarilmasi-icin-imza-kampanyasi","status":"publish","type":"post","link":"https:\/\/www.bghaber.org\/bghaber\/egridere-kircaali-karayolunun-acilen-onarilmasi-icin-imza-kampanyasi\/","title":{"rendered":"E\u011fridere &#8211; K\u0131rcaali karayolunun acilen onar\u0131lmas\u0131 i\u00e7in imza kampanyas\u0131"},"content":{"rendered":"<p>Ulusal karayolu \u015febekesinin bir par\u00e7as\u0131 olan Ardino (E\u011fridere)- K\u0131rcaali karayolunun acilen onar\u0131lmas\u0131 i\u00e7in ba\u015flat\u0131lan toplu imza kampanyas\u0131na 24 saat i\u00e7inde 100\u2019\u00fcn \u00fczerinde ki\u015fi kat\u0131ld\u0131. Kampanya, il\u00e7e sakinlerinin bir\u00e7o\u011funun yolun acil olarak onar\u0131m\u0131n\u0131 ba\u015flatma iste\u011fi do\u011frultusunda Ardino\u2019dan \u0130van Yuru\u00e7ev\u2019in giri\u015fimiyle ba\u015flad\u0131. Yuru\u00e7ev, a\u00e7\u0131k bir g\u00f6r\u00fc\u015fe sahip her bir vatanda\u015f\u0131 kampanyaya kat\u0131lmaya \u00e7a\u011f\u0131rd\u0131. Yuru\u00e7ev, \u201dSadece Ardino \u0130l\u00e7esi halk\u0131n\u0131n de\u011fil, kom\u015fu belediyeler Banite ve Nedelino (Uzundere) sakinlerinin kay\u0131ts\u0131z \u015farts\u0131z deste\u011fini de ald\u0131k. \u0130mza kampanyas\u0131, 10 Nisan&#8217;a kadar devam edecek ve onsan sonra bir \u00f6rne\u011fi Karayolu Altyap\u0131 Ajans\u0131&#8217;na g\u00f6nderilmek \u00fczere Millet Meclisine sunulacak. \u00d6nlem al\u0131nmazsa, bir sonraki ad\u0131m her g\u00fcn yolun kapat\u0131lmas\u0131 olacak\u201d diye kaydetti. Yuru\u00e7ev, bunun siyasi bir eylem olmay\u0131p, tamamen bir sivil inisiyatif oldu\u011funu vurgulad\u0131.<\/p>\n<p>Kroyachevo (Terzik\u00f6y) k\u00f6y\u00fcnden 70 ya\u015f\u0131ndaki Durgut Bayram, inisiyatife kat\u0131lmak i\u00e7in \u015fehre geldi. Durgut Bayram, \u201c50 y\u0131l\u0131 a\u015fk\u0131n s\u00fcre \u015fof\u00f6rl\u00fck yapt\u0131m. Ardino&#8217;dan K\u0131rcaali&#8217;ye giden yol harap bir halde, sanki bombalanm\u0131\u015f gibi \u00e7ukurlarla dolu. \u015eimdiye kadar \u00fc\u00e7 otomobilim mahvoldu. 97 leva y\u0131ll\u0131k vinyet \u00fccreti \u00f6d\u00fcyoruz ve devletin yolu yeniden asfaltlama ve geni\u015fletme zaman\u0131 \u00e7oktan geldi\u201d diye \u00fcz\u00fcnt\u00fcs\u00fcn\u00fc dile getirdi.<\/p>\n<p>So\u011fuk k\u0131\u015f aylar\u0131ndan sonra bahar\u0131n gelmesiyle Ardino-K\u0131rcaali karayolunda \u00e7ukurlar olu\u015ftu. Bir\u00e7ok yama \u00e7al\u0131\u015fmalar\u0131na ra\u011fmen, onar\u0131mlar\u0131n a\u015f\u0131r\u0131 derecede kalitesiz bir \u015fekilde yap\u0131ld\u0131\u011f\u0131 ortaya \u00e7\u0131k\u0131yor.<br \/>\nHer ne kadar t\u00fcm s\u00fcr\u00fcc\u00fcler vinyet \u00fccreti \u00f6d\u00fcyor olsalar da, iyi bir yol olarak gerekli hizmeti alm\u0131yorlar. Karayolunda b\u00fcy\u00fck delikler nedeniyle lastiklerin patlad\u0131\u011f\u0131, araba jantlar\u0131n\u0131n k\u0131r\u0131ld\u0131\u011f\u0131, \u015fase ve s\u00fcspansiyon sistemlerinin harap oldu\u011fu vakalar az de\u011fil. Vatanda\u015flar, \u201cNe i\u00e7in vinyet \u00fccreti \u00f6d\u00fcyoruz?\u201d diye kendi kendine soruyorlar ve yine de vinyet almaya devam ediyorlar. N\u00fcfusun b\u00fcy\u00fck bir k\u0131sm\u0131n\u0131n her g\u00fcn, sabah ak\u015fam ayn\u0131 delik de\u015fik ve tehlikeli ulusal karayolu kesiminde i\u015fe gidip eve d\u00f6nmek i\u00e7in yolculuk yaparak, hayatta kalmaya \u00e7al\u0131\u015ft\u0131\u011f\u0131 g\u00f6z \u00f6n\u00fcne al\u0131nd\u0131\u011f\u0131nda Rodop il\u00e7elerinde ya\u015fayan halk\u0131 kimsenin dert etmedi\u011fi d\u00fc\u015f\u00fcncesi hakim olmaya ba\u015flad\u0131.<\/p>\n<p>\u00d6fkelenerek evine d\u00f6nen Ardino \u0130l\u00e7esi\u2019nin bir\u00e7ok misafiri, Ardino&#8217;nun Bulgaristan&#8217;da \u00e7ok g\u00fczel bir yer oldu\u011funu, insanlar\u0131n \u00e7ok misafirperver ve kibar olduklar\u0131n\u0131, otellerin ve restoranlar\u0131n iyi bir seviyede oldu\u011funu, do\u011fan\u0131n harika oldu\u011funu, e\u015fsiz do\u011fal harikalar, tarihi ve k\u00fclt\u00fcrel yerlere sahip oldu\u011funu, ancak yolun tam bir harabe oldu\u011funu s\u00f6yl\u00fcyorlar.<\/p>\n<p>Ba\u015fl\u0131ca yolcu ve y\u00fck ta\u015f\u0131mac\u0131l\u0131\u011f\u0131 yap\u0131lan Ardino ve K\u0131rcaali aras\u0131nda ba\u015fka bir yol ve demiryolu hatt\u0131 bulunmad\u0131\u011f\u0131na g\u00f6re insanlar nas\u0131l hayatta kalabileceklerini merak ediyorlar. Ekonomi ona ba\u011fl\u0131d\u0131r. K\u00f6t\u00fc yol y\u00fcz\u00fcnden yurti\u00e7i ve yurtd\u0131\u015f\u0131ndan i\u015fadamlar\u0131 Rodoplara yat\u0131r\u0131m yapmaktan ka\u00e7\u0131n\u0131yorlar. Ardino \u0130l\u00e7esi sakinleri, kendilerinin de Bulgaristan Cumhuriyeti vatanda\u015f\u0131 olduklar\u0131 ve \u00e7ocuklar\u0131n\u0131n burada kalabilmesi i\u00e7in \u00e7al\u0131\u015fmak ve onurlu bir \u015fekilde ya\u015famak istedikleri konusunda hemfikirdir.<\/p><div id=\"bghab-2033252870\" class=\"bghab-icerik-icine bghab-entity-placement\"><script async src=\"\/\/pagead2.googlesyndication.com\/pagead\/js\/adsbygoogle.js?client=ca-pub-6203283170189293\" crossorigin=\"anonymous\"><\/script><ins class=\"adsbygoogle\" style=\"display:block; text-align:center;\" data-ad-client=\"ca-pub-6203283170189293\" \ndata-ad-slot=\"7303146466\" \ndata-ad-layout=\"in-article\"\ndata-ad-format=\"fluid\" data-full-width-responsive=\"true\"><\/ins>\n<script> \n(adsbygoogle = window.adsbygoogle || []).push({}); \n<\/script>\n<\/div>\n<p>&nbsp;<\/p>\n<p>K\u0131rcaali Haber<\/p>\n<div id=\"bghab-1222526302\" class=\"bghab-yazi-altinda bghab-entity-placement\"><div class=\"bghab-adlabel\">Reklamlar<\/div><script async src=\"https:\/\/pagead2.googlesyndication.com\/pagead\/js\/adsbygoogle.js\"><\/script>\r\n<!-- bghaber-yaz\u0131-sonu -->\r\n<ins class=\"adsbygoogle\"\r\n     style=\"display:block\"\r\n     data-ad-client=\"ca-pub-6203283170189293\"\r\n     data-ad-slot=\"4222328180\"\r\n     data-ad-format=\"auto\"\r\n     data-full-width-responsive=\"true\"><\/ins>\r\n<script>\r\n     (adsbygoogle = window.adsbygoogle || []).push({});\r\n<\/script><\/div><br style=\"clear: both; display: block; float: none;\"\/>","protected":false},"excerpt":{"rendered":"<p>Ulusal karayolu \u015febekesinin bir par\u00e7as\u0131 olan Ardino (E\u011fridere)- K\u0131rcaali karayolunun acilen onar\u0131lmas\u0131 i\u00e7in ba\u015flat\u0131lan toplu imza kampanyas\u0131na 24 saat i\u00e7inde 100\u2019\u00fcn \u00fczerinde ki\u015fi kat\u0131ld\u0131. Kampanya,<\/p>\n","protected":false},"author":29,"featured_media":28652,"comment_status":"closed","ping_status":"closed","sticky":false,"template":"","format":"standard","meta":{"advanced_seo_description":"","jetpack_seo_html_title":"","jetpack_seo_noindex":false,"_jetpack_memberships_contains_paid_content":false,"footnotes":""},"categories":[5],"tags":[],"class_list":["post-29165","post","type-post","status-publish","format-standard","has-post-thumbnail","hentry","category-yasam"],"jetpack_featured_media_url":"https:\/\/i0.wp.com\/www.bghaber.org\/bghaber\/wp-content\/uploads\/2018\/03\/bulgaristan-yollari.jpg?fit=668%2C473&ssl=1","jetpack_sharing_enabled":true,"jetpack_likes_enabled":true,"jetpack-related-posts":[],"jetpack_shortlink":"https:\/\/wp.me\/pc2PfJ-7Ap","_links":{"self":[{"href":"https:\/\/www.bghaber.org\/bghaber\/wp-json\/wp\/v2\/posts\/29165","targetHints":{"allow":["GET"]}}],"collection":[{"href":"https:\/\/www.bghaber.org\/bghaber\/wp-json\/wp\/v2\/posts"}],"about":[{"href":"https:\/\/www.bghaber.org\/bghaber\/wp-json\/wp\/v2\/types\/post"}],"author":[{"embeddable":true,"href":"https:\/\/www.bghaber.org\/bghaber\/wp-json\/wp\/v2\/users\/29"}],"replies":[{"embeddable":true,"href":"https:\/\/www.bghaber.org\/bghaber\/wp-json\/wp\/v2\/comments?post=29165"}],"version-history":[{"count":0,"href":"https:\/\/www.bghaber.org\/bghaber\/wp-json\/wp\/v2\/posts\/29165\/revisions"}],"wp:featuredmedia":[{"embeddable":true,"href":"https:\/\/www.bghaber.org\/bghaber\/wp-json\/wp\/v2\/media\/28652"}],"wp:attachment":[{"href":"https:\/\/www.bghaber.org\/bghaber\/wp-json\/wp\/v2\/media?parent=29165"}],"wp:term":[{"taxonomy":"category","embeddable":true,"href":"https:\/\/www.bghaber.org\/bghaber\/wp-json\/wp\/v2\/categories?post=29165"},{"taxonomy":"post_tag","embeddable":true,"href":"https:\/\/www.bghaber.org\/bghaber\/wp-json\/wp\/v2\/tags?post=29165"}],"curies":[{"name":"wp","href":"https:\/\/api.w.org\/{rel}","templated":true}]}}