{"id":29163,"date":"2018-04-01T09:43:52","date_gmt":"2018-04-01T06:43:52","guid":{"rendered":"http:\/\/www.bghaber.org\/bghaber\/?p=29163"},"modified":"2018-04-01T11:43:32","modified_gmt":"2018-04-01T08:43:32","slug":"bulgaristanda-maskeler-dustu","status":"publish","type":"post","link":"https:\/\/www.bghaber.org\/bghaber\/bulgaristanda-maskeler-dustu\/","title":{"rendered":"Bulgaristan&#8217;da maskeler d\u00fc\u015ft\u00fc"},"content":{"rendered":"<p>Rafet ULUT\u00dcRK<\/p>\n<p>Tarih: 01 Nisan 2018 Bir nisan \u015fakas\u0131 de\u011fil ger\u00e7ekler.<\/p>\n<p><strong>Konu: Bulgaristan\u00a0Siyasi kriz i\u00e7inde tepindik\u00e7e bat\u0131yor. . .<\/strong><\/p>\n<p>D\u00fcnyada herhangi bir devletin ekonomisi Rusya ile yak\u0131n i\u015fbirli\u011fi ba\u011flar\u0131 i\u00e7inde bulunuyorsa, \u015fu d\u00f6nem \u00e7ok dikkat etmelidir. Kimyasal bir gazla zehirlendi\u011fi, bu \u00f6ld\u00fcr\u00fcc\u00fc gaz\u0131n da Rusya\u2019dan getirildi\u011fi \u00a0iddia edilen <strong>\u201cSkripal\u201d<\/strong> olay\u0131ndan sonra, \u00e7\u0131\u011f gibi geli\u015fen diplomatik skandalda \u0130ngiltere\u2019ye kat\u0131lan ve dayan\u0131\u015fma g\u00f6steren devletlerin say\u0131s\u0131 g\u00f6r\u00fcnmemi\u015f bir h\u0131zla art\u0131yor.<\/p>\n<p>NATO ve Avrupa Konseyi\u2019nin Rusya\u2019ya kar\u015f\u0131 yapt\u0131r\u0131mlar\u0131n\u0131n daha da \u015fiddetlenmesi kararlar\u0131na kat\u0131lan, Moskova B\u00fcy\u00fck-el\u00e7ili\u011fini ancak dan\u0131\u015fmada bulunmak i\u00e7in geri \u00e7eken ve 3 ay sonra geri g\u00f6nderece\u011fini a\u00e7\u0131klayan Bulgaristan Bakanlar Kurulu, \u015fimdilik yeni ad\u0131m atmaya kararl\u0131 de\u011fil..<\/p><div id=\"bghab-3989620161\" class=\"bghab-icerik-icine bghab-entity-placement\"><script async src=\"\/\/pagead2.googlesyndication.com\/pagead\/js\/adsbygoogle.js?client=ca-pub-6203283170189293\" crossorigin=\"anonymous\"><\/script><ins class=\"adsbygoogle\" style=\"display:block; text-align:center;\" data-ad-client=\"ca-pub-6203283170189293\" \ndata-ad-slot=\"7303146466\" \ndata-ad-layout=\"in-article\"\ndata-ad-format=\"fluid\" data-full-width-responsive=\"true\"><\/ins>\n<script> \n(adsbygoogle = window.adsbygoogle || []).push({}); \n<\/script>\n<\/div>\n<p>Bu karar, Bulgaristan h\u00fckumetini ayakta tuttu. S\u00f6zde <strong>\u201cYurtsever Birli\u011fi\u201d<\/strong> diplomatlar\u0131m\u0131z\u0131 geri \u00e7ekmemiz ve Sofya\u2019daki Rus diplomatlar\u0131ndan baz\u0131lar\u0131n\u0131 \u201c<strong>casus<\/strong>\u201d ilan edip geri g\u00f6ndermemizin ard\u0131ndan h\u00fckumetten ayr\u0131lacaklar\u0131n\u0131 a\u00e7\u0131klam\u0131\u015ft\u0131.<\/p>\n<p>Avrupa Konseyi d\u00f6nem ba\u015fkanl\u0131\u011f\u0131n\u0131 yapan Ba\u015fbakan Boyko Borisov yeni diplomasi krizinde, hem Ba\u015fbakanl\u0131ktan hem de AK d\u00f6nem Ba\u015fkanl\u0131\u011f\u0131ndan ayr\u0131lmak zorunda kalacakt\u0131. Bulgaristan&#8217;da H\u00fckumette d\u00fc\u015fecekti. A\u015f\u0131r\u0131 gericilerin h\u00fckumeti d\u00fc\u015f\u00fcrmesi \u015feklinde yorumlanacak olan bu hareket, Avrupa Birli\u011fi i\u00e7inde \u00e7ok b\u00fcy\u00fck bir skandal do\u011furabilir. Hatta \u201c<strong>Bat\u0131 Balkanlar<\/strong>\u201d plan\u0131 daha tart\u0131\u015fma masas\u0131ndayken suya d\u00fc\u015febilir. \u00d6n\u00fcm\u00fczdeki g\u00fcnlere dikkat&#8230;<\/p>\n<p>Yedek planda, g\u00fcya \u201c<strong>Yurtseverler<\/strong>\u201d \u2013 yani a\u015f\u0131r\u0131 milliyet\u00e7iler Sosyalistlerle ve \u201cVolya\u201d (\u0130rade) partisiyle ortakl\u0131k kurup yeni bir h\u00fckumet kurmay\u0131 kabul etmi\u015flerdi. Sosyalistler, a\u015f\u0131r\u0131 milliyet\u00e7iler gibi Rusya ile ili\u015fkilerin bozulmas\u0131n\u0131 istemiyor. Avrupa Konseyi d\u00f6nem toplant\u0131lar\u0131 devam ederken erken genel se\u00e7ime gitmenin politik \u00e7\u00f6k\u00fc\u015f yarataca\u011f\u0131 g\u00f6r\u00fc\u015f\u00fcnde birle\u015fen kamuoyu, p\u00fcr dikkat durum de\u011ferlendirmesi yap\u0131yor. Bu g\u00fcn erken se\u00e7ime gitseler de pek bir \u015fey de\u011fi\u015fmez daha da k\u00f6t\u00fc olma ihtimali daha da y\u00fcksek.<\/p>\n<p>Bu olay, Bulgaristan vatanda\u015flar\u0131n\u0131n % 80\u2019inin Rusya\u2019ya sempati besledi\u011fini ortaya koydu. \u201c<strong>\u0130ngiltere\u2019yi destekliyoruz ve onunla dayan\u0131\u015fma halindeyiz<\/strong>\u201d fakat Rus \u201c<strong>casuslar\u0131n\u0131<\/strong>\u201d <strong>kovmayaca\u011f\u0131z<\/strong>\u201d s\u00f6zleri b\u00fcy\u00fck kitleye sanki rahat bir nefes ald\u0131rd\u0131.<\/p>\n<p>Ruslar\u0131n d\u0131\u015f \u00fclkelerde casus yemleme stratejisi \u201c<strong>\u00fc\u00e7\u00fcnc\u00fc ku\u015fakta<\/strong>\u201d uyand\u0131rma uygulamas\u0131yla \u00e7al\u0131\u015f\u0131r. 1878\u2019den beri Bulgaristan\u2019da Rus ailelerin veya kar\u0131\u015f\u0131k ailelerin \u00e7ocuklar\u0131 do\u011fuyor, art\u0131k be\u015finci ve alt\u0131nc\u0131 ku\u015faktan s\u00f6z edebiliriz, bunlar\u0131n hepsi Bulgaristan vatanda\u015f\u0131d\u0131r, ajanlar ve istasyon \u015fefleri hepsi Bulgaristanl\u0131-d\u0131r.<\/p><div id=\"bghab-2496705117\" class=\"bghab-icerik-icine-10-paragraf bghab-entity-placement\"><script async src=\"\/\/pagead2.googlesyndication.com\/pagead\/js\/adsbygoogle.js?client=ca-pub-6203283170189293\" crossorigin=\"anonymous\"><\/script><ins class=\"adsbygoogle\" style=\"display:block; text-align:center;\" data-ad-client=\"ca-pub-6203283170189293\" \ndata-ad-slot=\"7303146466\" \ndata-ad-layout=\"in-article\"\ndata-ad-format=\"fluid\" data-full-width-responsive=\"true\"><\/ins>\n<script> \n(adsbygoogle = window.adsbygoogle || []).push({}); \n<\/script>\n<\/div>\n<p>Rus ajanlar\u0131na dokunmama karar\u0131, asl\u0131nda Bulgaristan&#8217;\u0131 Avrupa Birli\u011fi ve NATO\u2019dan uzakla\u015ft\u0131rd\u0131 ve biraz daha kopard\u0131. Bu karar, iktidar partisi olan Bulgaristan&#8217;\u0131n Avrupa Vatanda\u015flar\u0131 GERB partisi ile Sosyalist Parti (BSP) nin d\u0131\u015f siyaset konular\u0131nda ayn\u0131 davulu \u00e7ald\u0131klar\u0131n\u0131 g\u00f6sterdi. <strong>B\u00f6ylece GERB ile BSP\u2019nin d\u0131\u015f politik konular\u0131nda gizli ortakl\u0131k i\u00e7inde oldu\u011funu da kan\u0131tlad\u0131.<\/strong> Bunun ger\u00e7ek anlam\u0131, Todor Jivkov partisi Bulgaristan Kom\u00fcnist Partisi (BKP) partisinin GERB i\u00e7indeki kanad\u0131 ile BSP i\u00e7indeki kanad\u0131n\u0131n \u00e7ok s\u0131k\u0131 temas ve g\u00f6r\u00fc\u015f birli\u011fi i\u00e7inde olduklar\u0131na da i\u015faret etmi\u015f oldu.<\/p>\n<p>BSP\u2019nin izledi\u011fi reel siyaset Bulgaristan&#8217;\u0131 NATO ve AB\u2019den koparmay\u0131 ama\u00e7larken, Borisov h\u00fckumetinin ald\u0131\u011f\u0131 karar da \u00fclkeyi Br\u00fcksel\u2019den biraz uzakla\u015ft\u0131rmay\u0131 ba\u015fard\u0131.\u00a0 Al\u0131nan karar \u015funlara da i\u015faret etmi\u015f oldu:<\/p>\n<p><em><strong>1- Alt\u0131 ayl\u0131k AK Ba\u015fkanl\u0131\u011f\u0131 s\u00fcresinde, Boyko Borisov\u2019ta Bat\u0131 Balkanlar\u0131n lideri olma hevesi uyand\u0131rd\u0131.<\/strong><\/em><\/p>\n<p><em><b>2- Bulgaristan&#8217;\u0131n\u00a0\u00f6nc\u00fcl\u00fc\u011f\u00fcnde ve giri\u015fimleriyle Makedonya, Karada\u011f ve Arnavutluk gibi \u00fclkelerde AB \u00fcyeli\u011fi d\u00fc\u015f\u00fc uyand\u0131 ve Borisov\u2019ta ise <\/b><\/em><b>\u201c<\/b><b>ben bunlar\u0131n ipini \u00e7ekerim<\/b><b>\u201d<\/b><em><b> fikri alevlendi. Bunun alt\u0131nda Borisov\u2019un Balkanlar\u0131n B\u00fcy\u00fck lideri olma hesaplar\u0131 da sakl\u0131d\u0131r.<\/b><\/em><\/p>\n<p><strong>Demek oluyor ki, Bulgar siyaset adamlar\u0131n\u0131n ve siyasetinin ger\u00e7ek maskesi art\u0131k d\u00fc\u015ft\u00fc.<\/strong><\/p><div id=\"bghab-4284227738\" class=\"bghab-icerik-icine-15-paragraf bghab-entity-placement\"><script async src=\"\/\/pagead2.googlesyndication.com\/pagead\/js\/adsbygoogle.js?client=ca-pub-6203283170189293\" crossorigin=\"anonymous\"><\/script><ins class=\"adsbygoogle\" style=\"display:block; text-align:center;\" data-ad-client=\"ca-pub-6203283170189293\" \ndata-ad-slot=\"7303146466\" \ndata-ad-layout=\"in-article\"\ndata-ad-format=\"fluid\" data-full-width-responsive=\"true\"><\/ins>\n<script> \n(adsbygoogle = window.adsbygoogle || []).push({}); \n<\/script>\n<\/div>\n<p><strong><em>\u015e\u00f6yle bir hat\u0131rlatma yapmak istiyorum;<\/em><\/strong><\/p>\n<p>Kosova olaylar\u0131 ba\u015flad\u0131\u011f\u0131nda NATO Yugoslavya\u2019da Milo\u015fovi\u00e7 rejimini bombal\u0131yordu. O zaman Rusya Bulgaristan\u2019da u\u00e7aklar\u0131 i\u00e7in u\u00e7u\u015f sahas\u0131 istemi\u015fti. 38. Halk Meclisi bu iste\u011fi onaylamad\u0131. Rus u\u00e7aklar\u0131na Bulgaristan \u00fczerinden u\u00e7ma yasa\u011f\u0131 getirildi. Bu harekete yan\u0131t olarak Bulgaristan NATO (2004) ve AB\u2019ye (2007) kabul edildi. O zaman Bulgaristan&#8217;\u0131n Ba\u015fbakan\u0131 Boyko Borisov olsayd\u0131, Halk Meclisi bile\u015fimi de \u015fimdiki gibi olsayd\u0131, Bulgaristan NATO ve AB\u2019ye asla \u00fcye al\u0131nmazd\u0131.<\/p>\n<p>Bu konularda halen dilini yutan Ahmet Do\u011fan ve Mustafa Karaday\u0131 d\u00fceti, d\u00fcnya sava\u015fa gidiyor savsakl\u0131\u011f\u0131 ile vatanda\u015flar\u0131m\u0131z\u0131 yanl\u0131\u015f y\u00f6nlendirmekten vazge\u00e7sinler ve g\u00f6bekten ba\u011flanm\u0131\u015f olduklar\u0131 totaliter diktac\u0131 kadro zincirinden kopmak bir yana daha iyi k\u00f6lelik nas\u0131l yapar\u0131z derdindeler. Bulgaristan T\u00fcrkleri i\u00e7in bu bir zorunluluktur. <strong>Bulgaristan&#8217;da maskeler d\u00fc\u015ft\u00fc<\/strong>.<\/p>\n<p><strong>Bulgaristan s\u0131rat k\u00f6pr\u00fcs\u00fcnden ge\u00e7iyor. Do\u011fru yolu se\u00e7emezse AB\u2019den at\u0131lan ilk \u00fclke olabilir.<\/strong><\/p>\n<p>23 Rus diplomat\u0131n\u0131 Londra\u2019dan kovan \u0130ngiltere h\u00fckumetine Moskova\u2019dan gelen cevap \u201c<strong>50 diplomat\u0131n\u0131z\u0131<\/strong>\u201d \u00e7ekin oldu. TASS ajans\u0131, Sankt Peterburg\u2019daki \u0130ngiliz Konsoloslu\u011fu,\u00a0 Rusya Federasyonu\u2019ndaki Britanya Konseyi kapand\u0131 haberini verdi.<\/p><div id=\"bghab-1057884754\" class=\"bghab-icerik-icine-20-paragraf bghab-entity-placement\"><script async src=\"\/\/pagead2.googlesyndication.com\/pagead\/js\/adsbygoogle.js?client=ca-pub-6203283170189293\" crossorigin=\"anonymous\"><\/script><ins class=\"adsbygoogle\" style=\"display:block; text-align:center;\" data-ad-client=\"ca-pub-6203283170189293\" \ndata-ad-slot=\"7303146466\" \ndata-ad-layout=\"in-article\"\ndata-ad-format=\"fluid\" data-full-width-responsive=\"true\"><\/ins>\n<script> \n(adsbygoogle = window.adsbygoogle || []).push({}); \n<\/script>\n<\/div>\n<p>Bulgar siyaset bilimcisi Prof. Evgeni Dynov, \u201c<b>Y\u00f6netimde bulunanlar el ele vermi\u015fler ve Bulgaristan&#8217;\u0131\u00a0bat\u0131dan koparmaya ve dolay\u0131s\u0131yla Rusya\u2019ya ba\u011flamaya<\/b>\u201d \u00e7al\u0131\u015f\u0131yor, dedi.<\/p>\n<p>Eski Rus ajan\u0131 \u201c<strong>Skripal ve k\u0131z\u0131n\u0131n<\/strong>\u201d Londra\u2019da zehirlenmesi ve Bat\u0131 \u00fclkelerinin ortak hareketlerinde a\u011f\u0131r ve gev\u015feklikle tav\u0131r ald\u0131\u011f\u0131na de\u011finen Prof. E. Daynov \u015funlar\u0131 yaz\u0131yor:<\/p>\n<p><em>\u201cRusya sald\u0131rganl\u0131\u011f\u0131n\u0131n \u015fiddetlendi\u011fini g\u00f6rmeyen kalmad\u0131. 2008\u2019de Rus birlikleri G\u00fcrcistan\u2019a sald\u0131rd\u0131. Abhazya ve G\u00fcney Osetya\u2019y\u0131 kopard\u0131lar ve b\u00f6lgesel himaye sa\u011flad\u0131lar. Bat\u0131 bu sald\u0131r\u0131ya kar\u015f\u0131 g\u00fcr\u00fclt\u00fc kald\u0131rd\u0131. Ama bir \u015fey yap(a)mad\u0131. Sonra yutkundu. Birka\u00e7 y\u0131l sonra Rus askerileri K\u0131r\u0131n\u2019\u0131 Ukrayna\u2019dan kopard\u0131lar. K\u0131r\u0131m, Mariopol, Dombas ku\u015fa\u011f\u0131 Rusya\u2019ya ba\u011fland\u0131. Ard\u0131ndan Rusya Odesa\u2019y\u0131 da yutmak istedi. Rus ordusu Romanya s\u0131n\u0131r\u0131na \u00e7\u0131kmak istedi. Ukrayna\u2019n\u0131n denize \u00e7\u0131k\u0131\u015f\u0131 kalmayacakt\u0131. Bu defa Bat\u0131\u2019dan y\u00fcksek sesli tepkiler geldi. Ama yine her \u015fey sesli tepkide kald\u0131. Rus plan\u0131 bu g\u00fcr\u00fclt\u00fcl\u00fc tepki y\u00fcz\u00fcnden de\u011fil, Mariopol \u015fehri halk\u0131n\u0131n her evi her soka\u011f\u0131 savunmak i\u00e7in a\u015f\u0131lmaz bir plan haz\u0131rlamas\u0131 sald\u0131rgan\u0131 durdurdu. Odasa\u2019y\u0131 ele ge\u00e7irme plan\u0131 da ba\u015far\u0131s\u0131z oldu. Odesa halk\u0131 Rus askerinin \u00e7izmesinin nal\u00e7al\u0131 alt\u0131nda ezilmek istemedi\u011fini g\u00f6sterdi. Bir s\u00fcre sonra Ruslar Kara Da\u011fda askeri darbe yapmay\u0131 denedi, fakat bu da tutmad\u0131. Burada da Karada\u011fl\u0131lar darbecilerle kendi g\u00fc\u00e7leriyle ba\u015fa \u00e7\u0131kt\u0131lar. Bu olaylarda Bat\u0131 hep g\u00f6zlerini ka\u00e7\u0131rd\u0131 ve derlenip toparlanamad\u0131&#8221;.<\/em><\/p>\n<p>Bat\u0131n\u0131n bu a\u011f\u0131rdan alan tutumu yeni de\u011fildir. 1930\u2019lu y\u0131llarda Hitler ve Musolini di\u011fer \u00fclkelerden toprak ilhak etmeye ba\u015fland\u0131\u011f\u0131nda da b\u00f6yle bir gev\u015feklik hakimdi. Polonya\u2019n\u0131n i\u015fgal edilmesinden ve Almanlar\u0131n Fransa\u2019ya dalmas\u0131ndan sonra uyan\u0131\u015f ve f\u0131rt\u0131na ba\u015flad\u0131.<\/p>\n<p>\u201cSkripal ve K\u0131z\u0131 Yulya\u201d bir b\u00fcy\u00fck, geli\u015fmi\u015f ve \u00f6nde gelen Bat\u0131 devletinde, \u201cBOV\u201d adl\u0131 bir kimyasal sava\u015f silah\u0131yla zehirlenmi\u015ftir.\u201cBOV\u201d d\u00fcnyada yasak bir silaht\u0131r. Ordular bunu ancak sava\u015fta kullanabilirlerdi. Ge\u00e7en hafta Bat\u0131 demokrasisi bir sava\u015f silah\u0131yla ve kendi devletlerinde sald\u0131r\u0131ya u\u011frad\u0131klar\u0131n\u0131 g\u00f6r\u00fcnce \u00e7ok k\u0131zd\u0131lar. \u201c<strong>Hadi yeter art\u0131k bu kadar<\/strong>\u201d diyerek hiddetlendiler. \u0130kinci D\u00fcnya Sava\u015f\u0131 y\u0131llardan beri Bat\u0131 \u00fclkelerinin etraf\u0131nda dola\u015f\u0131yordu sava\u015f.Bu kez evlerinin i\u00e7ine girmi\u015fti. Bug\u00fcn\u00fcn kurban\u0131 \u0130ngilizler, yar\u0131n bize yap\u0131labilir, dediler ve birle\u015ftiler.<\/p><div id=\"bghab-3646047414\" class=\"bghab-icerik-icine-25-paragraf bghab-entity-placement\"><script async src=\"\/\/pagead2.googlesyndication.com\/pagead\/js\/adsbygoogle.js?client=ca-pub-6203283170189293\" crossorigin=\"anonymous\"><\/script><ins class=\"adsbygoogle\" style=\"display:block; text-align:center;\" data-ad-client=\"ca-pub-6203283170189293\" \ndata-ad-slot=\"7303146466\" \ndata-ad-layout=\"in-article\"\ndata-ad-format=\"fluid\" data-full-width-responsive=\"true\"><\/ins>\n<script> \n(adsbygoogle = window.adsbygoogle || []).push({}); \n<\/script>\n<\/div>\n<p><strong>\u0130\u015fte b\u00f6yle bir anda Boyko Borisov h\u00fckumeti dayan\u0131\u015fma \u00e7izgisinden yan \u00e7izdi.\u00a0<\/strong><strong>Avrupa Birli\u011fi ve Birle\u015fik Amerika\u2019dan Rus diplomatlar\u0131n\u0131n kovulmas\u0131 b\u00f6yle anla\u015f\u0131lmal\u0131d\u0131r.<\/strong><\/p>\n<p>Bulgar devlet ve h\u00fckmet y\u00f6neticilerinin \u015fu g\u00fcnlerde alaca\u011f\u0131 kesin kararlar \u00fclkenin \u00f6n\u00fcm\u00fczdeki 30 \u2013 50 y\u0131lda izleyece\u011fi siyaset \u00e7izgisini belirleyecektir. \u015eu anda g\u00f6rebildi\u011fimiz Rus\u00e7u totaliter-kom\u00fcnist tabakan\u0131n birbirine kenetlenmeleridir. Bat\u0131dan uzakla\u015fma planlar\u0131 hezimete g\u00f6t\u00fcrebilir. Bulgar y\u00f6neticileri Bulgar halk\u0131n\u0131 Rusya kanad\u0131 alt\u0131na toplamaya gayret ediyor.\u00a0 Gerek\u00e7e olarak \u201c<strong>bilgiler eksik<\/strong>\u201d denmesi de inand\u0131r\u0131c\u0131 gelmiyor, \u00e7\u00fcnk\u00fc 30 \u00fclkenin elinde bilgi var da, bir tek Bulgaristan habersiz yakaland\u0131.<\/p>\n<p>Gelecek hafta uluslararas\u0131 laboratuarlardan \u201cBOV\u201d zehirli gaz\u0131 ile ilgili analiz ve deney sonu\u00e7lar\u0131 geldi\u011finde, \u201c<strong>bilgi yetersizli\u011fi<\/strong>\u201d sorunu kendili\u011finden ortadan kalk\u0131nca ne olacak?<\/p>\n<p>B. Borisov h\u00fckumetini Avrupa Birli\u011fi komiserleri geri \u00e7evirip, \u201c<strong>ilk karar\u0131nla do\u011fru yolu bulamad\u0131n\u0131z, hadi bakal\u0131m \u015fu s\u0131rat k\u00f6pr\u00fcs\u00fcnden bir daha ge\u00e7in<\/strong>\u201d dediklerinde ne olacak?<\/p>\n<p>\u0130stenen Bulgaristan&#8217;\u0131n gelece\u011fi ile ilgili do\u011fru politik karar al\u0131nmas\u0131d\u0131r. \u015eu anda, dikkati \u00e7eken Cumhurba\u015fkan\u0131 se\u00e7imlerinden (13 Kas\u0131m 2016) sonra ilk kez Cumhurba\u015fkan\u0131 Rumen Radev, Ba\u015fbakan Boyko Borisov ve muhalefet lideri Kurnelya Ninova\u2019n\u0131n siyasi bunal\u0131m konusunda ip gibi <strong>bir s\u0131raya dizilmi\u015f olmalar\u0131d\u0131r<\/strong> ve Ahmet Do\u011fan\u2019\u0131n da ge\u00e7en hafta kutlad\u0131\u011f\u0131 do\u011fum g\u00fcn\u00fc mesaj\u0131nda \u201c<strong>ben de yan\u0131n\u0131zday\u0131m<\/strong>\u201d demesi ve her \u00e7orbada tuz olmaya \u00e7al\u0131\u015fan ve hemen TV ekran\u0131na \u00e7\u0131kan, Bulgaristan T\u00fcrkleri ad\u0131na konu\u015fuyorum havalar\u0131na giren Osman Oktay\u2019\u0131n da ipleri ve \u015fi\u015fleri birbirine kar\u0131\u015ft\u0131rarak bir \u015feyler s\u00f6ylemeye \u00e7al\u0131\u015fmas\u0131d\u0131r. Eski hamam eski tas art\u0131k i\u015fe pek yaram\u0131yor. Bu g\u00fcn Bulgaristan&#8217;da ne s\u00f6ylerlerse s\u00f6ylesinler, kafalar\u0131nda u\u011fuldayan Bat\u0131dan kopmak ve Rusya kuca\u011f\u0131na d\u00fc\u015fmektir i\u015fte ger\u00e7ek durum bu. Rusya B\u00fcy\u00fckel\u00e7ili\u011finden ald\u0131klar\u0131 kutlamalar da hepsini y\u00fcreklendiriyor. \u015eimdilik&#8230;<\/p><div id=\"bghab-2321527425\" class=\"bghab-icerik-icine-30-paragraf bghab-entity-placement\"><script async src=\"\/\/pagead2.googlesyndication.com\/pagead\/js\/adsbygoogle.js?client=ca-pub-6203283170189293\" crossorigin=\"anonymous\"><\/script><ins class=\"adsbygoogle\" style=\"display:block; text-align:center;\" data-ad-client=\"ca-pub-6203283170189293\" \ndata-ad-slot=\"7303146466\" \ndata-ad-layout=\"in-article\"\ndata-ad-format=\"fluid\" data-full-width-responsive=\"true\"><\/ins>\n<script> \n(adsbygoogle = window.adsbygoogle || []).push({}); \n<\/script>\n<\/div>\n<p>Ad\u0131 ge\u00e7en t\u00fcm bu liderlerin su i\u00e7ti\u011fi Bol\u015fevik ideolojinin en \u00f6nemli eserlerinden biri olan V.\u0130. Lenin\u2019in <strong>\u201cs\u0131\u00e7an\u0131n gizlendi\u011fi delik\u201d<\/strong> son g\u00fcnlerde akt\u00fcel oldu. \u0130kisi de s\u0131\u00e7an\u0131 yakalamak isteyen Ba\u015fbakan Borisov ile muhalefet lideri Ninova, bir a\u011f\u0131zdan konu\u015fmaya ba\u015flad\u0131lar ve T\u00fcrkiye ile AB aras\u0131nda Varna g\u00f6r\u00fc\u015fmesinde \u201c<strong>ev sahibi<\/strong>\u201d ve bir yere kadar da \u201c<strong>arac\u0131<\/strong>\u201d olduklar\u0131 gibi, \u015fimdi de Rusya ile Bat\u0131 aras\u0131nda \u00a0\u201c<strong>k\u00f6pr\u00fc<\/strong>\u201d veya \u201c<strong>arac\u0131<\/strong>\u201d olmak istiyorlar. Tabi ki, onlar\u0131n bu kutsal niyetleri propaganda yalanlar\u0131 i\u00e7inde g\u00f6r\u00fclm\u00fcyor, s\u0131\u00e7an gibi deliklerin birinde saklan\u0131yor. Askerler k\u00f6pr\u00fcleri ate\u015f a\u00e7arak nas\u0131lsa ge\u00e7er, ama Bulgaristan&#8217;\u0131n Rusya ile Bat\u0131 aras\u0131nda \u201c<strong>arac\u0131<\/strong>\u201d olmas\u0131 g\u00fcl\u00fcn\u00e7 de\u011fil mi?! Bir de orta\u2019da en fazla Rus diplomat\u0131 kovalayan ABD var. \u00dcst\u00fcne \u00fcstelik Bulgaristan AB ve NATO \u00fcyesi. Bu i\u015fte hem Bat\u0131 hem de Rusya d\u0131\u015f\u0131ndan bir devlet olabilir. Biz 2004\u2019ten beri Bat\u0131n\u0131n i\u00e7indeniz, b\u00fct\u00fcn kademelerinde yer al\u0131yoruz. \u00c7ocuklar\u0131m\u0131z Bat\u0131da okuyor. Ekonomimiz Bat\u0131ya ba\u011fl\u0131. Art\u0131k istesenizde istemesenizde Avrupa parlamentosundan bir par\u00e7ay\u0131z. Bu durumda nas\u0131l olur da \u201c<strong>ara-bulucu<\/strong>\u201d olabiliriz?<\/p>\n<p>Biz bu konuyu ters y\u00f6nden yorumlarsak. Bug\u00fcnk\u00fc y\u00f6neticilerimiz Bulgaristan&#8217;\u0131 Bat\u0131\u2019n\u0131n g\u00f6z\u00fcnden d\u00fc\u015f\u00fcrmek ve Rusya\u2019n\u0131n kollar\u0131 aras\u0131na atmak istiyorlar, i\u015fte bunu net diyebilirim. A. Do\u011fan ve O. Oktay\u2019in \u201c<strong>biz de Rus\u00e7uyuz<\/strong>\u201d demesine ba\u015fka anlam verilemez.<\/p>\n<p>GERB\u2019in Avrupa Halk Partilerini, BSP\u2019nin Avrupa sosyalistleri ve DPS\u2019nin de Liberaller memesinden emdi\u011fini unutmayal\u0131m. Amerika, \u201c<strong>Mig sava\u015f u\u00e7aklar\u0131yla i\u015fi olanlar\u0131n hepsi yapt\u0131r\u0131mlar kapsam\u0131na al\u0131nacak<\/strong>\u201d demesine ra\u011fmen, u\u00e7aklar\u0131m\u0131z\u0131 Moskova\u2019ya onar\u0131ma g\u00f6ndermemiz de kendili\u011finden buna i\u015faret etmiyor mu? Sava\u015f u\u00e7aklar\u0131m\u0131z\u0131 Rusya\u2019da onard\u0131m\u0131za g\u00f6re, Bulgaristan yapt\u0131r\u0131mlara haz\u0131rd\u0131r. Bunu bize dayatan ise, \u00fclkemizde askeri \u00fcsleri bulunan ve \u201c<strong>en b\u00fcy\u00fck m\u00fcttefikimiz olan<\/strong>\u201d ABD\u2019dir. Yapacak bir \u015fey yok. Her \u015fey Arap sa\u00e7\u0131 oldu.<\/p>\n<p><strong>Benim kendi kendime sordu\u011fum tek bir soru var.<\/strong><\/p>\n<p>\u201c<strong>Devlete ihanet nedir<\/strong>?\u201d\u00a0 Bu sorunun cevab\u0131n\u0131 bir t\u00fcrl\u00fc bulam\u0131yorum. Bat\u0131n\u0131n \u00a0Rus sald\u0131r\u0131s\u0131na kar\u015f\u0131 haz\u0131rl\u0131klara ba\u015flad\u0131\u011f\u0131 \u015fu g\u00fcnlerde, Bulgar liderlerinin tavr\u0131na ne diyelim?<\/p><div id=\"bghab-3716660261\" class=\"bghab-icerik-icine-35-paragraf bghab-entity-placement\"><script async src=\"\/\/pagead2.googlesyndication.com\/pagead\/js\/adsbygoogle.js?client=ca-pub-6203283170189293\" crossorigin=\"anonymous\"><\/script><ins class=\"adsbygoogle\" style=\"display:block; text-align:center;\" data-ad-client=\"ca-pub-6203283170189293\" \ndata-ad-slot=\"7303146466\" \ndata-ad-layout=\"in-article\"\ndata-ad-format=\"fluid\" data-full-width-responsive=\"true\"><\/ins>\n<script> \n(adsbygoogle = window.adsbygoogle || []).push({}); \n<\/script>\n<\/div>\n<p>\u015eu da asla unutulmamal\u0131d\u0131r. Bat\u0131 ihaneti af etmez. Sonra \u015fu da ak\u0131llarda tazedir. 3 hafta \u00f6nce Bat\u0131n\u0131n \u0131srar\u0131na ra\u011fmen \u0130stanbul S\u00f6zle\u015fmesini meclisten geri \u00e7ektik. \u015eu da var, Bat\u0131 ile insan haklar\u0131 konusunda imzalad\u0131\u011f\u0131m\u0131z anla\u015fmalar\u0131n hi\u00e7 biri Bulgaristan meclisinde de\u011fi\u015fiksiz onaylanmad\u0131. Okullarda T\u00fcrk\u00e7e dersleri bu y\u00fczden zorunlu olamad\u0131. Radyo ve TV programlar\u0131m\u0131z\u0131 a\u00e7amad\u0131k. K\u00fclt\u00fcr\u00fcm\u00fcz sakat kald\u0131 vb. Bulgaristan nereye gidiyor? Bilen g\u00f6ren var m\u0131?<\/p>\n<p>Bulgarcada <strong>\u201cbir torba tuz ve 100 kam \u015f\u0131k masal\u0131\u201d<\/strong> var. Burada anlatsam do\u011fru olurdu ama \u00e7ok uzayacak. Gelecek haftaya devam ederiz. S\u0131rat k\u00f6pr\u00fcs\u00fcnden ge\u00e7erken devletlerin ve insanlar\u0131n kaderi bir anda de\u011fi\u015febilir\u2026<\/p>\n<p>Okudu\u011funuz i\u00e7in te\u015fekk\u00fcr ederim.<\/p>\n<p>Payla\u015fmay\u0131 ihmal etmeyiniz.<\/p>\n<p>Siyaseti birlikte izleyelim.<\/p><div id=\"bghab-1439516875\" class=\"bghab-icerik-icine-40-paragraf bghab-entity-placement\"><script async src=\"\/\/pagead2.googlesyndication.com\/pagead\/js\/adsbygoogle.js?client=ca-pub-6203283170189293\" crossorigin=\"anonymous\"><\/script><ins class=\"adsbygoogle\" style=\"display:block; text-align:center;\" data-ad-client=\"ca-pub-6203283170189293\" \ndata-ad-slot=\"7303146466\" \ndata-ad-layout=\"in-article\"\ndata-ad-format=\"fluid\" data-full-width-responsive=\"true\"><\/ins>\n<script> \n(adsbygoogle = window.adsbygoogle || []).push({}); \n<\/script>\n<\/div>\n<div id=\"bghab-3065102090\" class=\"bghab-yazi-altinda bghab-entity-placement\"><div class=\"bghab-adlabel\">Reklamlar<\/div><script async src=\"https:\/\/pagead2.googlesyndication.com\/pagead\/js\/adsbygoogle.js\"><\/script>\r\n<!-- bghaber-yaz\u0131-sonu -->\r\n<ins class=\"adsbygoogle\"\r\n     style=\"display:block\"\r\n     data-ad-client=\"ca-pub-6203283170189293\"\r\n     data-ad-slot=\"4222328180\"\r\n     data-ad-format=\"auto\"\r\n     data-full-width-responsive=\"true\"><\/ins>\r\n<script>\r\n     (adsbygoogle = window.adsbygoogle || []).push({});\r\n<\/script><\/div><br style=\"clear: both; display: block; float: none;\"\/>","protected":false},"excerpt":{"rendered":"<p>Rafet ULUT\u00dcRK Tarih: 01 Nisan 2018 Bir nisan \u015fakas\u0131 de\u011fil ger\u00e7ekler. Konu: Bulgaristan\u00a0Siyasi kriz i\u00e7inde tepindik\u00e7e bat\u0131yor. . . D\u00fcnyada herhangi bir devletin ekonomisi Rusya<\/p>\n","protected":false},"author":13,"featured_media":22687,"comment_status":"closed","ping_status":"closed","sticky":false,"template":"","format":"standard","meta":{"advanced_seo_description":"","jetpack_seo_html_title":"","jetpack_seo_noindex":false,"_jetpack_memberships_contains_paid_content":false,"footnotes":""},"categories":[6],"tags":[],"class_list":["post-29163","post","type-post","status-publish","format-standard","has-post-thumbnail","hentry","category-yorum"],"jetpack_featured_media_url":"https:\/\/i0.wp.com\/www.bghaber.org\/bghaber\/wp-content\/uploads\/2017\/04\/rafet-uluturk.jpg?fit=132%2C177&ssl=1","jetpack_sharing_enabled":true,"jetpack_likes_enabled":true,"jetpack-related-posts":[],"jetpack_shortlink":"https:\/\/wp.me\/pc2PfJ-7An","_links":{"self":[{"href":"https:\/\/www.bghaber.org\/bghaber\/wp-json\/wp\/v2\/posts\/29163","targetHints":{"allow":["GET"]}}],"collection":[{"href":"https:\/\/www.bghaber.org\/bghaber\/wp-json\/wp\/v2\/posts"}],"about":[{"href":"https:\/\/www.bghaber.org\/bghaber\/wp-json\/wp\/v2\/types\/post"}],"author":[{"embeddable":true,"href":"https:\/\/www.bghaber.org\/bghaber\/wp-json\/wp\/v2\/users\/13"}],"replies":[{"embeddable":true,"href":"https:\/\/www.bghaber.org\/bghaber\/wp-json\/wp\/v2\/comments?post=29163"}],"version-history":[{"count":0,"href":"https:\/\/www.bghaber.org\/bghaber\/wp-json\/wp\/v2\/posts\/29163\/revisions"}],"wp:featuredmedia":[{"embeddable":true,"href":"https:\/\/www.bghaber.org\/bghaber\/wp-json\/wp\/v2\/media\/22687"}],"wp:attachment":[{"href":"https:\/\/www.bghaber.org\/bghaber\/wp-json\/wp\/v2\/media?parent=29163"}],"wp:term":[{"taxonomy":"category","embeddable":true,"href":"https:\/\/www.bghaber.org\/bghaber\/wp-json\/wp\/v2\/categories?post=29163"},{"taxonomy":"post_tag","embeddable":true,"href":"https:\/\/www.bghaber.org\/bghaber\/wp-json\/wp\/v2\/tags?post=29163"}],"curies":[{"name":"wp","href":"https:\/\/api.w.org\/{rel}","templated":true}]}}