{"id":29153,"date":"2018-03-31T20:36:08","date_gmt":"2018-03-31T17:36:08","guid":{"rendered":"http:\/\/www.bghaber.org\/bghaber\/?p=29153"},"modified":"2018-05-09T18:24:57","modified_gmt":"2018-05-09T15:24:57","slug":"yalancinin-mumu","status":"publish","type":"post","link":"https:\/\/www.bghaber.org\/bghaber\/yalancinin-mumu\/","title":{"rendered":"ERDO\u011eAN&#8217;LA-T\u00dcRK\u0130YE B\u00dcY\u00dcK B\u0130R DEVLET OLDU\u011eUNU KANITLAMI\u015e"},"content":{"rendered":"<p>D\u00f6nek 6\u00a0 b\u00f6l\u00fcm<\/p>\n<p>Tarih: 30 Mart 2018<\/p>\n<p>Yazan: Mehmet \u00c7ak\u0131r<\/p>\n<p>Konu:\u00a0\u00a0 <strong>\u0130nsanlar\u0131 k\u0131\u015fk\u0131rtmak ve yalan s\u00f6ylemek de d\u00f6nekliktir. <\/strong><\/p>\n<p><strong>D\u00f6neklikte kendisini aldatan ba\u015fkas\u0131n\u0131 aldatamaz.<\/strong><\/p><div id=\"bghab-446344494\" class=\"bghab-icerik-icine bghab-entity-placement\"><script async src=\"\/\/pagead2.googlesyndication.com\/pagead\/js\/adsbygoogle.js?client=ca-pub-6203283170189293\" crossorigin=\"anonymous\"><\/script><ins class=\"adsbygoogle\" style=\"display:block; text-align:center;\" data-ad-client=\"ca-pub-6203283170189293\" \ndata-ad-slot=\"7303146466\" \ndata-ad-layout=\"in-article\"\ndata-ad-format=\"fluid\" data-full-width-responsive=\"true\"><\/ins>\n<script> \n(adsbygoogle = window.adsbygoogle || []).push({}); \n<\/script>\n<\/div>\n<p>D\u00f6nekli\u011fin \u00e7ok \u00f6nemli \u00f6zelliklerinden biri yalan s\u00f6yleyerek insanlar\u0131 kazan\u0131p k\u0131\u015fk\u0131rtmakt\u0131r.<\/p>\n<p>30 Mart 2018 sabah\u0131 \u201c<strong>Fakti.bg<\/strong>\u201d ekran\u0131nda haber dinliyordum, birden bire ekranda DPS\u2013H\u00d6H partisi eski ileri gelenlerinden Osman Oktay belirdi. 2001\u2019e kadar parti ba\u015fkan yard\u0131mc\u0131l\u0131\u011f\u0131 g\u00f6revinde bulundu. O zamanlar hapse girmemi\u015f, dayak yememi\u015f, y\u00fcksek tahsili de olmayan bir k\u00f6y sa\u011fl\u0131k\u00e7\u0131s\u0131ndan nas\u0131l olur da yeni kurulan, hal\u0131m\u0131z\u0131n kanla kar\u0131\u015f\u0131k g\u00f6zya\u015flar\u0131ndan s\u00fcz\u00fclen birinin durmada zorlanan politik dava partisinin Genel Sekreterli\u011fine, \u00d6rg\u00fct \u0130\u015fleri Sekreterli\u011fine ve Genel Ba\u015fkan yard\u0131mc\u0131l\u0131\u011f\u0131na y\u00fckseldi\u011fini hepimiz \u015fa\u015f\u0131rm\u0131\u015ft\u0131k. Bulgaristan&#8217;da kendisi parti kurdu arkada\u015flar\u0131ndan gelen olmad\u0131, kendisinden ba\u015fka birini o partide g\u00f6ren de olmad\u0131, o kadar de\u011ferli ki, yan\u0131na bir ki\u015fi bile alamad\u0131.<\/p>\n<p>1990\u2019da sonra Ahmet Do\u011fan\u2019\u0131n\u00a0 Bulgaristan T\u00fcrklerinin kimsizle\u015ftirme, cahil b\u0131rakma, bezdirerek yoksullu\u011fa al\u0131\u015ft\u0131rma tarlas\u0131n\u0131 s\u00fcrerken\u00a0 <strong>\u201ckarpuz h\u0131yara d\u00f6nen\u201d<\/strong> ve son y\u0131llarda d\u00fcnyay\u0131 g\u00f6zlerini kapayarak yorumlamaya ba\u015flayan Osman Oktay\u2019\u0131n nas\u0131l tohumlar serpmek istedi\u011fini sizin de \u00f6\u011frenmenizi isterim. \u00c7\u00fcnk\u00fc d\u00f6nek ve hain vard\u0131r, bir noktada i\u015fin nereye gitti\u011fini anlar, i\u00e7ine kapan\u0131r ve durdu\u011fu yerde kal\u0131r. Oktay onlardan de\u011fil, sepetine doldurulan tohumlar\u0131 serpmeye devam ediyor. Tabi \u00f6nemli olan onun \u00f6nl\u00fc\u011f\u00fcne bu tohumlar\u0131 dolduran kimdir? Sepetine, \u00f6nl\u00fc\u011f\u00fcne, ele\u011fine doldurulan tohumlar diyorum, \u00e7\u00fcnk\u00fc bu tohumlar\u0131n hepsi zehirli ve H\u00d6H partisi d\u0131\u015f\u0131na at\u0131lm\u0131\u015f olsa da o, akla karay\u0131 birbirinde ay\u0131ramaz duruma gelmi\u015f olmas\u0131na ra\u011fmen, TV ekranlar\u0131na \u00e7\u0131kmazdan \u00f6nce kendisine yaz\u0131l\u0131 \u015fekilde verilen ve ezberledi\u011fi sa\u00e7mal\u0131klar\u0131, g\u00f6zlerini yumarak anlat\u0131yor. Sanki fal a\u00e7\u0131yor. Sanki kahinlik yap\u0131yor. El a\u00e7malar, el toplamalar, parmak k\u0131rmalar\u2026 Bulgaristan&#8217;da TV&#8217;ler de haz\u0131rolda onu bekliyorlar, \u00e7\u00fcnk\u00fc konu\u015ftuklar\u0131 \u00e7ok de\u011ferli &#8230;<\/p>\n<p><strong>30 Mart sabah\u0131 ne dedi bir bakal\u0131m: <\/strong><\/p>\n<p><strong>G\u00f6zlerini yumdu, kendine gizemli bir hava verdi ve \u015funlar\u0131 s\u00f6yledi;<\/strong><\/p><div id=\"bghab-3091226459\" class=\"bghab-icerik-icine-10-paragraf bghab-entity-placement\"><script async src=\"\/\/pagead2.googlesyndication.com\/pagead\/js\/adsbygoogle.js?client=ca-pub-6203283170189293\" crossorigin=\"anonymous\"><\/script><ins class=\"adsbygoogle\" style=\"display:block; text-align:center;\" data-ad-client=\"ca-pub-6203283170189293\" \ndata-ad-slot=\"7303146466\" \ndata-ad-layout=\"in-article\"\ndata-ad-format=\"fluid\" data-full-width-responsive=\"true\"><\/ins>\n<script> \n(adsbygoogle = window.adsbygoogle || []).push({}); \n<\/script>\n<\/div>\n<p>\u201c<strong>T\u00fcrkiye \u00e7ok b\u00fcy\u00fck bir \u00e7eli\u015fki i\u00e7indedir. Yak\u0131nda T\u00fcrkiye\u2019de K\u00fcrtler ile T\u00fcrkler aras\u0131nda b\u00fcy\u00fck bir i\u00e7 sava\u015f ba\u015flayacak. K\u0131yas\u0131ya sava\u015facaklar. \u00c7ok kan d\u00f6k\u00fclecek.\u201d <\/strong><\/p>\n<p>Bu adam kapal\u0131 g\u00f6zlerle Baba Vangan\u0131n yerini alm\u0131\u015f kahinlik yapmaya \u00e7al\u0131\u015f\u0131rken\u00a0 ger\u00e7ekten bir girdaba d\u00fc\u015fm\u00fc\u015f. T\u00fcrk Silahl\u0131 Kuvvetlerinin \u201c<strong>Zeytin Dal\u0131<\/strong>\u201d zaferinden sanki kendisi a\u011f\u0131r bir yara alm\u0131\u015f, PKK katillerine yak\u0131nl\u0131k duydu\u011fu s\u00f6zlerinden beli oluyor,\u00a0 y\u00fcz binlerce insan \u00f6ld\u00fcren asileri sempatiyle anlat\u0131yor, s\u0131radan dinleyicilerin kafas\u0131n\u0131 iyice kar\u0131\u015ft\u0131rmak i\u00e7in T\u00fcrkiye gazetelerini izledi\u011fini, Ba\u015fbakan Boyko Borisov\u2019la s\u0131k s\u0131k g\u00f6r\u00fc\u015ft\u00fc\u011f\u00fcn\u00fc, T\u00fcrkiye\u2019de kamuoyunu belirleyen siyaset\u00e7ilerle s\u0131k s\u0131k g\u00f6r\u00fc\u015fmelerde bulundu\u011funu tekrarlayarak, <strong>\u201cbana inan\u0131n\u201d<\/strong> demeye \u00e7al\u0131\u015f\u0131yordu. Osman Oktay\u2019\u0131n \u201d<strong>akl\u0131n\u0131 peynir ekmekle yedi\u011fi<\/strong>\u201d\u00a0 g\u00fcn gibi ortadad\u0131r. Ne de olsa kime hizmet etti\u011fini \u00f6\u011frenmeyi siz de istersiniz. Say\u0131n okuyucular\u0131m. Beyaz\u0131 en beyaz, ak pak, parlak beyaz yapmak zordur, ama karay\u0131 daha da karalay\u0131p zifiri kara yapmak kolayd\u0131r. Bu i\u015fi \u00f6\u011frenmek i\u00e7in \u00fcniversiteye gitmek gerekmez. Ne yaz\u0131k ki Osman Oktay f\u0131r\u00e7a elinde ger\u00e7ekleri boyuyor ve G\u00fcne\u015fin bal\u00e7\u0131kla s\u0131vanmad\u0131\u011f\u0131n\u0131 s\u0131vanam\u0131yaca\u011f\u0131n\u0131 bilmiyor. T\u00fcrk d\u00fc\u015fmanl\u0131\u011f\u0131 g\u00f6z\u00fcn\u00fc karartm\u0131\u015f\u2026 Ataka Lideri Volen Siderov&#8217;u bile sollam\u0131\u015f&#8230;<\/p>\n<p><strong>Ge\u00e7mi\u015fimizi bilmeyen gelece\u011fini \u00f6ng\u00f6remez, u\u015fak oldu\u011fu ortadad\u0131r, bunu da \u00e7ok iyi yap\u0131yor.<\/strong><\/p>\n<p>\u201c<strong>Baba Vanga<\/strong>\u201d ad\u0131yla bilinen ve garipten haberler veri\u015fiyle \u00fcnlenen Bulgar kaini Vanga nine rahmetli olal\u0131dan bu yana, Bulgar makamlar\u0131 halk\u0131n kendisine inanacak K\u0130\u015e\u0130 ve K\u0130\u015e\u0130LER bulma ya da yaratma derdindedir.<\/p>\n<p>Osman Oktayla bu i\u015f daha 1990\u2019lar\u0131n ba\u015f\u0131nda ba\u015flad\u0131. Gazeteciler ona soracaklar\u0131 sorular\u0131 getiriyor, o da g\u00fczel al\u0131nt\u0131larla, yasalardan maddelerle cevap verebilmek i\u00e7in yan\u0131tlar\u0131 ezberliyordu. Verdi\u011fi cevaplar\u0131n anlam\u0131na inemese de, kitaba uygun konu\u015ftu\u011fu i\u00e7in, s\u0131radan insanlar etkileniyordu.<\/p><div id=\"bghab-1846115590\" class=\"bghab-icerik-icine-15-paragraf bghab-entity-placement\"><script async src=\"\/\/pagead2.googlesyndication.com\/pagead\/js\/adsbygoogle.js?client=ca-pub-6203283170189293\" crossorigin=\"anonymous\"><\/script><ins class=\"adsbygoogle\" style=\"display:block; text-align:center;\" data-ad-client=\"ca-pub-6203283170189293\" \ndata-ad-slot=\"7303146466\" \ndata-ad-layout=\"in-article\"\ndata-ad-format=\"fluid\" data-full-width-responsive=\"true\"><\/ins>\n<script> \n(adsbygoogle = window.adsbygoogle || []).push({}); \n<\/script>\n<\/div>\n<p><strong>Bu y\u00f6nde \u00e7al\u0131\u015fmalar Ahmet Do\u011fanla da yap\u0131lm\u0131\u015ft\u0131.<\/strong><\/p>\n<p>\u00d6nce onun \u00f6z ismi de\u011fi\u015ftirilirken, \u201c<strong>Medi<\/strong>\u201d dendi. Bu da \u201c<strong>medyum<\/strong>\u201d s\u00f6z\u00fcnden gelir ve Bulgarcada ki anlam\u0131, ruh \u00f6tesi deneylerinde, ruhlarla insanlar aras\u0131nda arac\u0131l\u0131k etti\u011fini \u00f6ne s\u00fcren kimsedir. Ellerinde olsa Ahmet Do\u011fan\u2019\u0131 ilahla\u015ft\u0131rmaya haz\u0131rd\u0131lar. Ahmet \u0130smailov\u2019a <strong>\u201cDo\u011fan\u201d<\/strong> soy ad\u0131 verilmesi de Bulgar istihbarat\u0131 Birinci \u015fubesinin i\u015fidir. \u00c7\u00fcnk\u00fc Ahmet, Ahmet do\u011fmu\u015ftur ama soy ad\u0131 \u0130smail\u2019dir, \u00f6tesi halk\u0131 etkilemek i\u00e7in icat edilmi\u015ftir. \u00c7\u00fcnk\u00fc A. Do\u011fan T\u00fcrk kimlikli bir ki\u015fi de\u011fildir. Bunun en b\u00fcy\u00fck kan\u0131t\u0131 da, dili ve dininden ba\u015fka, 8 T\u00fcrk k\u0131z\u0131nla evlenip hi\u00e7 birisiyle ya\u015fayamamas\u0131, ortak dil bulamamas\u0131, bizim ahlak\u0131m\u0131zdan \u00e7\u0131k farkl\u0131 bir ya\u015fam tarz\u0131 ve namusluluk sergilemesi, kad\u0131n\u0131 insan yerine koymamas\u0131d\u0131r. Aysel gelini, bir k\u0131\u015f gecesi \u00e7&#8230;l \u00e7..lak \u201csaray\u201d kotras\u0131ndan karl\u0131 k\u0131\u015fl\u0131 k\u00f6y\u00fcn\u00fcn avlusuna babas\u0131n\u0131n evine atmas\u0131, f\u0131rt\u0131nadan korunmak i\u00e7in \u00e7amlar\u0131n alt\u0131nda kuytu arayan gelinin bir battaniyeye sar\u0131larak kendi koruma ve \u015fof\u00f6rler taraf\u0131ndan baba evine g\u00f6t\u00fcr\u00fclmesidir. Dinimizde, M\u00fcsl\u00fcmanl\u0131\u011f\u0131m\u0131zdan, T\u00fcrkl\u00fc\u011f\u00fcm\u00fczden,\u00a0 namus ve \u015ferefimizde olmayan, bu insanl\u0131k tarihinde g\u00f6r\u00fclmemi\u015f bir olayd\u0131r bu, ahlak ve namusumuza ihanet eden \u015ferefsiz, d\u00f6nektir ve bizden de\u011fildir. Bu bak\u0131ma, Ahmet\u2019ten \u201c<strong>medyum<\/strong>\u201d \u2013 Frans\u0131zca bir kavramd\u0131r, yaratmak isteyenlerin baltas\u0131 ta\u015fa vurmu\u015f ve Bulgaristan T\u00fcrkleri ile ilgili siyasetten y\u00fczlerine s\u00f6z\u00fcm yabana <strong>\u201cb.k\u201d<\/strong> s\u0131\u00e7ram\u0131\u015ft\u0131r.<\/p>\n<p><strong>Osman Oktay d\u00f6nekli\u011finin tehlikeli \u00e7izgileri var<\/strong>.<\/p>\n<p>K\u00f6ydeki ya\u015fl\u0131 babas\u0131ndan, e\u015finden, T\u00fcrkiye Cumhuriyetine okumaya g\u00f6nderdi\u011fi \u00e7ocuklar\u0131ndan kopan ve\u00a0 2001\u2019de halk\u0131m\u0131z\u0131n hak ve \u00f6zg\u00fcrl\u00fck davas\u0131ndan da vazge\u00e7en O. Oktay\u2019\u0131n T\u00fcrk\u00e7e mucize, keramet, garibe ve harika gibi s\u00f6zlerin anlam\u0131n\u0131 bilmese de, Bulgaristan siyasetinin iplerini \u00e7ekenlerin u\u015fa\u011f\u0131 gibi bir \u015fey oldu.<\/p>\n<p>\u00d6nce i\u00e7i tamamen bo\u015f olan beynine birka\u00e7 \u015f\u0131r\u0131nga yap\u0131ld\u0131. Meslekten i\u011fneci oldu\u011funa beyin bo\u015fluklar\u0131n\u0131n T\u00fcrk d\u00fc\u015fmanl\u0131\u011f\u0131, T\u00fcrkiyeyi s\u00fcrekli k\u00f6t\u00fcleme, her yorumda Bulgar milliyet\u00e7ili\u011finden yana yer alma ve halk\u0131n g\u00f6z\u00fcne g\u00fcl suyu serpme mikroplar\u0131 yerle\u015ftirilmesine \u201c<strong>hay\u0131r<\/strong>\u201d demedi. Kuran\u0131 a\u00e7mam\u0131\u015f, Anayasay\u0131 okumam\u0131\u015f, yasalar\u0131 mertek sanan bu pansumanc\u0131, Bulgaristan&#8217;\u0131 T\u00fcrkiye\u2019den daha huzurlu ve g\u00fcvenli bir \u00fclke olarak g\u00f6stere bilmek i\u00e7in, insanlar\u0131m\u0131z\u0131 <strong>\u201dT\u00fcrkiye\u2019de \u00e7ok kan d\u00f6k\u00fclecek, huzur ka\u00e7acak<\/strong>\u201d gibi bask\u0131 i\u011fneleri yap\u0131p \u00f6nleyici ter\u00f6r ve zul\u00fcm vuru\u015flar\u0131 i\u00e7in temel haz\u0131rl\u0131yor. Bu, d\u00f6nekli\u011fin \u00e7ok ilerisinde olan bir olay ve d\u00fc\u015fman\u0131n sald\u0131rgan planlar\u0131na u\u015fakl\u0131k etmektir, aff\u0131 yoktur. Art\u0131k T\u00fcrkiye&#8217;ye kar\u015f\u0131 konu\u015fanlar dikkat etme zaman\u0131 gelmi\u015ftir, bu g\u00fcnden itibaren art\u0131k bunu yapan herkese bir fatura kesilecektir, bu g\u00fcne kadar bu yap\u0131lmad\u0131\u011f\u0131 i\u00e7in T\u00fcrkiye unutuldu bir \u0130ngiltere 100 y\u0131l sonra bile hesap keserse bizlerde 200 y\u0131ll\u0131k hesaplar\u0131 kesmeye ba\u015fl\u0131yor herkese hak etti\u011fi kadar de\u011fer hak etti\u011fi kadar sayg\u0131 vsy.<\/p><div id=\"bghab-2501800483\" class=\"bghab-icerik-icine-20-paragraf bghab-entity-placement\"><script async src=\"\/\/pagead2.googlesyndication.com\/pagead\/js\/adsbygoogle.js?client=ca-pub-6203283170189293\" crossorigin=\"anonymous\"><\/script><ins class=\"adsbygoogle\" style=\"display:block; text-align:center;\" data-ad-client=\"ca-pub-6203283170189293\" \ndata-ad-slot=\"7303146466\" \ndata-ad-layout=\"in-article\"\ndata-ad-format=\"fluid\" data-full-width-responsive=\"true\"><\/ins>\n<script> \n(adsbygoogle = window.adsbygoogle || []).push({}); \n<\/script>\n<\/div>\n<p><strong>Osman Oktay ruhunu satm\u0131\u015f biridir<\/strong><\/p>\n<p>Bulgar TV programlar\u0131na \u00e7\u0131kan T\u00fcrklere sorulan n\u00f6bet\u00e7i sorular var.<\/p>\n<p>Birincisi:<strong> \u201cOsmanl\u0131 Bulgarlara soy k\u0131r\u0131m uygulam\u0131\u015f m\u0131d\u0131r?\u201d <\/strong><\/p>\n<p>\u0130kincisi:<strong> \u201cOsmanl\u0131 1915\u2019te Ermeni soy k\u0131r\u0131m\u0131 yapm\u0131\u015f m\u0131d\u0131r?\u201d \u201cEvet\u201d <\/strong>dersen onlardans\u0131n, susarsan, yan\u0131t\u0131 ba\u015fka tarafa \u00e7ekersen ya da<strong> \u201chay\u0131r yapmam\u0131\u015ft\u0131r\u201d <\/strong>dersen kap\u0131n kapan\u0131r<strong>. <\/strong><\/p>\n<p>Totaliter diktat\u00f6rl\u00fck y\u0131llar\u0131nda askerdeyken bu soru T\u00fcrk askerlere \u015fu \u015fekilde soruluyordu<strong>: <\/strong><\/p><div id=\"bghab-2549873831\" class=\"bghab-icerik-icine-25-paragraf bghab-entity-placement\"><script async src=\"\/\/pagead2.googlesyndication.com\/pagead\/js\/adsbygoogle.js?client=ca-pub-6203283170189293\" crossorigin=\"anonymous\"><\/script><ins class=\"adsbygoogle\" style=\"display:block; text-align:center;\" data-ad-client=\"ca-pub-6203283170189293\" \ndata-ad-slot=\"7303146466\" \ndata-ad-layout=\"in-article\"\ndata-ad-format=\"fluid\" data-full-width-responsive=\"true\"><\/ins>\n<script> \n(adsbygoogle = window.adsbygoogle || []).push({}); \n<\/script>\n<\/div>\n<p><strong>\u201cT\u00fcrkiye ile Bulgaristan aras\u0131nda bir sava\u015f \u00e7\u0131karsa, ya da Var\u015fova Pakti ile NATO aras\u0131nda bir \u00e7at\u0131\u015fma ba\u015flarsa, hangi tarafta yer al\u0131rs\u0131n?\u201d\u00a0 <\/strong>Ba\u015flamam\u0131\u015f bir sava\u015fta mevzi belirlemek zor, ve ya<strong> \u201ccevap veremem\u201d dersen klasmandan d\u00fc\u015fersin. Birinci d\u00fcnya sava\u015f\u0131nda 9 binden fazla T\u00fcrk asker Bulgar ordusu saflar\u0131nda telef oldu, bir an\u0131t bile dikmediniz,\u201d <\/strong>demen ise, yand\u0131n demektir.<\/p>\n<p><strong><em>Bu sorular, TV ekran\u0131nda a\u00e7\u0131k y\u00fcreklilikle sorulmuyor Osman Oktay\u2019a Anla\u015f\u0131lan o bu s\u0131nav\u0131 vermi\u015f. D\u00f6nekli\u011fi kabul etmi\u015f. Hainlik deresini de ge\u00e7mi\u015f ve \u015fimdi g\u00f6zlerini yumup sald\u0131r\u0131yor, k\u0131\u015fk\u0131rt\u0131yor, karal\u0131yor, kahinlik yap\u0131yor.<\/em><\/strong><\/p>\n<p><strong>T\u00fcrkiye\u2019nin d\u00fc\u015fmanlar\u0131 bizim de d\u00fc\u015fmanlar\u0131m\u0131zd\u0131r. <\/strong><\/p>\n<p>Garipten haber veren Osman Oktay art\u0131k kendini inand\u0131rm\u0131\u015f ve konular\u0131n\u0131 geni\u015fletmi\u015ftir. Bir \u015f\u0131r\u0131ngac\u0131 ve pansumanc\u0131n\u0131n (Fel\u015fer) d\u00fcnya stratejik siyasetini yorumlamalar\u0131 ilgin\u00e7tir. Varna AV-T\u00fcrkiye zirvesini ele alan Oktay \u201c<strong>bir \u015fey olmad\u0131<\/strong>\u201d diyor ve Yunanistan\u2019\u0131n k\u0131\u015fk\u0131rtmalar\u0131na kar\u015f\u0131 T\u00fcrk F-16\u2019lar\u0131ndan bir filonun Atina semalar\u0131nda belirmesine \u201c<strong>sald\u0131rganl\u0131k<\/strong>\u201d diyor. D\u00fcnya Liderimiz T\u00fcrkiye Cumhurba\u015fkan\u0131 Say\u0131n ERDO\u011eAN\u2019A dil uzat\u0131rken, \u201c<strong>diktat\u00f6r<\/strong>\u201d s\u0131fat\u0131n\u0131 kullan\u0131yor, Afrin <strong>\u201cZeytin Dal\u0131\u201d<\/strong> harekat\u0131na i\u015fgal diyor ve K\u00fcrt asi \u00e7etelerinden yana \u00e7\u0131k\u0131yor, Do\u011fu Akdeniz\u2019de do\u011fal gaz kaynaklar\u0131 ara\u015ft\u0131rma i\u015finde G\u00fcney K\u0131br\u0131s\u2019\u0131 hakl\u0131 g\u00f6r\u00fcyor vb. <strong>16 Temmuzda onun diktat\u00f6r dedi\u011fi B\u0130Z\u0130M D\u00dcNYA L\u0130DER\u0130M\u0130Z\u0130N B\u0130R S\u00d6Z\u00dc \u00dcZER\u0130NE T\u00dcRK\u0130YE AYA\u011eI KALKTI VE CANINI ORTAYA KOYDU. D\u00fcnyada bir ba\u015fka lider var m\u0131 halk\u0131 \u00f6l\u00fcme haz\u0131r olsun. Daha ne olsun&#8230;<\/strong><\/p>\n<p>T\u00fcrkiye\u2019yi karalarken, k\u00f6t\u00fc ve olumsuz olaylar\u0131 abart\u0131p siyah ve korku sa\u00e7an bir tablo yarat\u0131yor. PKK pa\u00e7avras\u0131na\u00a0 \u201c<strong>bar\u0131\u015f bayra\u011f\u0131<\/strong>\u201d diyecek kadar da ileri gidiyor.<\/p><div id=\"bghab-2431955188\" class=\"bghab-icerik-icine-30-paragraf bghab-entity-placement\"><script async src=\"\/\/pagead2.googlesyndication.com\/pagead\/js\/adsbygoogle.js?client=ca-pub-6203283170189293\" crossorigin=\"anonymous\"><\/script><ins class=\"adsbygoogle\" style=\"display:block; text-align:center;\" data-ad-client=\"ca-pub-6203283170189293\" \ndata-ad-slot=\"7303146466\" \ndata-ad-layout=\"in-article\"\ndata-ad-format=\"fluid\" data-full-width-responsive=\"true\"><\/ins>\n<script> \n(adsbygoogle = window.adsbygoogle || []).push({}); \n<\/script>\n<\/div>\n<p>K\u00fcrt ihanet hareketinin ba\u015f\u0131 olan Demirta\u015f\u2019a ve FETO\u2019culuktan, halk\u0131n hukuk devletine ve demokratik d\u00fczene k\u0131yanlara \u201c<strong>adalet sava\u015f\u00e7\u0131lar\u0131 deyecek kadar\u201d\u00a0 da\u00a0<\/strong>ileri gidiyor<strong>. <\/strong>Savundu\u011fu ki\u015filerin hepsi T\u00fcrkiye devletini devirmeye yeminli ter\u00f6r \u00e7eteleri mensuplar\u0131d\u0131r. Osman Oktay adalet ve adaletsizli\u011fin do\u011fru \u00e7izgisini \u00e7izebilecek bir siyaset adam\u0131 de\u011fildir. Bulgaristan T\u00fcrklerinin \u00e7\u00f6pe att\u0131\u011f\u0131 bir politika s\u00fcpr\u00fcnt\u00fcs\u00fc olup \u00e7\u00f6pl\u00fck kar\u0131\u015ft\u0131rmakla ge\u00e7iniyor. \u00c7\u00f6pl\u00fck derken eski komunist sofras\u0131ndan ne verirlerse yetiniyor.<\/p>\n<p><strong>Kendini yerden yere atmalar O. Oktay\u2019\u0131n d\u00f6nekli\u011fini aklamaz.<\/strong><\/p>\n<p>TV konu\u015fmalar\u0131nda Hak ve \u00d6zg\u00fcrl\u00fck Hareketi kurucular\u0131ndan biri olarak tan\u0131tan Oktay yalan s\u00f6yl\u00fcyor. Bir defa <strong>04<\/strong> Ocak 1990\u2019da Ahmet Do\u011fan Varna\u2019da <strong>Hamdi Vahid<\/strong>\u2019in dairesinde, Kasim Dal\u2019\u0131n a\u00e7\u0131klad\u0131\u011f\u0131na g\u00f6re, 12-si gizli polis (DC) ajan\u0131yla parti kuran, toplam 33 ki\u015finin aras\u0131nda de\u011fildi. O k\u0131\u015f g\u00fcn\u00fc k\u00f6ylerde ya\u015fl\u0131lara \u00f6ks\u00fcr\u00fcp hap\u0131 da\u011f\u0131t\u0131yordu.<\/p>\n<p>Hak ve \u00d6zg\u00fcrl\u00fck Hareketi kurucular\u0131ndan olmad\u0131\u011f\u0131n\u0131, totalitarizm d\u00f6neminde Deliorman k\u00f6yl\u00fclerinin devrimci nabz\u0131n\u0131 d\u00fc\u015f\u00fcrmeye \u00e7al\u0131\u015ft\u0131\u011f\u0131n\u0131 gizliyor. O d\u00f6nem hala k\u00f6y sa\u011fl\u0131k\u00e7\u0131s\u0131 olarak \u00e7al\u0131\u015f\u0131rken, soyundan hapsi giren, dayaktan \u00f6len kimse yokken harekete H\u00d6H&#8217;e neden kat\u0131ld\u0131\u011f\u0131n\u0131 hala anlatam\u0131yor. \u015eu soru herkesin kafas\u0131nda i\u011fne gibi bat\u0131yor. Nas\u0131l olur da 1990\u2019\u0131n 6. ay\u0131nda hen\u00fcz Sofya sokaklar\u0131n\u0131n adlar\u0131n\u0131 bilmeyen Osman Oktay\u2019\u0131 Alt\u0131nc\u0131, Birinci ve \u0130kinci \u015eube generalleri Ahmet Do\u011fanla birlikte kabul eder ve beraberce hat\u0131ra resmi \u00e7ektirirler?\u00a0 Bu foto\u011fraf bug\u00fcn bir Profes\u00f6r olan ve \u201c<strong>K\u00fct\u00fcphaneciler<\/strong>\u201d Y\u00fcksek Okulunda ders veren Dimit\u0131r \u0130vanov\u2019un \u201c<strong>Alt\u0131nc\u0131 \u015eube<\/strong>\u201d adl\u0131 kitab\u0131n\u0131n son sayfas\u0131nda yay\u0131nland\u0131\u011f\u0131 dikkati \u00e7ekiyor. \u015eu da var, 1990\u2019da B\u00fcy\u00fck Halk Meclisi\u2019ne giren T\u00fcrk Milletvekillerin alt\u0131s\u0131 Alt\u0131nc\u0131 \u015eube ajan\u0131d\u0131r.<\/p>\n<p>Osman Oktay 2016\u2019da \u00e7\u0131kan\u00a0 \u201c<strong>DPS Ger\u00e7ekleri<\/strong>\u201d kitab\u0131nda\u00a0 Bulgaristan T\u00fcrklerinin bir etnik, k\u00fclt\u00fcrel ve dini az\u0131nl\u0131k oldu\u011funu ve hak ve \u00f6zg\u00fcrl\u00fck davas\u0131n\u0131n kutsal oldu\u011funu yazsa da, 2018 y\u0131l\u0131 TV konu\u015fmalar\u0131nda, \u201c<strong>T\u00fcrk<\/strong>\u201d, \u201c<strong>T\u00fcrklerin k\u00fclt\u00fcrel otonomi haklar\u0131<\/strong>\u201d, \u201c<strong>T\u00fcrk \u00e7ocuklar\u0131n\u0131n ana okullarda\u00a0 T\u00fcrk e\u011fitimi almas\u0131 gere\u011finden<\/strong>\u201d s\u00f6z etmiyor. T\u00fcrklerin bir radyo yay\u0131n\u0131, hi\u00e7 olmazsa 5-6 saatlik bir anadillerinde ve halk k\u00fclt\u00fcrlerine dayanan bir TV program\u0131, bir dergi ve T\u00fcrk\u00e7e kitap basma haklar\u0131n\u0131n me\u015frula\u015ft\u0131r\u0131lmas\u0131na da de\u011finmiyor.<\/p><div id=\"bghab-3459124214\" class=\"bghab-icerik-icine-35-paragraf bghab-entity-placement\"><script async src=\"\/\/pagead2.googlesyndication.com\/pagead\/js\/adsbygoogle.js?client=ca-pub-6203283170189293\" crossorigin=\"anonymous\"><\/script><ins class=\"adsbygoogle\" style=\"display:block; text-align:center;\" data-ad-client=\"ca-pub-6203283170189293\" \ndata-ad-slot=\"7303146466\" \ndata-ad-layout=\"in-article\"\ndata-ad-format=\"fluid\" data-full-width-responsive=\"true\"><\/ins>\n<script> \n(adsbygoogle = window.adsbygoogle || []).push({}); \n<\/script>\n<\/div>\n<p>2003 y\u0131l\u0131nda \u201c<strong>Demokratik Kanat<\/strong>\u201d hareketini tescil ettirip, DPS hareketini par\u00e7alayarak, politik \u00f6z\u00fcn\u00fc mezara g\u00f6me planlar\u0131 yapan ama ba\u015far\u0131l\u0131 olamayan Oktay,\u00a0 Hak ve \u00d6zg\u00fcrl\u00fck Hareketinin Demokratik G\u00fc\u00e7ler Birli\u011fi (CDC) ve Bulgaristan Sosyalist Partisi (BSP) aras\u0131nda, denge sa\u011flay\u0131c\u0131 i\u015flevini de do\u011fru d\u00fcr\u00fcst alg\u0131layamam\u0131\u015ft\u0131r.<\/p>\n<p>Bulgaristan T\u00fcrklerinin hak ve \u00f6zg\u00fcrl\u00fck \u201c<strong>k\u00fclt\u00fcrel otonomi<\/strong>\u201d, ekonomi, sosyal hayat, k\u00fclt\u00fcr ve sanat, din ve e\u011fitim dallar\u0131nda ba\u015f\u0131na buyruk bir at\u0131l\u0131m y\u00fcklemeden bir T\u00fcrk partisi kurman\u0131n imkans\u0131z ve y\u00fczde y\u00fcz hayal oldu\u011funu da kavrayamam\u0131\u015ft\u0131r.\u00a0 Bulgaristan T\u00fcrklerinin yaln\u0131z bireysel haklar\u0131n\u0131 de\u011fil, kolektif haklar\u0131n\u0131 da mutlaka savunmayan bir siyasi mayalanman\u0131n tutmayaca\u011f\u0131 her zaman g\u00fcn gibi meydanda olmu\u015ftur.<\/p>\n<p>\u015eu da var. Osman Oktay H\u00d6H\u2019te ve daha sonraki siyasi liderlik hevesli \u00e7al\u0131\u015fmalar\u0131nda ve son d\u00f6nem TV ve siyasi yazarl\u0131k u\u011fra\u015f\u0131lar\u0131nda, Bulgar ulusal yap\u0131s\u0131n\u0131n az\u0131nl\u0131klar konusundaki ikiy\u00fczl\u00fcl\u00fc\u011f\u00fcn\u00fc a\u00e7mak i\u00e7in \u00e7aba g\u00f6stermemi\u015ftir. Onun y\u00f6netimlerde bulundu\u011fu, millet meclisinde oldu\u011fu y\u0131llarda imzalanan Kopenhag ve Viyana \u0130nsan Haklar\u0131 ve \u00c7er\u00e7eve s\u00f6zle\u015fmelerinin hi\u00e7 biri \u201c<strong>k\u0131s\u0131tlamas\u0131z ve \u015farts\u0131z, az\u0131nl\u0131klar\u0131n haklar\u0131 konusundaki \u00f6z\u00fc<\/strong>\u201d yok edilmeden onaylanmam\u0131\u015ft\u0131r. O, konu\u015fmalar\u0131nda ve yaz\u0131lar\u0131ndan ba\u015ftan sona yalan &#8211; sahte \u201c<strong>Ge\u00e7i\u015f D\u00f6nemi<\/strong>\u201dne de de\u011finmiyor. Bulgaristan tar\u0131m, a\u011f\u0131r ve hafif sanayinin talan edilmesi, sosyal, e\u011fitim ve sa\u011fl\u0131k sistemlerinin \u00e7\u00f6k\u00fc\u015f\u00fc, halk\u0131m\u0131z\u0131n Avrupa&#8217;n\u0131n en sefil, yoksul ve g\u0131rtla\u011f\u0131 s\u0131k\u0131lm\u0131\u015f kitlesi olmas\u0131 gibi konular\u0131 da ele atm\u0131yor.<\/p>\n<p>Hele Hak ve \u00d6zg\u00fcrl\u00fck u\u011furunda ve davas\u0131ndaki \u015fehitlerimiz, su\u00e7lular\u0131n bulunmas\u0131 ve kendilerinden hesap sorulmas\u0131, katillerin cezaland\u0131r\u0131lmas\u0131 gibi konularda bal\u0131k gibi susuyor. Bu konuda a\u011fz\u0131n\u0131 b\u0131\u00e7ak a\u00e7m\u0131yor. Neden?<\/p>\n<p>Totaliter diktat\u00f6rl\u00fck d\u00f6neminde Deliorman\u2019a, onun k\u00f6y\u00fcne s\u00fcr\u00fclenleri, gizli direni\u015f bi\u00e7imlerini, halk ayaklanmas\u0131n\u0131 anlat(a)mad\u0131. 1949\u2019da a\u00e7\u0131lan<strong> \u201cBelene\u201d<\/strong> \u00f6l\u00fcm kamp\u0131ndan, Deliorman da dahil memleketin d\u00f6rt yan\u0131nda kurulan 50 toplama kamp\u0131ndan, \u00f6ld\u00fcr\u00fclen, sakat kalan ve kay\u0131plara kar\u0131\u015fanlardan da hi\u00e7bir TV konu\u015fmas\u0131nda ve yaz\u0131s\u0131nda s\u00f6z etmedi.<\/p><div id=\"bghab-3953823579\" class=\"bghab-icerik-icine-40-paragraf bghab-entity-placement\"><script async src=\"\/\/pagead2.googlesyndication.com\/pagead\/js\/adsbygoogle.js?client=ca-pub-6203283170189293\" crossorigin=\"anonymous\"><\/script><ins class=\"adsbygoogle\" style=\"display:block; text-align:center;\" data-ad-client=\"ca-pub-6203283170189293\" \ndata-ad-slot=\"7303146466\" \ndata-ad-layout=\"in-article\"\ndata-ad-format=\"fluid\" data-full-width-responsive=\"true\"><\/ins>\n<script> \n(adsbygoogle = window.adsbygoogle || []).push({}); \n<\/script>\n<\/div>\n<p><strong>Kitab\u0131nda da, olaylar\u0131n \u00f6z\u00fcne inmiyor, akl\u0131n\u0131 ba\u015fkas\u0131na kira etmi\u015f gibi yaz\u0131yor.<\/strong><\/p>\n<p>Sanki k\u00f6\u015fe d\u00f6nme pe\u015finde\u2026\u00a0 Sosyal memnuniyetsizlik ve kitlesel \u015fikayet, g\u00f6steri, miting, y\u00fcr\u00fcy\u00fc\u015f gibi eylemlerin derin \u00e7eli\u015fkilerini analiz etmiyor. Her oylamadan \u00f6nce meclis i\u00e7inde da\u011f\u0131t\u0131lan paralardan pay\u0131na d\u00fc\u015fen k\u0131sm\u0131n\u0131 da gizli tutuyor. Bulgaristan T\u00fcrklerinin Bulgar devletinin kurulma, kalk\u0131nma ve d\u00fcnyaca tan\u0131nan bir \u00fclke olmas\u0131nda n\u00fcfusunun yar\u0131s\u0131n\u0131 olu\u015fturan az\u0131nl\u0131klar\u0131n oynad\u0131\u011f\u0131 role, gurbetteki i\u015f\u00e7ilerimizin durumuna, Avrupa\u2019da Bulgaristan pasaportlular\u0131n ikiye ayr\u0131ld\u0131\u011f\u0131na, bir k\u0131sm\u0131n\u0131n insan yerine konmad\u0131\u011f\u0131na ve ikinci el g\u00f6\u00e7men muamelesi g\u00f6rd\u00fcklerine i\u015faret etmiyor, y\u00f6neticileri uyarm\u0131yor. Bulgaristan&#8217;da bir \u00e7ok T\u00fcrk&#8217;\u00fcn Bulgar isimleri ile devam etti\u011fi umrunda bile de\u011fil.<\/p>\n<p><strong>Oktay, b\u00fcy\u00fck siyasi olaylar yorumculu\u011funa s\u0131van\u0131yor. Kendi halk\u0131n\u0131 ise hi\u00e7 tan\u0131m\u0131yor.<\/strong><\/p>\n<p>Bulgaristan\u2019\u0131n Avrupa Konseyi d\u00f6nem toplant\u0131s\u0131na de\u011finirken de, \u00fclkemizin Avrupa Birli\u011fine \u00fcye olunca egemenli\u011fini yitirdi\u011fini, t\u00fcm kararlar\u0131n Br\u00fcksel\u2019de al\u0131nd\u0131\u011f\u0131n\u0131, onlara her \u015feyin NATO ve Birle\u015fik Amerika taraf\u0131ndan dikte edildi\u011fini, fakiriz \u00e7\u00fcnk\u00fc hi\u00e7 bir \u015fey \u00fcretmiyoruz diyemeyen Osman Oktay, son konu\u015fmas\u0131nda Rusya\u2019n\u0131n Bat\u0131 Avrupa \u00fclkelerine \u201c<strong>kimyasal silah s\u0131zd\u0131rd\u0131\u011f\u0131n\u0131\u201d <\/strong>iddia ederken,\u00a0 uluslararas\u0131 diplomatik bunal\u0131m, Bat\u0131 d\u00fcnyas\u0131n\u0131n ve \u00f6zellikle de \u0130ngiltere&#8217;nin AB \u00fclkelerine bask\u0131lar\u0131 konular\u0131nda sa\u00e7ma sapan yorumlamalarda bulunuyor. Halbuki T\u00fcrkiye Ba\u015fkan\u0131na kulak verseydi, D\u00fcnyan\u0131n 5-ten b\u00fcy\u00fck oldu\u011funu s\u00f6yleyebilirdi.\u00a0 <strong>\u201cD\u00fcnyan\u0131n b\u00fcy\u00fck sava\u015f e\u015fi\u011finde oldu\u011fu\u201d<\/strong> gibi iddialarda bulundu. ABD\u2019nin T\u00fcrkiye ile sava\u015f meydan\u0131nda y\u00fczle\u015fmek istemedi\u011finden, Suriye\u2019den ve Yak\u0131n Do\u011fu\u2019dan \u00e7ekilmeyi se\u00e7mesini de sanki h\u00fcz\u00fcnle kar\u015f\u0131lam\u0131\u015f gibi anlatt\u0131.<\/p>\n<h5 style=\"text-align: center;\"><strong>Evet say\u0131n Oktay ba\u011f\u0131l\u0131 oldu\u011fun Totaliter zihniyet istese de istemese de ERDO\u011eAN&#8217;LA-T\u00dcRK\u0130YE B\u00dcY\u00dcK B\u0130R DEVLET OLDU\u011eUNU KANITLAMI\u015e VE BUNU ARTIK D\u00dcNYA TANIMAKTADIR. Sizler ve eski totaliter zihniyet hari\u00e7 tabi ki.<\/strong><\/h5>\n<p>Bu saptamalardan sonra biz Osman Oktay hakk\u0131nda, ilk \u00f6z\u00fcnden kaym\u0131\u015f ve ba\u015fka bir kimlik kazanm\u0131\u015f (<strong>deviat<\/strong>) kavram\u0131n\u0131 kullanabiliriz. Riyakarl\u0131k ve ikiy\u00fczl\u00fcl\u00fck de\u011fimlerinin bir t\u00fcr\u00fc olan bu terime eski literat\u00fcrde ger\u00e7ekten ahlaks\u0131z\u00a0 (<strong>farisey<\/strong>) \u015feklinde de rastl\u0131yoruz. Ki\u015filik olarak bu tipler ilk d\u00f6nemlerde ilerici niteliklerle \u00f6ne \u00e7\u0131ksalar da (Osman Oktay\u2019da bu 1990 -2001 y\u0131llar\u0131n\u0131 kapsar), daha sonra milliyet\u00e7ilik esaslar\u0131na g\u00f6re tezler savunurlar. Onun savundu\u011fu Bulgar milliyet\u00e7ili\u011fi ve Bulgar milli \u00e7\u0131karlar\u0131 oldu\u011fundan dolay\u0131 yerli T\u00fcrkler taraf\u0131ndan benimsenmiyor.\u00a0 Oktay a\u015f\u0131r\u0131 milliyet\u00e7ilerin T\u00fcrk d\u00fc\u015fmanl\u0131\u011f\u0131 a\u011fz\u0131yla konu\u015fuyor, hatta d\u00fcnk\u00fc program\u0131nda rekor k\u0131rarak onlar\u0131 bile ge\u00e7ti. D\u00dcNYA L\u0130DER\u0130 Say\u0131n Ba\u015fkan Recep Tayyip ERDO\u011eAN&#8217;n\u0131n Varna zirvesinde verdi\u011fi s\u00f6zleri tutmad\u0131\u011f\u0131n\u0131 iddia ediyor. Suriye \u201c<strong>Zeytin Dal\u0131<\/strong>\u201d anti-ter\u00f6r operasyonlar\u0131n\u0131 tasvip etmiyor. Yunanistan\u2019\u0131n FETO-, K\u0131br\u0131s \u00e7evresinde sorun ard\u0131ndan sorun yaratmas\u0131na adaletli de\u011finmek istemiyor.<\/p><div id=\"bghab-4285672055\" class=\"bghab-icerik-icine-45-paragraf bghab-entity-placement\"><script async src=\"\/\/pagead2.googlesyndication.com\/pagead\/js\/adsbygoogle.js?client=ca-pub-6203283170189293\" crossorigin=\"anonymous\"><\/script><ins class=\"adsbygoogle\" style=\"display:block; text-align:center;\" data-ad-client=\"ca-pub-6203283170189293\" \ndata-ad-slot=\"7303146466\" \ndata-ad-layout=\"in-article\"\ndata-ad-format=\"fluid\" data-full-width-responsive=\"true\"><\/ins>\n<script> \n(adsbygoogle = window.adsbygoogle || []).push({}); \n<\/script>\n<\/div>\n<p>Oktay, kendi inan\u00e7lar\u0131na ve vicdan ilkelerine dayanarak de\u011fil, g\u00fcn\u00fcm\u00fcz g\u00fc\u00e7l\u00fclerinin g\u00fcvenini kazan\u0131p baz\u0131 \u00f6ncelikler elde etmek amac\u0131yla, politik, ekonomik ve manevi erk ellerinde toplanm\u0131\u015f olan ba\u015fkalar\u0131na borazanl\u0131k yap\u0131yor. Surat\u0131ndaki krem ve sa\u00e7\u0131ndaki cilan\u0131n ard\u0131nda ikiy\u00fczl\u00fcl\u00fck hatta \u00fc\u00e7y\u00fczl\u00fcl\u00fck gizleniyor.<\/p>\n<p><strong>Osman Oktay kendini \u201cdisident\u201d \u00e7\u0131karamad\u0131<\/strong>.<\/p>\n<p>Son 50 y\u0131lda Bulgarcada <strong>\u201cdisident\u201d<\/strong> s\u00f6z\u00fc, \u00f6zellikle Bulgarlar\u0131n kendi aralar\u0131nda \u00e7ok yayg\u0131nla\u015ft\u0131. Sosyalizm y\u0131llar\u0131nda <strong>\u201cFa\u015fizme ve kapitalizme kar\u015f\u0131 sava\u015f\u00e7\u0131lar\u201d<\/strong> kadar oldular. Orta \u00e7a\u011fda \u201c<strong>dinden d\u00f6nen<\/strong>\u201d anlam\u0131na gelen bu kavram, son d\u00f6nemde farkl\u0131 inanc\u0131 olan ki\u015fi ya da inan\u00e7lar\u0131ndan dolay\u0131 devletle \u00e7eli\u015fkiye d\u00fc\u015fen, \u015fiddet g\u00f6ren veya d\u0131\u015f \u00fclkeye ka\u00e7an ki\u015fi anlam\u0131nda kullan\u0131l\u0131yor..<\/p>\n<p>\u00d6rne\u011fin, T. Jivkov diktat\u00f6rl\u00fc\u011f\u00fcn\u00fcn son d\u00f6neminde Fransa\u2019da kalan ve 2016\u2019da DOST partisi kurucular\u0131ndan biri olan <strong>Pet\u0131r Boyaciev<\/strong> fikirlerinden \u00f6t\u00fcr\u00fc devletle \u00e7eli\u015fkiye d\u00fc\u015fm\u00fc\u015f bir \u201c<strong>disident<\/strong>\u2019tir.\u201d Bu ki\u015filer iktidardakilerin siyaset ve ideolojisine kar\u015f\u0131 m\u00fccadele verirken, uzanabildikleri her \u015feyi kendi hanelerine yazmaya \u00e7al\u0131\u015f\u0131r. Bug\u00fcn de davran\u0131\u015flar\u0131 de\u011fi\u015fmemi\u015ftir.<\/p>\n<p>\u00d6rne\u011fin, 1989 May\u0131s Ayaklanmam\u0131z\u0131n Fransa\u2019dan \u00f6rg\u00fctlendi\u011fi iddialar\u0131na kadar uzayan bir ser\u00fcven ya\u015fad\u0131k. Bulgaristan T\u00fcrklerinin \u00f6z davas\u0131d\u0131r May\u0131s Ayaklanmalar\u0131m\u0131z, tabi bunu sen bilemezsin. Kendimiz \u00f6rg\u00fctledik, kendimiz y\u00f6nettik, kendimiz y\u00f6nlendirdik, \u015fehitler bizimdir. Tutuklan\u0131p dayak yiyen biziz, ne var ki, DOST partisi saflar\u0131nda rahat eylem f\u0131rsat\u0131 bulan <strong>Pet\u0131r Boyaciev<\/strong>, isyan\u0131m\u0131z\u0131 Bulgarlara ve ba\u015fkalar\u0131na mal etmeye \u00e7al\u0131\u015ft\u0131. Tart\u0131\u015fmalar uzun zaman devam etti. Bunu Bulgaristan Stratejik Ara\u015ft\u0131rma Merkezimizin haber ajans\u0131nda www.bghaber.org ger\u00e7eklerin \u00e7i\u011fnenmesine engel oldu. Yani Bulgaristan&#8217;da herkesin s\u00f6z\u00fcne s\u00f6z s\u00f6yleyebilen bir merkez olu\u015ftu bundan hepiniz rahats\u0131z oldu\u011funuzu biliyoruz, gen\u00e7lerimiz geliyor sizin ya\u015fl\u0131l\u0131\u011f\u0131n\u0131z zor ge\u00e7ecek gibi&#8230;<\/p><div id=\"bghab-1540544466\" class=\"bghab-icerik-icine-50-paragraf bghab-entity-placement\"><script async src=\"\/\/pagead2.googlesyndication.com\/pagead\/js\/adsbygoogle.js?client=ca-pub-6203283170189293\" crossorigin=\"anonymous\"><\/script><ins class=\"adsbygoogle\" style=\"display:block; text-align:center;\" data-ad-client=\"ca-pub-6203283170189293\" \ndata-ad-slot=\"7303146466\" \ndata-ad-layout=\"in-article\"\ndata-ad-format=\"fluid\" data-full-width-responsive=\"true\"><\/ins>\n<script> \n(adsbygoogle = window.adsbygoogle || []).push({}); \n<\/script>\n<\/div>\n<p>2016 ve 2017 y\u0131llar\u0131nda P. Boyaciev\u2019le\u00a0 devrimci vicdan ciddi m\u00fccadele etmek zorunda kald\u0131k. Bir \u201cdisident\u201din h\u0131rsl\u0131 tavr\u0131 kolayca kay\u0131p iktidar tavr\u0131yla bulu\u015fabilir, bu kaymadan kaybeden her zaman ayaklanan kitle olur. \u00c7\u00fcnk\u00fc Bulgaristan T\u00fcrklerinin psikolojik kayna\u015fma ve kendili\u011finden hareketlenme \u00f6zellikleri \u00fclkemizdeki di\u011fer az\u0131nl\u0131klarda yoktur.<\/p>\n<p>Bulgar g\u00f6r\u00fc\u015f sahiplerinin T\u00fcrklerin s\u0131rlar\u0131n\u0131 \u00e7\u00f6zemedi\u011fi art\u0131k herkes taraf\u0131ndan biliniyor. Osman Oktay gibi May\u0131s Ayaklanmas\u0131ndan ve Bulgaristan T\u00fcrk iradesinin siyasi mayalanmas\u0131ndan sonra ortaya \u00e7\u0131kan ve do\u011frudan y\u00f6netimde yer alan ki\u015filer i\u00e7in de Bulgaristan T\u00fcrkleri hala bir muammad\u0131r. Disident dediklerimiz, iktidar veya devletle fikirsel \u00e7eli\u015fkiye d\u00fc\u015fmezden \u00f6nce, y\u00f6netim sofras\u0131nda bulunmu\u015flar, sokak \u00f6l\u00e7\u00fcp \u00e7al\u0131\u015fmadan ya\u015famay\u0131, bolluk i\u00e7inde y\u00fczmeyi tatm\u0131\u015flar ve iktidar\u0131n hakkaniyetli ve d\u00fcr\u00fcst oldu\u011funa s\u00f6zde inand\u0131klar\u0131n\u0131 da gizlememi\u015flerdir.<\/p>\n<p>\u00d6rnek olarak, \u00f6nce parti ve devlet ba\u015fkan\u0131 T. Jivkov\u2019un k\u0131z\u0131, K\u00fclt\u00fcr Bakan\u0131 <strong>L\u00fcdmila Jivkov<\/strong>a\u2019ya a\u015f\u0131k olan fakat sonra \u0130ngiltere\u2019ye iltica eden yazar <strong>Georgi Markov<\/strong>\u2019u g\u00f6sterebiliriz. Markov orada <strong>\u201cDS\u201d<\/strong> taraf\u0131ndan bir \u00e7ad\u0131rdan s\u0131k\u0131lan zehirli bir sa\u00e7mayla \u00f6ld\u00fcr\u00fclm\u00fc\u015ft\u00fcr. Bulgar disidentlerinin ba\u015f\u0131 olarak bilinir.<\/p>\n<p><strong>G\u00fcn\u00fcm\u00fczde de b\u00f6yle bir olay ya\u015f\u0131yoruz.<\/strong><\/p>\n<p>\u0130ngiltere\u2019de \u201c<strong>kimyasal gazla \u00f6ld\u00fcr\u00fcld\u00fc\u011f\u00fc iddia elden Rus casusu Skripal<\/strong>\u201d olay\u0131 bu t\u00fcrdendir. Bu s\u00fcre\u00e7 Rusya\u2019n\u0131n K\u0131r\u0131m Yar\u0131madas\u0131n\u0131 istila etmesinden sonra ba\u015flam\u0131\u015ft\u0131r. Kovulacak \u201c<strong>diplomat<\/strong>\u201d yok diyen Bulgaristan tavr\u0131 ise ilgin\u00e7tir. NATO ve AB y\u00f6netiminde Rusya\u2019ya kar\u015f\u0131 al\u0131nan kararlar\u0131 onaylayan, ama somut olarak bir \u015fey yapmayan Bulgaristan, uluslar aras\u0131 karar ve s\u00f6zle\u015fmeleri imzalayan, ama uygulamayan bir \u00fclke olarak ba\u015f\u0131 \u00e7ekiyor. Bu olay sadece bu ajanlar\u0131n \u00f6ld\u00fcr\u00fclmesi de\u011fil bunun arkas\u0131nda daha b\u00fcy\u00fck bir i\u015f var buna senin akl\u0131n ermez.<\/p><div id=\"bghab-970859116\" class=\"bghab-icerik-icine-55-paragraf bghab-entity-placement\"><script async src=\"\/\/pagead2.googlesyndication.com\/pagead\/js\/adsbygoogle.js?client=ca-pub-6203283170189293\" crossorigin=\"anonymous\"><\/script><ins class=\"adsbygoogle\" style=\"display:block; text-align:center;\" data-ad-client=\"ca-pub-6203283170189293\" \ndata-ad-slot=\"7303146466\" \ndata-ad-layout=\"in-article\"\ndata-ad-format=\"fluid\" data-full-width-responsive=\"true\"><\/ins>\n<script> \n(adsbygoogle = window.adsbygoogle || []).push({}); \n<\/script>\n<\/div>\n<p>Osman Oktay bu tavr\u0131 <strong>\u201cBulgar milli \u00e7\u0131karlar\u0131 k\u0131l\u0131f\u0131na s\u0131k\u0131\u015ft\u0131rarak\u201d<\/strong> hakl\u0131 \u00e7\u0131kar\u0131yor. Oysa ayn\u0131 taktikle hareket eden Bulgaristan 1919\u2019dan ba\u015flayarak ve hale Ba\u015fbakan Al. Stanboliyski\u2019nin \u00f6ld\u00fcr\u00fclmesinden sonra (1923) az\u0131nl\u0131klarla ilgili hi\u00e7bir antla\u015fmay\u0131 fiilen uygulamam\u0131\u015f, \u201c<strong>\u00e7ok k\u00fclt\u00fcrl\u00fcl\u00fc\u011f\u00fc<\/strong>\u201d, \u201c<strong>\u00e7ok din ve dilli<\/strong>\u201d olmay\u0131 kabul etmedi\u011fi gibi, etniklerin kendi kimlikleriyle ya\u015famalar\u0131na da olanak tan\u0131mad\u0131 ve tan\u0131m\u0131yor.<\/p>\n<p>Bu g\u00fcn T\u00fcrkiye\u2019deki soyda\u015flar\u0131n se\u00e7me ve se\u00e7ilme hakk\u0131n\u0131n y\u00fczde y\u00fcz uygulanmas\u0131 da g\u00fcndeme getirmiyor. \u0130stanbul&#8217;da BULT\u00dcRK Derne\u011fi 6 ay \u00f6nce sunulan d\u0131\u015f \u00fclkelerdeki vatanda\u015flar\u0131n posta ile se\u00e7ime kat\u0131lmas\u0131 \u00f6nerisine de Bulgarlardan destek gelmiyor. Sivil toplumda hukuk \u00fcst\u00fcnl\u00fc\u011f\u00fc, vatanda\u015flar\u0131n her konuda e\u015fitli\u011fi, siyasi \u00f6rg\u00fctlenme hakk\u0131ndan yararlanma gibi haklar\u0131na k\u0131s\u0131tlama ve engel getirilmemesi de yuvarlak masaya yat\u0131r\u0131lm\u0131yor. En ac\u0131 olan ise, M\u00fcsl\u00fcmanlar\u0131m\u0131z\u0131 temsil ederek konu\u015fan Oktay ise d\u00fcnyay\u0131 ve t\u00fcm ger\u00e7ekleri g\u00f6rmemek i\u00e7in g\u00f6zlerini yumuyor ve\u00a0 ezberledikleri harman edip savuruyor. Bu g\u00fcn Bulgaristan&#8217;da ana okullarda M\u00fcsl\u00fcman \u00e7ocuklar\u0131m\u0131za domuz eti veriliyor, okullarda T\u00fcrk\u00e7e yok, T\u00fcrk\u00e7e gazete, dergi, radyo, TV&#8217;ler yok bu konuda sesi \u00e7\u0131km\u0131yor \u00e7\u00fcnk\u00fc T\u00fcrklerin-M\u00fcsl\u00fcmanlar\u0131n s\u00f6zc\u00fcs\u00fc de\u011fil, Totaliter sistemin y\u00f6neticilerine u\u015fakl\u0131\u011f\u0131n\u0131 yapmaya devam ediyor.<\/p>\n<p><strong>Bulgaristan\u2019da 1989 y\u0131l\u0131ndan \u00f6nce \u00e7ifte standart bir ya\u015fam vard\u0131.<\/strong><\/p>\n<p>Partinin kanad\u0131 alt\u0131nda iyi ya\u015fayanlar \u015fik\u00e2yet etmiyordu.\u00a0 Yo\u011fun yalan propaganda halk\u0131n g\u00f6zlerini k\u00f6r etmi\u015f kulaklar\u0131n\u0131 t\u0131kam\u0131\u015ft\u0131. \u201c<strong>Ge\u00e7i\u015f D\u00f6neminde<\/strong>\u201d gece g\u00fcnd\u00fcz uyumad\u0131lar ve kendilerini \u201c<strong>totaliter d\u00fczene kar\u015f\u0131 sava\u015f\u00e7\u0131<\/strong>\u201d \u00e7\u0131karmaya \u00e7al\u0131\u015ft\u0131lar. Yazd\u0131klar\u0131mdan anla\u015f\u0131ld\u0131\u011f\u0131 \u00fczere, generallerin, <strong>\u201cDS\u201d<\/strong>nin omuzuna basarak y\u00fckselen ve \u015fimdi u\u015fakl\u0131k eden d\u00f6nek ki\u015filerden biri de Osman Oktay\u2019d\u0131r. Biz kendisine kaypak, d\u00f6nek, zavall\u0131 derken, Ahmet Do\u011fan\u2019la aralar\u0131nda ge\u00e7en olaylar\u0131 k\u0131stan olarak alm\u0131yoruz. Bu kavgalar baz\u0131 sebeplerin neticesidir.<\/p>\n<p>Bu k\u00f6y sa\u011fl\u0131k\u00e7\u0131s\u0131 i\u011fne yapmakla ge\u00e7inirken anla\u015f\u0131lan \u201c<strong>ajanl\u0131k<\/strong>\u201d yapm\u0131\u015f ve olduk\u00e7a ba\u015far\u0131l\u0131 olmu\u015f ki, 1990 y\u0131l\u0131n\u0131n ortas\u0131nda Generaller taraf\u0131ndan A.Do\u011fan\u2019la birlikte g\u00f6r\u00fc\u015fmeye davet edilmi\u015f, ortak foto\u011fraf \u00e7ektirmi\u015fler ve bir kitab\u0131n arka sayfas\u0131na girebilmi\u015ftir. Bulgaristan vatanda\u015flar\u0131na, \u201c<strong>dikkat edin<\/strong>\u201d bu adam bizim adam denmi\u015ftir. Daha o zaman bu olay <strong>\u201canlayana sivri sinek saz, anlamayana davul zurna az\u201d<\/strong> \u015feklinde alg\u0131lanm\u0131\u015ft\u0131r. \u00c7\u00fcnk\u00fc bizim halk\u0131m\u0131z onlar\u0131 \u00e7ok iyi tan\u0131rd\u0131.<\/p><div id=\"bghab-1669131844\" class=\"bghab-icerik-icine-60-paragraf bghab-entity-placement\"><script async src=\"\/\/pagead2.googlesyndication.com\/pagead\/js\/adsbygoogle.js?client=ca-pub-6203283170189293\" crossorigin=\"anonymous\"><\/script><ins class=\"adsbygoogle\" style=\"display:block; text-align:center;\" data-ad-client=\"ca-pub-6203283170189293\" \ndata-ad-slot=\"7303146466\" \ndata-ad-layout=\"in-article\"\ndata-ad-format=\"fluid\" data-full-width-responsive=\"true\"><\/ins>\n<script> \n(adsbygoogle = window.adsbygoogle || []).push({}); \n<\/script>\n<\/div>\n<p>Osman Oktay\u2019\u0131n,\u00a0 g\u00f6zlerini kapayarak, ezberledi\u011fi yalan ve uydurma metinleri anlat\u0131rken hi\u00e7 d\u00fc\u015f\u00fcnmemesi ve hatta <strong>\u201cya bu anlatt\u0131klar\u0131n hakikatten b\u00f6ylemidir diye kendi kendine sormamas\u0131\u201d<\/strong>\u00a0 dikkat \u00e7ekiyor. Bu bir tepeg\u00f6zl\u00fckt\u00fcr. T\u00fcrkiye Cumhuriyetinin kurucusunun ismini biliyor amma T\u00fcrkiye tarihinde i\u00e7 sava\u015f olmad\u0131\u011f\u0131n\u0131 beyefendi bilmiyor. Zaten T\u00fcrkiye d\u0131\u015f\u0131ndan Atat\u00fcrk\u00fcn ismini bilen T\u00fcrkiye&#8217;ye kar\u015f\u0131 konu\u015fma hakk\u0131 kazan\u0131yor sanki, onun ismini bile <strong>ATAT\u00dcRK\u00dcN EV\u0130N\u0130 Z\u0130YARET EDEN \u0130LK T\u00dcRK\u0130YE BA\u015eBAKANIN da ERDO\u011eAN<\/strong> oldu\u011funu bilmesi gerekir. <strong>ATAT\u00dcRK\u00dcN EV\u0130NE G\u0130T B\u0130R BAK NE HALE GET\u0130RD\u0130, BUNU ERDO\u011eAN YAPTI.<\/strong> ERDO\u011eAN&#8217;n\u0131n gitti\u011fi yol medeniyetlerin \u00fczerine \u00e7\u0131kmak. Ayr\u0131ca T\u00fcrkiye&#8217;de\u00a0 T\u00fcrklerle K\u00fcrtler ayn\u0131 \u00fclkenin vatanda\u015f\u0131 ve karde\u015ftirler, sen bunu anlayamazs\u0131n zorlanma.<\/p>\n<p>Bizim Atas\u00f6z\u00fcm\u00fcz size bir cevap olsun, <strong>&#8220;Yalanc\u0131n\u0131n mumu ancak yass\u0131ya kadar yanar&#8221;\u2026<\/strong><\/p>\n<p>Biz okurlar\u0131m\u0131za Oktay\u2019\u0131n anlatt\u0131klar\u0131na inanmamalar\u0131n\u0131, bir kula\u011f\u0131mdan girdi bir kula\u011f\u0131mdan \u00e7\u0131kt\u0131, benim derdime i\u011fneci derman olamaz, ben doktora gidece\u011fim, deyip ger\u00e7ekleri ve daha fazlas\u0131n\u0131 \u00f6\u011frenmek i\u00e7in Bulgaristan Stratejik Ara\u015ft\u0131rma Merkezinin <span style=\"color: #0000ff;\"><em><strong>\u201c<a href=\"http:\/\/www.bghaber.org\">www.bghaber.org<\/a>\u201d<\/strong><\/em><\/span> yay\u0131nlar\u0131ndan bilgilenmenizi arzu ederiz.<\/p>\n<p>Devam edecek.<\/p>\n<p>Dostlar\u0131n\u0131z\u0131 da bilgilendiriniz. L\u00fctfen payla\u015f\u0131n\u0131z.<\/p><div id=\"bghab-4064443841\" class=\"bghab-icerik-icine-65-paragraf bghab-entity-placement\"><script async src=\"\/\/pagead2.googlesyndication.com\/pagead\/js\/adsbygoogle.js?client=ca-pub-6203283170189293\" crossorigin=\"anonymous\"><\/script><ins class=\"adsbygoogle\" style=\"display:block; text-align:center;\" data-ad-client=\"ca-pub-6203283170189293\" \ndata-ad-slot=\"7303146466\" \ndata-ad-layout=\"in-article\"\ndata-ad-format=\"fluid\" data-full-width-responsive=\"true\"><\/ins>\n<script> \n(adsbygoogle = window.adsbygoogle || []).push({}); \n<\/script>\n<\/div>\n<div id=\"bghab-4100858505\" class=\"bghab-yazi-altinda bghab-entity-placement\"><div class=\"bghab-adlabel\">Reklamlar<\/div><script async src=\"https:\/\/pagead2.googlesyndication.com\/pagead\/js\/adsbygoogle.js\"><\/script>\r\n<!-- bghaber-yaz\u0131-sonu -->\r\n<ins class=\"adsbygoogle\"\r\n     style=\"display:block\"\r\n     data-ad-client=\"ca-pub-6203283170189293\"\r\n     data-ad-slot=\"4222328180\"\r\n     data-ad-format=\"auto\"\r\n     data-full-width-responsive=\"true\"><\/ins>\r\n<script>\r\n     (adsbygoogle = window.adsbygoogle || []).push({});\r\n<\/script><\/div><br style=\"clear: both; display: block; float: none;\"\/>","protected":false},"excerpt":{"rendered":"<p>D\u00f6nek 6\u00a0 b\u00f6l\u00fcm Tarih: 30 Mart 2018 Yazan: Mehmet \u00c7ak\u0131r Konu:\u00a0\u00a0 \u0130nsanlar\u0131 k\u0131\u015fk\u0131rtmak ve yalan s\u00f6ylemek de d\u00f6nekliktir. D\u00f6neklikte kendisini aldatan ba\u015fkas\u0131n\u0131 aldatamaz. D\u00f6nekli\u011fin \u00e7ok<\/p>\n","protected":false},"author":13,"featured_media":28568,"comment_status":"closed","ping_status":"closed","sticky":false,"template":"","format":"standard","meta":{"advanced_seo_description":"","jetpack_seo_html_title":"","jetpack_seo_noindex":false,"_jetpack_memberships_contains_paid_content":false,"footnotes":""},"categories":[6],"tags":[37,785,100],"class_list":["post-29153","post","type-post","status-publish","format-standard","has-post-thumbnail","hentry","category-yorum","tag-bulturk","tag-bulturk-dernegi","tag-recep-tayyip-erdogan"],"jetpack_featured_media_url":"https:\/\/i0.wp.com\/www.bghaber.org\/bghaber\/wp-content\/uploads\/2018\/03\/Mehmet-Cakir2.jpg?fit=267%2C336&ssl=1","jetpack_sharing_enabled":true,"jetpack_likes_enabled":true,"jetpack-related-posts":[],"jetpack_shortlink":"https:\/\/wp.me\/pc2PfJ-7Ad","_links":{"self":[{"href":"https:\/\/www.bghaber.org\/bghaber\/wp-json\/wp\/v2\/posts\/29153","targetHints":{"allow":["GET"]}}],"collection":[{"href":"https:\/\/www.bghaber.org\/bghaber\/wp-json\/wp\/v2\/posts"}],"about":[{"href":"https:\/\/www.bghaber.org\/bghaber\/wp-json\/wp\/v2\/types\/post"}],"author":[{"embeddable":true,"href":"https:\/\/www.bghaber.org\/bghaber\/wp-json\/wp\/v2\/users\/13"}],"replies":[{"embeddable":true,"href":"https:\/\/www.bghaber.org\/bghaber\/wp-json\/wp\/v2\/comments?post=29153"}],"version-history":[{"count":0,"href":"https:\/\/www.bghaber.org\/bghaber\/wp-json\/wp\/v2\/posts\/29153\/revisions"}],"wp:featuredmedia":[{"embeddable":true,"href":"https:\/\/www.bghaber.org\/bghaber\/wp-json\/wp\/v2\/media\/28568"}],"wp:attachment":[{"href":"https:\/\/www.bghaber.org\/bghaber\/wp-json\/wp\/v2\/media?parent=29153"}],"wp:term":[{"taxonomy":"category","embeddable":true,"href":"https:\/\/www.bghaber.org\/bghaber\/wp-json\/wp\/v2\/categories?post=29153"},{"taxonomy":"post_tag","embeddable":true,"href":"https:\/\/www.bghaber.org\/bghaber\/wp-json\/wp\/v2\/tags?post=29153"}],"curies":[{"name":"wp","href":"https:\/\/api.w.org\/{rel}","templated":true}]}}