{"id":29150,"date":"2018-03-30T19:32:03","date_gmt":"2018-03-30T16:32:03","guid":{"rendered":"http:\/\/www.bghaber.org\/bghaber\/?p=29150"},"modified":"2019-07-01T00:09:04","modified_gmt":"2019-06-30T21:09:04","slug":"bulgaristan-ve-romanya-tuna-nehri-uzerinde-ucuncu-kopru-insaatini-gorustu","status":"publish","type":"post","link":"https:\/\/www.bghaber.org\/bghaber\/bulgaristan-ve-romanya-tuna-nehri-uzerinde-ucuncu-kopru-insaatini-gorustu\/","title":{"rendered":"Bulgaristan ve Romanya, Tuna Nehri \u00fczerinde \u00fc\u00e7\u00fcnc\u00fc k\u00f6pr\u00fc in\u015faat\u0131n\u0131 g\u00f6r\u00fc\u015ft\u00fc"},"content":{"rendered":"<p>Ula\u015ft\u0131rma Bilgi Teknolojisi ve Haberle\u015fme Bakanl\u0131\u011f\u0131ndan verilen bilgiye g\u00f6re Bakan \u0130vaylo Moskovski, Romanya Ula\u015ft\u0131rma Bakan\u0131 Lucyan Shova ve B\u00f6lgesel Politikadan Sorumlu Avrupa Birli\u011fi (AB) Komiseri Corina Kretzu, d\u00fcn Br\u00fcksel\u2019de bir araya geldi. Moskovski, Shova ve Kretzu, Bulgaristan ve Romanya\u2019n\u0131n, Silistre ve Calara\u0219i \u015fehirleri aras\u0131nda Tuna Nehri \u00fczerinde \u00fc\u00e7\u00fcnc\u00fc bir k\u00f6pr\u00fc in\u015fa etme imkanlar\u0131n\u0131 ele ald\u0131lar. B\u00f6yle bir altyap\u0131 projesi, iki b\u00f6lgeyi canland\u0131racak ve \u00f6nemli miktarda yat\u0131r\u0131m \u00e7ekecek.<\/p>\n<p>Toplant\u0131da ayr\u0131ca nehrin ortak kesiminde Bulgaristan-Romanya projelerini y\u00f6netmek i\u00e7in bir ortak giri\u015fim \u015firketi kurma olanaklar\u0131 tart\u0131\u015f\u0131ld\u0131. AB Komiserinin ifadelerine g\u00f6re, nehir t\u00fcm Avrupa \u00fclkeleri i\u00e7in \u00f6nemli bir ula\u015f\u0131m koridorudur ve Avrupa Komisyonu, nehir \u00fczerinde seyr\u00fcsefer ile ilgili t\u00fcm g\u00fcncel sorunlar\u0131 \u00e7\u00f6zmek i\u00e7in Bulgaristan ve Romanya&#8217;ya yard\u0131mc\u0131 olmaya haz\u0131rd\u0131r.<\/p>\n<p>Bakan \u0130vaylo Moskovski, Bulgaristan&#8217;\u0131n AB fonlar\u0131 ve ulusal fonlar\u0131yla uygulad\u0131\u011f\u0131 projeleri tan\u0131tt\u0131. BulRIS projesinin hayata ge\u00e7irilmesiyle Tuna&#8217;n\u0131n Bulgaristan kesiminde seyr\u00fcsefer y\u00f6netimine ili\u015fkin modern teknolojilerin ve sistemlerinin uygulamaya konuldu\u011funu belirtti. Bakan, Bulgaristan&#8217;\u0131n nehrin dibini taramak i\u00e7in bir s\u00f6zle\u015fme imzalad\u0131\u011f\u0131n\u0131 ve onunla 3 y\u0131ll\u0131\u011f\u0131na Bulgaristan kesiminde seyr\u00fcsefer garantisi verildi\u011fini kaydetti.<\/p>\n<p>Moskovski, ayn\u0131 zamanda Tuna Nehrini Ara\u015ft\u0131rma Ajans\u0131 taraf\u0131ndan sat\u0131n al\u0131nacak \u00e7ok fonksiyonlu derinle\u015ftirme ekipmanlar\u0131n\u0131n tedariki i\u00e7in ihale prosed\u00fcr\u00fc haz\u0131rland\u0131\u011f\u0131n\u0131 belirtti.<\/p>\n<p>Bakan,\u201dBir y\u0131l i\u00e7inde Rus\u00e7uk \u015fehrine Tuna&#8217;y\u0131 ara\u015ft\u0131rmak i\u00e7in iki yeni gemi teslim ettik ve bu y\u0131l\u0131n Eyl\u00fcl ay\u0131nda suyolunu i\u015faretleyecek \u00fc\u00e7\u00fcnc\u00fc bir geminin in\u015fas\u0131n\u0131 tamlayaca\u011f\u0131z\u201d dedi.<\/p><div id=\"bghab-1160808753\" class=\"bghab-icerik-icine bghab-entity-placement\"><script async src=\"\/\/pagead2.googlesyndication.com\/pagead\/js\/adsbygoogle.js?client=ca-pub-6203283170189293\" crossorigin=\"anonymous\"><\/script><ins class=\"adsbygoogle\" style=\"display:block; text-align:center;\" data-ad-client=\"ca-pub-6203283170189293\" \ndata-ad-slot=\"7303146466\" \ndata-ad-layout=\"in-article\"\ndata-ad-format=\"fluid\" data-full-width-responsive=\"true\"><\/ins>\n<script> \n(adsbygoogle = window.adsbygoogle || []).push({}); \n<\/script>\n<\/div>\n<p>Bakan Shova, Bulgaristan&#8217;\u0131n Tuna&#8217;n\u0131n bak\u0131m\u0131 konusunda \u00f6nemli ilerleme kaydetti\u011fini ve Romanya i\u00e7in \u201cFastDanube\u201d isimli ortak projenin hayata ge\u00e7irilmesinin b\u00fcy\u00fck \u00f6nem arz etti\u011fini kaydetti. Bakan, \u201cBu proje, nehir havzas\u0131n\u0131n durumu \u00fczerine bir fizibilite \u00e7al\u0131\u015fmas\u0131 y\u00fcr\u00fctmeyi ve seyr\u00fcsefer ko\u015fullar\u0131n\u0131 iyile\u015ftirmek i\u00e7in ortak eylemleri belirlemeyi ama\u00e7lamaktad\u0131r\u201d diye ekledi.<\/p>\n<p>&nbsp;<\/p>\n<p>K\u0131rcaali Haber<\/p>\n<div id=\"bghab-3759413482\" class=\"bghab-yazi-altinda bghab-entity-placement\"><div class=\"bghab-adlabel\">Reklamlar<\/div><script async src=\"https:\/\/pagead2.googlesyndication.com\/pagead\/js\/adsbygoogle.js\"><\/script>\r\n<!-- bghaber-yaz\u0131-sonu -->\r\n<ins class=\"adsbygoogle\"\r\n     style=\"display:block\"\r\n     data-ad-client=\"ca-pub-6203283170189293\"\r\n     data-ad-slot=\"4222328180\"\r\n     data-ad-format=\"auto\"\r\n     data-full-width-responsive=\"true\"><\/ins>\r\n<script>\r\n     (adsbygoogle = window.adsbygoogle || []).push({});\r\n<\/script><\/div><br style=\"clear: both; display: block; float: none;\"\/>","protected":false},"excerpt":{"rendered":"<p>Ula\u015ft\u0131rma Bilgi Teknolojisi ve Haberle\u015fme Bakanl\u0131\u011f\u0131ndan verilen bilgiye g\u00f6re Bakan \u0130vaylo Moskovski, Romanya Ula\u015ft\u0131rma Bakan\u0131 Lucyan Shova ve B\u00f6lgesel Politikadan Sorumlu Avrupa Birli\u011fi (AB) Komiseri<\/p>\n","protected":false},"author":29,"featured_media":23738,"comment_status":"closed","ping_status":"closed","sticky":false,"template":"","format":"standard","meta":{"advanced_seo_description":"","jetpack_seo_html_title":"","jetpack_seo_noindex":false,"_jetpack_memberships_contains_paid_content":false,"footnotes":""},"categories":[9],"tags":[],"class_list":["post-29150","post","type-post","status-publish","format-standard","has-post-thumbnail","hentry","category-ekonomi"],"jetpack_featured_media_url":"https:\/\/i0.wp.com\/www.bghaber.org\/bghaber\/wp-content\/uploads\/2017\/07\/gozum-yasi-tuna-seli.jpg?fit=835%2C551&ssl=1","jetpack_sharing_enabled":true,"jetpack_likes_enabled":true,"jetpack-related-posts":[],"jetpack_shortlink":"https:\/\/wp.me\/pc2PfJ-7Aa","_links":{"self":[{"href":"https:\/\/www.bghaber.org\/bghaber\/wp-json\/wp\/v2\/posts\/29150","targetHints":{"allow":["GET"]}}],"collection":[{"href":"https:\/\/www.bghaber.org\/bghaber\/wp-json\/wp\/v2\/posts"}],"about":[{"href":"https:\/\/www.bghaber.org\/bghaber\/wp-json\/wp\/v2\/types\/post"}],"author":[{"embeddable":true,"href":"https:\/\/www.bghaber.org\/bghaber\/wp-json\/wp\/v2\/users\/29"}],"replies":[{"embeddable":true,"href":"https:\/\/www.bghaber.org\/bghaber\/wp-json\/wp\/v2\/comments?post=29150"}],"version-history":[{"count":0,"href":"https:\/\/www.bghaber.org\/bghaber\/wp-json\/wp\/v2\/posts\/29150\/revisions"}],"wp:featuredmedia":[{"embeddable":true,"href":"https:\/\/www.bghaber.org\/bghaber\/wp-json\/wp\/v2\/media\/23738"}],"wp:attachment":[{"href":"https:\/\/www.bghaber.org\/bghaber\/wp-json\/wp\/v2\/media?parent=29150"}],"wp:term":[{"taxonomy":"category","embeddable":true,"href":"https:\/\/www.bghaber.org\/bghaber\/wp-json\/wp\/v2\/categories?post=29150"},{"taxonomy":"post_tag","embeddable":true,"href":"https:\/\/www.bghaber.org\/bghaber\/wp-json\/wp\/v2\/tags?post=29150"}],"curies":[{"name":"wp","href":"https:\/\/api.w.org\/{rel}","templated":true}]}}