{"id":29147,"date":"2018-03-30T19:00:28","date_gmt":"2018-03-30T16:00:28","guid":{"rendered":"http:\/\/www.bghaber.org\/bghaber\/?p=29147"},"modified":"2019-07-01T00:09:04","modified_gmt":"2019-06-30T21:09:04","slug":"akademisyen-vodenicarov-fakiriz-cunku-hicbir-sey-uretmiyoruz","status":"publish","type":"post","link":"https:\/\/www.bghaber.org\/bghaber\/akademisyen-vodenicarov-fakiriz-cunku-hicbir-sey-uretmiyoruz\/","title":{"rendered":"Akademisyen Vodeni\u00e7arov: Fakiriz, \u00e7\u00fcnk\u00fc hi\u00e7bir \u015fey \u00fcretmiyoruz"},"content":{"rendered":"<p>Bulgaristan Ulusal Televizyonu\u2019na (BNT) konu\u015fan Bulgaristan Bilimler Akademisi (BAN) eski Ba\u015fkan\u0131 Akademisyen Stefan Vodeni\u00e7arov, \u201c15-20 y\u0131l sonra demografi, sa\u011fl\u0131k, e\u011fitim alan\u0131ndaki mevcut toplumsal sorunlar\u0131n de\u011fi\u015fti\u011fini g\u00f6rece\u011fiz. Bu y\u00fczden bir sonraki h\u00fck\u00fcmetle de\u011fi\u015fmeyen ulusal programlara sahip olmal\u0131y\u0131z\u201d diye kaydetti.<\/p>\n<p>Boyko Borisov\u2019un ba\u015fkanl\u0131\u011f\u0131ndaki birinci h\u00fck\u00fcmette E\u011fitim Bakan\u0131 olan akademisyen Vodeni\u00e7arov, \u201cBAN\u2019da olu\u015fturulan bir ekip, kar\u015f\u0131 kar\u015f\u0131ya oldu\u011fumuz t\u00fcm sosyal sorunlar\u0131n ele al\u0131nan &#8220;Bulgaristan\u2019\u0131n S\u00fcrd\u00fcr\u00fclebilir Kalk\u0131nmas\u0131na Y\u00f6nelik Ulusal Hedefler \u0130\u00e7in G\u00f6r\u00fc\u015fler&#8221; ba\u015fl\u0131\u011f\u0131 alt\u0131nda g\u00f6r\u00fc\u015flerini dile getirdi\u201d diye ifade etti.<\/p>\n<p>Bilim adam\u0131, \u201cBulgaristan&#8217;\u0131n b\u00fcy\u00fck sorunu yoksulluk ve biz fakiriz, \u00e7\u00fcnk\u00fc hi\u00e7bir \u015fey \u00fcretmiyoruz. Normal ekonomik hayat\u0131 yeniden canland\u0131ral\u0131m\u201d diye \u00e7a\u011fr\u0131da bulundu.<\/p>\n<p>Akdemisyen Vodeni\u00e7arov\u2019un ifadesine g\u00f6re gelirler art\u0131yor, ama bu Avrupa&#8217;ya g\u00f6re \u00f6nemsiz d\u00fczeyde oluyor.<\/p>\n<p>Akademisyen Vodeni\u00e7arov, \u201cHangi mallar\u0131n aranaca\u011f\u0131n\u0131 bilmek iyi olur \u2013 gelecek elektrikli ara\u00e7lar\u0131n ve \u00fclkemizde elektrik motorlar\u0131 \u00fcretebiliriz. Bulgaristan&#8217;da gelecek i\u00e7in \u00e7inko ve kur\u015fun piller \u00fcretebilen bilim adamlar\u0131 var\u201d diye s\u00f6zlerine ekledi.<\/p><div id=\"bghab-3186919924\" class=\"bghab-icerik-icine bghab-entity-placement\"><script async src=\"\/\/pagead2.googlesyndication.com\/pagead\/js\/adsbygoogle.js?client=ca-pub-6203283170189293\" crossorigin=\"anonymous\"><\/script><ins class=\"adsbygoogle\" style=\"display:block; text-align:center;\" data-ad-client=\"ca-pub-6203283170189293\" \ndata-ad-slot=\"7303146466\" \ndata-ad-layout=\"in-article\"\ndata-ad-format=\"fluid\" data-full-width-responsive=\"true\"><\/ins>\n<script> \n(adsbygoogle = window.adsbygoogle || []).push({}); \n<\/script>\n<\/div>\n<p>28 Mart\u2019ta Bakanlar Kurulu, 2015-2040 D\u00f6nemi \u0130\u00e7in Bulgaristan&#8217;\u0131n Demografik Geli\u015fimine Dair Tahminler Raporu kabul etti. Papor, Parlamento\u2019ya sunulacak. Tahminlere g\u00f6re, Bulgaristan n\u00fcfusu 2040 y\u0131l\u0131na kadar yakla\u015f\u0131k y\u00fczde 20 oran\u0131nda azalacak.<\/p>\n<p>&nbsp;<\/p>\n<p>&nbsp;<\/p>\n<p>K\u0131rcaali Haber<\/p>\n<div id=\"bghab-3321930858\" class=\"bghab-yazi-altinda bghab-entity-placement\"><div class=\"bghab-adlabel\">Reklamlar<\/div><script async src=\"https:\/\/pagead2.googlesyndication.com\/pagead\/js\/adsbygoogle.js\"><\/script>\r\n<!-- bghaber-yaz\u0131-sonu -->\r\n<ins class=\"adsbygoogle\"\r\n     style=\"display:block\"\r\n     data-ad-client=\"ca-pub-6203283170189293\"\r\n     data-ad-slot=\"4222328180\"\r\n     data-ad-format=\"auto\"\r\n     data-full-width-responsive=\"true\"><\/ins>\r\n<script>\r\n     (adsbygoogle = window.adsbygoogle || []).push({});\r\n<\/script><\/div><br style=\"clear: both; display: block; float: none;\"\/>","protected":false},"excerpt":{"rendered":"<p>Bulgaristan Ulusal Televizyonu\u2019na (BNT) konu\u015fan Bulgaristan Bilimler Akademisi (BAN) eski Ba\u015fkan\u0131 Akademisyen Stefan Vodeni\u00e7arov, \u201c15-20 y\u0131l sonra demografi, sa\u011fl\u0131k, e\u011fitim alan\u0131ndaki mevcut toplumsal sorunlar\u0131n de\u011fi\u015fti\u011fini<\/p>\n","protected":false},"author":29,"featured_media":29148,"comment_status":"closed","ping_status":"closed","sticky":false,"template":"","format":"standard","meta":{"advanced_seo_description":"","jetpack_seo_html_title":"","jetpack_seo_noindex":false,"_jetpack_memberships_contains_paid_content":false,"footnotes":""},"categories":[9,1],"tags":[],"class_list":["post-29147","post","type-post","status-publish","format-standard","has-post-thumbnail","hentry","category-ekonomi","category-haberler"],"jetpack_featured_media_url":"https:\/\/i0.wp.com\/www.bghaber.org\/bghaber\/wp-content\/uploads\/2018\/03\/predsedatelqt-stefan-vodenich.jpg?fit=598%2C336&ssl=1","jetpack_sharing_enabled":true,"jetpack_likes_enabled":true,"jetpack-related-posts":[],"jetpack_shortlink":"https:\/\/wp.me\/pc2PfJ-7A7","_links":{"self":[{"href":"https:\/\/www.bghaber.org\/bghaber\/wp-json\/wp\/v2\/posts\/29147","targetHints":{"allow":["GET"]}}],"collection":[{"href":"https:\/\/www.bghaber.org\/bghaber\/wp-json\/wp\/v2\/posts"}],"about":[{"href":"https:\/\/www.bghaber.org\/bghaber\/wp-json\/wp\/v2\/types\/post"}],"author":[{"embeddable":true,"href":"https:\/\/www.bghaber.org\/bghaber\/wp-json\/wp\/v2\/users\/29"}],"replies":[{"embeddable":true,"href":"https:\/\/www.bghaber.org\/bghaber\/wp-json\/wp\/v2\/comments?post=29147"}],"version-history":[{"count":0,"href":"https:\/\/www.bghaber.org\/bghaber\/wp-json\/wp\/v2\/posts\/29147\/revisions"}],"wp:featuredmedia":[{"embeddable":true,"href":"https:\/\/www.bghaber.org\/bghaber\/wp-json\/wp\/v2\/media\/29148"}],"wp:attachment":[{"href":"https:\/\/www.bghaber.org\/bghaber\/wp-json\/wp\/v2\/media?parent=29147"}],"wp:term":[{"taxonomy":"category","embeddable":true,"href":"https:\/\/www.bghaber.org\/bghaber\/wp-json\/wp\/v2\/categories?post=29147"},{"taxonomy":"post_tag","embeddable":true,"href":"https:\/\/www.bghaber.org\/bghaber\/wp-json\/wp\/v2\/tags?post=29147"}],"curies":[{"name":"wp","href":"https:\/\/api.w.org\/{rel}","templated":true}]}}