{"id":29141,"date":"2018-03-30T17:00:40","date_gmt":"2018-03-30T14:00:40","guid":{"rendered":"http:\/\/www.bghaber.org\/bghaber\/?p=29141"},"modified":"2019-07-01T00:09:04","modified_gmt":"2019-06-30T21:09:04","slug":"zaharieva-guney-afrika-cumhuriyeti-disisleri-bakani-ile-gorustu","status":"publish","type":"post","link":"https:\/\/www.bghaber.org\/bghaber\/zaharieva-guney-afrika-cumhuriyeti-disisleri-bakani-ile-gorustu\/","title":{"rendered":"Zaharieva, G\u00fcney Afrika Cumhuriyeti D\u0131\u015fi\u015fleri Bakan\u0131 ile g\u00f6r\u00fc\u015ft\u00fc"},"content":{"rendered":"<p>Bulgaristan&#8217;\u0131n d\u0131\u015f politikas\u0131n\u0131n \u00f6nceliklerinden biri, Afrika \u00fclkeleriyle geleneksel m\u00fckemmel ili\u015fkilerimizi yenilemektir.<\/p>\n<p>G\u00fcney Afrika Cumhuriyeti&#8217;nde, \u00fclkelerimiz aras\u0131nda bir k\u00f6pr\u00fcy\u00fc olu\u015fturan 25 bin vatanda\u015f\u0131m\u0131z var. Bunu, Ba\u015fbakan Yard\u0131mc\u0131s\u0131 ve D\u0131\u015fi\u015fleri Bakan\u0131 Ekaterina Zaharieva taraf\u0131ndan, G\u00fcney Afrika Cumhuriyeti Uluslararas\u0131 \u0130li\u015fkiler ve \u0130\u015fbirli\u011fi Bakan\u0131 Lindiwe Sisulu ile Pretoria&#8217;daki bir g\u00f6r\u00fc\u015fmede dile getirildi.<\/p>\n<p>Bulgaristan ile G\u00fcney Afrika Cumhuriyeti aras\u0131ndaki ba\u015far\u0131l\u0131 i\u015fbirli\u011finin bir \u00f6rne\u011fi olarak Zaharieva, 2017 y\u0131l\u0131nda Sofya &#8216;da \u00fc\u00e7 al\u0131\u015fveri\u015f merkezi sat\u0131n alan G\u00fcney Afrika&#8217; dan birka\u00e7 yat\u0131r\u0131m fonlar\u0131n\u0131n giri\u015fine dikkat \u00e7ekti.<\/p>\n<p>&nbsp;<\/p>\n<p>BNR<\/p><div id=\"bghab-3247757100\" class=\"bghab-icerik-icine bghab-entity-placement\"><script async src=\"\/\/pagead2.googlesyndication.com\/pagead\/js\/adsbygoogle.js?client=ca-pub-6203283170189293\" crossorigin=\"anonymous\"><\/script><ins class=\"adsbygoogle\" style=\"display:block; text-align:center;\" data-ad-client=\"ca-pub-6203283170189293\" \ndata-ad-slot=\"7303146466\" \ndata-ad-layout=\"in-article\"\ndata-ad-format=\"fluid\" data-full-width-responsive=\"true\"><\/ins>\n<script> \n(adsbygoogle = window.adsbygoogle || []).push({}); \n<\/script>\n<\/div>\n<div id=\"bghab-3073294398\" class=\"bghab-yazi-altinda bghab-entity-placement\"><div class=\"bghab-adlabel\">Reklamlar<\/div><script async src=\"https:\/\/pagead2.googlesyndication.com\/pagead\/js\/adsbygoogle.js\"><\/script>\r\n<!-- bghaber-yaz\u0131-sonu -->\r\n<ins class=\"adsbygoogle\"\r\n     style=\"display:block\"\r\n     data-ad-client=\"ca-pub-6203283170189293\"\r\n     data-ad-slot=\"4222328180\"\r\n     data-ad-format=\"auto\"\r\n     data-full-width-responsive=\"true\"><\/ins>\r\n<script>\r\n     (adsbygoogle = window.adsbygoogle || []).push({});\r\n<\/script><\/div><br style=\"clear: both; display: block; float: none;\"\/>","protected":false},"excerpt":{"rendered":"<p>Bulgaristan&#8217;\u0131n d\u0131\u015f politikas\u0131n\u0131n \u00f6nceliklerinden biri, Afrika \u00fclkeleriyle geleneksel m\u00fckemmel ili\u015fkilerimizi yenilemektir. G\u00fcney Afrika Cumhuriyeti&#8217;nde, \u00fclkelerimiz aras\u0131nda bir k\u00f6pr\u00fcy\u00fc olu\u015fturan 25 bin vatanda\u015f\u0131m\u0131z var. Bunu, Ba\u015fbakan<\/p>\n","protected":false},"author":29,"featured_media":29142,"comment_status":"closed","ping_status":"closed","sticky":false,"template":"","format":"standard","meta":{"advanced_seo_description":"","jetpack_seo_html_title":"","jetpack_seo_noindex":false,"_jetpack_memberships_contains_paid_content":false,"footnotes":""},"categories":[1,4],"tags":[],"class_list":["post-29141","post","type-post","status-publish","format-standard","has-post-thumbnail","hentry","category-haberler","category-siyaset"],"jetpack_featured_media_url":"https:\/\/i0.wp.com\/www.bghaber.org\/bghaber\/wp-content\/uploads\/2018\/03\/Zaharieva-G%C3%BCney-Afrika-Cumhuriyeti-D%C4%B1%C5%9Fi%C5%9Fleri-Bakan%C4%B1.jpg?fit=610%2C343&ssl=1","jetpack_sharing_enabled":true,"jetpack_likes_enabled":true,"jetpack-related-posts":[],"jetpack_shortlink":"https:\/\/wp.me\/pc2PfJ-7A1","_links":{"self":[{"href":"https:\/\/www.bghaber.org\/bghaber\/wp-json\/wp\/v2\/posts\/29141","targetHints":{"allow":["GET"]}}],"collection":[{"href":"https:\/\/www.bghaber.org\/bghaber\/wp-json\/wp\/v2\/posts"}],"about":[{"href":"https:\/\/www.bghaber.org\/bghaber\/wp-json\/wp\/v2\/types\/post"}],"author":[{"embeddable":true,"href":"https:\/\/www.bghaber.org\/bghaber\/wp-json\/wp\/v2\/users\/29"}],"replies":[{"embeddable":true,"href":"https:\/\/www.bghaber.org\/bghaber\/wp-json\/wp\/v2\/comments?post=29141"}],"version-history":[{"count":0,"href":"https:\/\/www.bghaber.org\/bghaber\/wp-json\/wp\/v2\/posts\/29141\/revisions"}],"wp:featuredmedia":[{"embeddable":true,"href":"https:\/\/www.bghaber.org\/bghaber\/wp-json\/wp\/v2\/media\/29142"}],"wp:attachment":[{"href":"https:\/\/www.bghaber.org\/bghaber\/wp-json\/wp\/v2\/media?parent=29141"}],"wp:term":[{"taxonomy":"category","embeddable":true,"href":"https:\/\/www.bghaber.org\/bghaber\/wp-json\/wp\/v2\/categories?post=29141"},{"taxonomy":"post_tag","embeddable":true,"href":"https:\/\/www.bghaber.org\/bghaber\/wp-json\/wp\/v2\/tags?post=29141"}],"curies":[{"name":"wp","href":"https:\/\/api.w.org\/{rel}","templated":true}]}}