{"id":28969,"date":"2018-03-27T19:03:47","date_gmt":"2018-03-27T16:03:47","guid":{"rendered":"http:\/\/www.bghaber.org\/bghaber\/?p=28969"},"modified":"2019-07-01T00:09:47","modified_gmt":"2019-06-30T21:09:47","slug":"muslumanlarin-orani-yukseldiginde-devletimiz-artik-tehlike-altinda-kalacak","status":"publish","type":"post","link":"https:\/\/www.bghaber.org\/bghaber\/muslumanlarin-orani-yukseldiginde-devletimiz-artik-tehlike-altinda-kalacak\/","title":{"rendered":"M\u00fcsl\u00fcmanlar\u0131n oran\u0131 y\u00fckseldi\u011finde devletimiz art\u0131k tehlike alt\u0131nda kalacak"},"content":{"rendered":"<p>Bulgaristan Ba\u015fm\u00fcft\u00fcl\u00fc\u011f\u00fc Y\u00fcksek \u0130slam \u015euras\u0131, savc\u0131 Nedialka Popova\u2019n\u0131n M\u00fcsl\u00fcmanlarla ilgili a\u00e7\u0131klamalar\u0131n\u0131n kabul edilemez oldu\u011funu bildirdi. Y\u00fcksek \u0130slam \u015euras\u0131&#8217;n\u0131n kamuoyu duyurusunda, Popova\u2019n\u0131n s\u00f6zlerinin \u00fclkedeki M\u00fcsl\u00fcmanlara kar\u015f\u0131 nefret su\u00e7unu k\u00f6r\u00fckledi\u011fi belirtilerek, ilgili devlet kurumlar\u0131n\u0131n yan\u0131 s\u0131ra Avrupa Birli\u011fi (AB) mercilerine de \u015fikayette bulunacaklar\u0131 kaydedildi.<\/p>\n<p>T\u00fcrklere ait siyasi partiler de savc\u0131 Popova\u2019n\u0131n, M\u00fcsl\u00fcmanlar\u0131 hedef g\u00f6steren ve dini temele dayal\u0131 nefreti k\u00f6r\u00fckleyen s\u00f6zlerinin son derece tehlikeli oldu\u011funu a\u00e7\u0131klad\u0131.<\/p>\n<p>Hak ve \u00d6zg\u00fcrl\u00fckler Hareketi Partisi (H\u00d6H) Genel Ba\u015fkan\u0131 Mustafa Karaday\u0131, Popova\u2019n\u0131n a\u00e7\u0131klamalar\u0131 nedeniyle savc\u0131l\u0131\u011fa su\u00e7 duyurusunda bulunacaklar\u0131n\u0131 s\u00f6yledi. H\u00d6H Partisi yetkilileri, Popova\u2019n\u0131n toplumda dini ve etnik temele dayal\u0131 k\u0131\u015fk\u0131rtmada bulundu\u011funu ifade etti.<\/p>\n<p>Sorumluluk, \u00d6zg\u00fcrl\u00fck ve Ho\u015fg\u00f6r\u00fc i\u00e7in Demokratlar Partisi (DOST) yetkilileri de \u00fclkedeki M\u00fcsl\u00fcmanlar\u0131 hedef g\u00f6steren ve nefret yayan s\u00f6zlerin kabul edilemez oldu\u011funu belirtti.<\/p>\n<p>\u00d6te yandan, Bulgaristan\u2019da sekiz y\u0131ld\u0131r devam eden ve kamuoyunda &#8220;13 \u0130mam davas\u0131&#8221; olarak bilinen davada savc\u0131 olarak g\u00f6revlendirilen Nedialka Popova, Bulgar bas\u0131n\u0131na verdi\u011fi m\u00fclakatta \u00fclkedeki M\u00fcsl\u00fcmanlar\u0131n h\u0131zla \u00e7o\u011fald\u0131\u011f\u0131n\u0131 ve bu durumun da devletin g\u00fcvenli\u011fini tehlike alt\u0131nda b\u0131rakt\u0131\u011f\u0131n\u0131 iddia etmi\u015fti.<\/p><div id=\"bghab-2222531724\" class=\"bghab-icerik-icine bghab-entity-placement\"><script async src=\"\/\/pagead2.googlesyndication.com\/pagead\/js\/adsbygoogle.js?client=ca-pub-6203283170189293\" crossorigin=\"anonymous\"><\/script><ins class=\"adsbygoogle\" style=\"display:block; text-align:center;\" data-ad-client=\"ca-pub-6203283170189293\" \ndata-ad-slot=\"7303146466\" \ndata-ad-layout=\"in-article\"\ndata-ad-format=\"fluid\" data-full-width-responsive=\"true\"><\/ins>\n<script> \n(adsbygoogle = window.adsbygoogle || []).push({}); \n<\/script>\n<\/div>\n<p>Popova \u015funlar\u0131 s\u00f6ylemi\u015fti: &#8220;Bu davayla ilgili amac\u0131n sadece mahkemeye gidilmesi de\u011fil, kamuoyuna duyurulmas\u0131 \u00f6nemli. Topluma bir uyar\u0131da bulunmak i\u00e7in Bulgaristan\u2019da bir ak\u0131m var ve susmamam\u0131z laz\u0131m mesaj\u0131 verilmesi \u00f6nemli. Biz bu ak\u0131mda tehlike g\u00f6r\u00fcyoruz. Halihaz\u0131rda Bulgaristan\u2019daki M\u00fcsl\u00fcmanlar\u0131n n\u00fcfus oran\u0131 y\u00fczde 10 ile 12 aras\u0131. \u0130leri ki d\u00f6nemde azalacaklar\u0131n\u0131 da d\u00fc\u015f\u00fcnm\u00fcyoruz. Tam tersi olacak. Yurt d\u0131\u015f\u0131ndan \u00fclkeye M\u00fcsl\u00fcman geli\u015fi, T\u00fcrkiye\u2019deki g\u00f6\u00e7menlerin d\u00f6n\u00fc\u015f\u00fc ve do\u011fum oran\u0131n\u0131n y\u00fckselmesiyle say\u0131lar\u0131 artacak. M\u00fcsl\u00fcmanlar\u0131n oran\u0131 y\u00fczde 30\u2019a y\u00fckseldi\u011finde devletimiz art\u0131k tehlike alt\u0131nda kalacak. Onlar tek par\u00e7a olarak hareket ediyor. Neredeyse askeri yap\u0131ya benziyorlar. Gidin oy kullan\u0131n denilince gidiyorlar.&#8221;<\/p>\n<p>&nbsp;<\/p>\n<blockquote><p>\u0130HA<\/p><\/blockquote>\n<div id=\"bghab-4266928769\" class=\"bghab-yazi-altinda bghab-entity-placement\"><div class=\"bghab-adlabel\">Reklamlar<\/div><script async src=\"https:\/\/pagead2.googlesyndication.com\/pagead\/js\/adsbygoogle.js\"><\/script>\r\n<!-- bghaber-yaz\u0131-sonu -->\r\n<ins class=\"adsbygoogle\"\r\n     style=\"display:block\"\r\n     data-ad-client=\"ca-pub-6203283170189293\"\r\n     data-ad-slot=\"4222328180\"\r\n     data-ad-format=\"auto\"\r\n     data-full-width-responsive=\"true\"><\/ins>\r\n<script>\r\n     (adsbygoogle = window.adsbygoogle || []).push({});\r\n<\/script><\/div><br style=\"clear: both; display: block; float: none;\"\/>","protected":false},"excerpt":{"rendered":"<p>Bulgaristan Ba\u015fm\u00fcft\u00fcl\u00fc\u011f\u00fc Y\u00fcksek \u0130slam \u015euras\u0131, savc\u0131 Nedialka Popova\u2019n\u0131n M\u00fcsl\u00fcmanlarla ilgili a\u00e7\u0131klamalar\u0131n\u0131n kabul edilemez oldu\u011funu bildirdi. Y\u00fcksek \u0130slam \u015euras\u0131&#8217;n\u0131n kamuoyu duyurusunda, Popova\u2019n\u0131n s\u00f6zlerinin \u00fclkedeki M\u00fcsl\u00fcmanlara kar\u015f\u0131<\/p>\n","protected":false},"author":29,"featured_media":3918,"comment_status":"closed","ping_status":"closed","sticky":false,"template":"","format":"standard","meta":{"advanced_seo_description":"","jetpack_seo_html_title":"","jetpack_seo_noindex":false,"_jetpack_memberships_contains_paid_content":false,"footnotes":""},"categories":[1,4],"tags":[],"class_list":["post-28969","post","type-post","status-publish","format-standard","has-post-thumbnail","hentry","category-haberler","category-siyaset"],"jetpack_featured_media_url":"https:\/\/i0.wp.com\/www.bghaber.org\/bghaber\/wp-content\/uploads\/2013\/07\/kircaali-camisi-namaz.jpg?fit=400%2C300&ssl=1","jetpack_sharing_enabled":true,"jetpack_likes_enabled":true,"jetpack-related-posts":[],"jetpack_shortlink":"https:\/\/wp.me\/pc2PfJ-7xf","_links":{"self":[{"href":"https:\/\/www.bghaber.org\/bghaber\/wp-json\/wp\/v2\/posts\/28969","targetHints":{"allow":["GET"]}}],"collection":[{"href":"https:\/\/www.bghaber.org\/bghaber\/wp-json\/wp\/v2\/posts"}],"about":[{"href":"https:\/\/www.bghaber.org\/bghaber\/wp-json\/wp\/v2\/types\/post"}],"author":[{"embeddable":true,"href":"https:\/\/www.bghaber.org\/bghaber\/wp-json\/wp\/v2\/users\/29"}],"replies":[{"embeddable":true,"href":"https:\/\/www.bghaber.org\/bghaber\/wp-json\/wp\/v2\/comments?post=28969"}],"version-history":[{"count":0,"href":"https:\/\/www.bghaber.org\/bghaber\/wp-json\/wp\/v2\/posts\/28969\/revisions"}],"wp:featuredmedia":[{"embeddable":true,"href":"https:\/\/www.bghaber.org\/bghaber\/wp-json\/wp\/v2\/media\/3918"}],"wp:attachment":[{"href":"https:\/\/www.bghaber.org\/bghaber\/wp-json\/wp\/v2\/media?parent=28969"}],"wp:term":[{"taxonomy":"category","embeddable":true,"href":"https:\/\/www.bghaber.org\/bghaber\/wp-json\/wp\/v2\/categories?post=28969"},{"taxonomy":"post_tag","embeddable":true,"href":"https:\/\/www.bghaber.org\/bghaber\/wp-json\/wp\/v2\/tags?post=28969"}],"curies":[{"name":"wp","href":"https:\/\/api.w.org\/{rel}","templated":true}]}}