{"id":28947,"date":"2018-03-27T15:15:00","date_gmt":"2018-03-27T12:15:00","guid":{"rendered":"http:\/\/www.bghaber.org\/bghaber\/?p=28947"},"modified":"2019-07-02T21:56:36","modified_gmt":"2019-07-02T18:56:36","slug":"hukumet-motosiklet-federasyonunun-borclarini-kapatti","status":"publish","type":"post","link":"https:\/\/www.bghaber.org\/bghaber\/hukumet-motosiklet-federasyonunun-borclarini-kapatti\/","title":{"rendered":"H\u00fck\u00fcmet motosiklet federasyonunun bor\u00e7lar\u0131n\u0131 kapatt\u0131"},"content":{"rendered":"<p>H\u00fck\u00fcmet\u00a0 Bulgar Motosiklet\u00a0 Federasyonu\u2019nun\u00a0 Uluslararas\u0131\u00a0 Motosiklet Federasyonu\u2019na\u00a0 \/FIM\/\u2019e\u00a0 olan\u00a0 borcunun kapat\u0131lmas\u0131 i\u00e7in\u00a0 Gen\u00e7lik\u00a0 ve Spor\u00a0 Bakanl\u0131\u011f\u0131\u2019n\u0131n\u00a0 b\u00fct\u00e7esine\u00a0 ek para\u00a0 verilmesi karar\u0131 verdi.<\/p>\n<p>Bulgar federasyonu\u00a0 D\u00fcnya\u00a0 ve Avrupa\u00a0 \u015fampiyonlu\u011funu\u00a0 \u00f6rg\u00fctleyen\u00a0 Grand prix Bulgaria\u00a0 firmas\u0131na\u00a0 850\u00a0 bin Avro\u00a0 de\u011ferinde borcu\u00a0 var. Ve bu bor\u00e7\u00a0 tahsis edilen\u00a0 paralarla\u00a0 kapat\u0131lacak.<\/p>\n<p>S\u00f6z konusu bor\u00e7lardan dolay\u0131\u00a0 Bulgar\u00a0 Motosiklet\u00a0 Federasyonu lisans\u0131z\u00a0 kalm\u0131\u015ft\u0131.<\/p>\n<p>&nbsp;<\/p>\n<p>BNR<\/p><div id=\"bghab-3347401009\" class=\"bghab-icerik-icine bghab-entity-placement\"><script async src=\"\/\/pagead2.googlesyndication.com\/pagead\/js\/adsbygoogle.js?client=ca-pub-6203283170189293\" crossorigin=\"anonymous\"><\/script><ins class=\"adsbygoogle\" style=\"display:block; text-align:center;\" data-ad-client=\"ca-pub-6203283170189293\" \ndata-ad-slot=\"7303146466\" \ndata-ad-layout=\"in-article\"\ndata-ad-format=\"fluid\" data-full-width-responsive=\"true\"><\/ins>\n<script> \n(adsbygoogle = window.adsbygoogle || []).push({}); \n<\/script>\n<\/div>\n<div id=\"bghab-2429749682\" class=\"bghab-yazi-altinda bghab-entity-placement\"><div class=\"bghab-adlabel\">Reklamlar<\/div><script async src=\"https:\/\/pagead2.googlesyndication.com\/pagead\/js\/adsbygoogle.js\"><\/script>\r\n<!-- bghaber-yaz\u0131-sonu -->\r\n<ins class=\"adsbygoogle\"\r\n     style=\"display:block\"\r\n     data-ad-client=\"ca-pub-6203283170189293\"\r\n     data-ad-slot=\"4222328180\"\r\n     data-ad-format=\"auto\"\r\n     data-full-width-responsive=\"true\"><\/ins>\r\n<script>\r\n     (adsbygoogle = window.adsbygoogle || []).push({});\r\n<\/script><\/div><br style=\"clear: both; display: block; float: none;\"\/>","protected":false},"excerpt":{"rendered":"<p>H\u00fck\u00fcmet\u00a0 Bulgar Motosiklet\u00a0 Federasyonu\u2019nun\u00a0 Uluslararas\u0131\u00a0 Motosiklet Federasyonu\u2019na\u00a0 \/FIM\/\u2019e\u00a0 olan\u00a0 borcunun kapat\u0131lmas\u0131 i\u00e7in\u00a0 Gen\u00e7lik\u00a0 ve Spor\u00a0 Bakanl\u0131\u011f\u0131\u2019n\u0131n\u00a0 b\u00fct\u00e7esine\u00a0 ek para\u00a0 verilmesi karar\u0131 verdi. Bulgar federasyonu\u00a0 D\u00fcnya\u00a0<\/p>\n","protected":false},"author":29,"featured_media":28948,"comment_status":"closed","ping_status":"closed","sticky":false,"template":"","format":"standard","meta":{"advanced_seo_description":"","jetpack_seo_html_title":"","jetpack_seo_noindex":false,"_jetpack_memberships_contains_paid_content":false,"footnotes":""},"categories":[7],"tags":[],"class_list":["post-28947","post","type-post","status-publish","format-standard","has-post-thumbnail","hentry","category-saglik-spor"],"jetpack_featured_media_url":"https:\/\/i0.wp.com\/www.bghaber.org\/bghaber\/wp-content\/uploads\/2018\/03\/bulgaristan-motosiklet-federasyonu.jpg?fit=425%2C239&ssl=1","jetpack_sharing_enabled":true,"jetpack_likes_enabled":true,"jetpack-related-posts":[],"jetpack_shortlink":"https:\/\/wp.me\/pc2PfJ-7wT","_links":{"self":[{"href":"https:\/\/www.bghaber.org\/bghaber\/wp-json\/wp\/v2\/posts\/28947","targetHints":{"allow":["GET"]}}],"collection":[{"href":"https:\/\/www.bghaber.org\/bghaber\/wp-json\/wp\/v2\/posts"}],"about":[{"href":"https:\/\/www.bghaber.org\/bghaber\/wp-json\/wp\/v2\/types\/post"}],"author":[{"embeddable":true,"href":"https:\/\/www.bghaber.org\/bghaber\/wp-json\/wp\/v2\/users\/29"}],"replies":[{"embeddable":true,"href":"https:\/\/www.bghaber.org\/bghaber\/wp-json\/wp\/v2\/comments?post=28947"}],"version-history":[{"count":0,"href":"https:\/\/www.bghaber.org\/bghaber\/wp-json\/wp\/v2\/posts\/28947\/revisions"}],"wp:featuredmedia":[{"embeddable":true,"href":"https:\/\/www.bghaber.org\/bghaber\/wp-json\/wp\/v2\/media\/28948"}],"wp:attachment":[{"href":"https:\/\/www.bghaber.org\/bghaber\/wp-json\/wp\/v2\/media?parent=28947"}],"wp:term":[{"taxonomy":"category","embeddable":true,"href":"https:\/\/www.bghaber.org\/bghaber\/wp-json\/wp\/v2\/categories?post=28947"},{"taxonomy":"post_tag","embeddable":true,"href":"https:\/\/www.bghaber.org\/bghaber\/wp-json\/wp\/v2\/tags?post=28947"}],"curies":[{"name":"wp","href":"https:\/\/api.w.org\/{rel}","templated":true}]}}