{"id":28945,"date":"2018-03-27T14:11:10","date_gmt":"2018-03-27T11:11:10","guid":{"rendered":"http:\/\/www.bghaber.org\/bghaber\/?p=28945"},"modified":"2019-07-02T21:56:36","modified_gmt":"2019-07-02T18:56:36","slug":"razgradda-ibrahim-pasa-cami-eski-ihtisamina-kavusacak","status":"publish","type":"post","link":"https:\/\/www.bghaber.org\/bghaber\/razgradda-ibrahim-pasa-cami-eski-ihtisamina-kavusacak\/","title":{"rendered":"Razgrad\u2019da \u0130brahim Pa\u015fa Cami eski ihti\u015fam\u0131na kavu\u015facak"},"content":{"rendered":"<p>H\u00fck\u00fcmet Razgrad\u2019daki Maktul \u0130brahim Pa\u015fa Caminin tamiri ve restorasyonu i\u00e7in kamu ihalesi a\u00e7ma karar\u0131 ald\u0131. \u0130hale i\u015flerinin organizasyonu Razgrad Valisi G\u00fcnay H\u00fcsmen\u2019e g\u00f6rev olarak verildi. Milli \u00f6neme sahip k\u00fclt\u00fcr an\u0131t\u0131 olan cami y\u0131llardan beri onar\u0131lmam\u0131\u015f, \u00e7at\u0131s\u0131 y\u0131k\u0131l\u0131yor, bina g\u00f6vdesinde ise ciddi hasarlar var.<\/p>\n<p>Ge\u00e7en y\u0131l yaz aylar\u0131nda \u0130l Valili\u011fi caminin \u00f6zellikle \u00e7at\u0131s\u0131n\u0131 kaplayan ot ve \u00e7al\u0131lardan temizlemek i\u00e7in seferber oldu. Razgrad Valisi G\u00fcnay H\u00fcsmen, Razgrad B\u00f6lge M\u00fcft\u00fcl\u00fc\u011f\u00fcn\u00fcn de talebiyle Bakanalar Kuruluna mektup g\u00f6nderdi ve acil onar\u0131m i\u00e7in kaynak talep etti. H\u00fck\u00fcmet, k\u0131\u015ftan \u00f6nce \u00e7at\u0131n\u0131n sa\u011flamla\u015ft\u0131r\u0131lmas\u0131 i\u00e7in 20 bin leva (10 bin Euro) para tahsis etti. Onar\u0131m \u00e7al\u0131\u015fmalar\u0131 Ulusal Ta\u015f\u0131nmaz K\u00fclt\u00fcrel Varl\u0131klar Enstit\u00fcs\u00fc ile dan\u0131\u015farak yap\u0131ld\u0131.<\/p>\n<p>Razgrad Valisi G\u00fcnay H\u00fcsmen radyomuza yapt\u0131\u011f\u0131 a\u00e7\u0131klamada \u015funu s\u00f6yledi:\u00a0<i>\u201c27 y\u0131l boyunca tek bir y\u00f6netici yok olmaya y\u00fcz tutan bu k\u00fclt\u00fcr mabedinin onar\u0131lmas\u0131 ve yenilenmesi i\u00e7in bir \u015fey yapmam\u0131\u015f. \u015eimdi hem b\u00f6lgeye daha fazla turistin gelmesi i\u00e7in imkanlar yarat\u0131yoruz, hem de il \u015fehrinde merkezin genel g\u00f6r\u00fcn\u00fcm\u00fcn\u00fcn tamamen iyile\u015fmesi i\u00e7in ba\u015far\u0131l\u0131 ad\u0131m at\u0131yoruz\u201d.<\/i><\/p>\n<p><img data-recalc-dims=\"1\" decoding=\"async\" src=\"https:\/\/i0.wp.com\/static.bnr.bg\/gallery\/f3\/f3fdd2175803f744536851c78b3d865d.jpg?w=640\" alt=\"\u00d0\u00a1\u00d0\u00bd\u00d0\u00b8\u00d0\u00bc\u00d0\u00ba\u00d0\u00b0\" \/><\/p>\n<p>G\u00fcnay H\u00fcsmen 43. Halk Meclisinde milletvekili s\u0131fat\u0131yla da caminin restorasyonu i\u00e7in \u00e7areler arad\u0131\u011f\u0131n\u0131 kaydetti:\u00a0<i>\u201c\u015eehir sakinlerinin iste\u011fi \u00fczerine cami \u00e7at\u0131s\u0131n\u0131 tefti\u015f ettim ve ger\u00e7ekten a\u011fa\u00e7larla, \u00e7at\u0131larla kapl\u0131 oldu\u011funu g\u00f6rd\u00fcm. Durum ger\u00e7ekten i\u00e7ler ac\u0131s\u0131yd\u0131. K\u00fclt\u00fcr an\u0131t\u0131 olan bu yap\u0131n\u0131m \u00e7ok k\u00f6t\u00fc durumda oldu\u011funu g\u00f6rd\u00fcm ve acil m\u00fcdahale gereklili\u011fini anlad\u0131m\u201d<\/i>\u00a0diyor.<\/p>\n<p>Bunun ard\u0131ndan d\u00f6nemin K\u00fclt\u00fcr Bakan\u0131 Vejdi Ra\u015fidov\u2019a m\u00fcracaat eder ve \u00e7at\u0131n\u0131n temizlenmesi i\u00e7in acil ad\u0131mlar at\u0131lmas\u0131n\u0131 talep eder. Bir y\u0131l sonra 2017\u2019de Razgrad Valisi g\u00f6revine getirilen H\u00fcsmen, bu konuda daha ciddi ad\u0131mlar atar. G\u00f6reve ge\u00e7mesinden birka\u00e7 ay sonra caminin onar\u0131m \u00e7al\u0131\u015fmalar\u0131 i\u00e7in faaliyete ge\u00e7en H\u00fcsmen, bu giri\u015fiminde Ba\u015fbakan Boyko Borisov\u2019dan destek ald\u0131\u011f\u0131 i\u00e7in te\u015fekk\u00fcrlerini iletiyor. \u015eimdi caminin yenilenmesi ve restorasyonu i\u00e7in yat\u0131r\u0131m projesi haz\u0131rlanacak. Razgrad Valisi tamir prosed\u00fcrlerinin kolay olmad\u0131\u011f\u0131n\u0131, ancak bu k\u00fclt\u00fcrel ve tarihi miras\u0131n eski ihti\u015fam\u0131na kavu\u015fmas\u0131 i\u00e7in elinden geleni yapaca\u011f\u0131n\u0131 da vurguluyor.<\/p><div id=\"bghab-3794516648\" class=\"bghab-icerik-icine bghab-entity-placement\"><script async src=\"\/\/pagead2.googlesyndication.com\/pagead\/js\/adsbygoogle.js?client=ca-pub-6203283170189293\" crossorigin=\"anonymous\"><\/script><ins class=\"adsbygoogle\" style=\"display:block; text-align:center;\" data-ad-client=\"ca-pub-6203283170189293\" \ndata-ad-slot=\"7303146466\" \ndata-ad-layout=\"in-article\"\ndata-ad-format=\"fluid\" data-full-width-responsive=\"true\"><\/ins>\n<script> \n(adsbygoogle = window.adsbygoogle || []).push({}); \n<\/script>\n<\/div>\n<p>Caminin onar\u0131m\u0131 i\u00e7in gerekli paralar hen\u00fcz belirlenmedi. Yat\u0131r\u0131m projesi haz\u0131rland\u0131ktan sonra kaynaklar\u0131n oran\u0131 da belli olacak, diyor H\u00fcsmen. Edirne ve Razgrad Valilikleri aras\u0131nda K\u00fclt\u00fcr, Turizm ve\u00a0Spor Alan\u0131nda \u0130\u015fbirli\u011fi S\u00f6zle\u015fmesi imzaland\u0131\u011f\u0131n\u0131 kaydeden Vali G\u00fcnay H\u00fcsmen, Edirne Valili\u011finin Razgrad Camisinin tamir i\u015flerine yard\u0131m edebilece\u011fini belirtti.<\/p>\n<p>Valiye g\u00f6re Razgrad \u0130brahim Pa\u015fa Camisi, d\u00fcnyan\u0131n d\u00f6rt bir taraf\u0131ndan turistlerin ziyaret edece\u011fi bir turistik merkeze d\u00f6n\u00fc\u015fmelidir. Bu konuda spek\u00fclasyonlardan ka\u00e7\u0131nan G\u00fcnay H\u00fcsmen:<i>\u00a0\u201cBulgar devletinin temsilcisi olarak valinin Bulgar tarihi miras\u0131n\u0131 korumakla y\u00fck\u00fcml\u00fc oldu\u011funu d\u00fc\u015f\u00fcn\u00fcyorum. \u0130brahim Pa\u015fa Cami de milli \u00f6neme sahip b\u00f6yle bir ta\u015f\u0131nmaz de\u011ferdir\u201d diye ilave etti. G\u00fcnay H\u00fcsmen \u201cCaminin turistik merkeze d\u00f6n\u00fc\u015fmesi i\u00e7in eski ihti\u015fam\u0131na d\u00f6n\u00fc\u015fmesi i\u00e7in onar\u0131m ve restorasyonu yapmam\u0131z laz\u0131m\u201d<\/i>\u00a0dedi.<\/p>\n<p><img data-recalc-dims=\"1\" decoding=\"async\" src=\"https:\/\/i0.wp.com\/static.bnr.bg\/gallery\/2f\/2fcf76c752ec69fef1c8236bf6dbc0af.jpg?w=640\" alt=\"\u0421\u043d\u0438\u043c\u043a\u0430\" \/><\/p>\n<p>Razgrad B\u00f6lge Tarih M\u00fczesi M\u00fcd\u00fcr\u00fc Galena Radoslavova caminin tarihiyle ilgili bilgi verdi:\u00a0<i>\u201c\u0130brahim Pa\u015fa Cami Balkan Yar\u0131madas\u0131nda \u00fc\u00e7\u00fcnc\u00fc b\u00fcy\u00fckl\u00fckteki camidir. Razgrad\u2019\u0131n tam merkezinde yer alan yap\u0131, Osmanl\u0131 mimarisinin muhte\u015fem bir \u00f6rne\u011fi olarak g\u00fcn\u00fcm\u00fcze kadar gelmi\u015ftir.\u201d<\/i>\u00a0Caminin Sultan S\u00fcleyman vezirlerinden \u0130brahim Pa\u015fa taraf\u0131ndan kuruldu\u011funu anlatan Radoslavova, tarihiyle ilgili ilk kaynaklar\u0131n 1533 y\u0131l\u0131ndan kalan vak\u0131fnamesinde bulundu\u011funu s\u00f6yledi. Sofya \u201cKiril I Metodiy\u201d Milli K\u00fct\u00fcphanesinin Osmanl\u0131 ve \u015earkiyat B\u00f6l\u00fcm\u00fcnde korunan ar\u015fiflere g\u00f6re, cami 1600 y\u0131l\u0131na kadar faaliyette kalm\u0131\u015f.\u00a0Ondan sonra bilinmedik nedenlerden dolay\u0131 cami temellerine kadar y\u0131k\u0131lm\u0131\u015f. Maktul \u0130brahim Pa\u015fa\u2019n\u0131n kurdu\u011fu eski caminin temellerine ilk olarak 1986 y\u0131l\u0131 arkeolojik kaz\u0131larda rastlan\u0131r. Tarih\u00e7i Zlatka Geneva\u2019n\u0131n kaz\u0131lar\u0131, camiyi eski haline d\u00f6n\u00fc\u015ft\u00fcrme \u00e7al\u0131\u015fmalar\u0131 ba\u011flam\u0131nda ger\u00e7ekle\u015fiyormu\u015f. 2001 y\u0131l\u0131nda yeni arkeolojik kaz\u0131lar yap\u0131l\u0131r ve tam cami giri\u015finde eski caminin izlerine rastlayan bulgular elde edilir.\u00a0<i>\u201c1616-1617\u00a0y\u0131l\u0131nda eski cami temelleri \u00fczerine yeni cami kurulur. Bug\u00fcn Razgrad meydan\u0131nda yer alan ve ad\u0131na \u0130brahim Pa\u015fa verilen cami i\u015fte bu tarihten kalm\u0131\u015ft\u0131r\u201d\u00a0<\/i>diyor Galena Radoslavova.<\/p>\n<p><i><br \/>\n\u201cCamide toplam 50 pencere var. M\u00fcsl\u00fcmanlar\u0131n kutsal sayd\u0131klar\u0131 ku\u015flar i\u00e7in de 50 ku\u015fluk yap\u0131lm\u0131\u015f. Kur\u015fun kaplamal\u0131 kubbenin \u00e7ap\u0131 48 metre, uzunlu\u011fu ise 16 metredir. Yontulmu\u015f ta\u015flardan yap\u0131lan minare ise, g\u00fczel detaylar\u0131yla dikkat \u00e7ekiyor. Ta\u015f minare \u00e7ok g\u00fczel. Cami 30 y\u0131ldan beri faaliyette de\u011fil. 1980\u2019li y\u0131llar\u0131n ortas\u0131nda kapat\u0131lm\u0131\u015f. Caminin i\u00e7 kesimlerinde duvar s\u00fcslemelerin restorasyonu ve arkeolojik kaz\u0131lar amac\u0131yla kapat\u0131lan cami bir daha da a\u00e7\u0131lmam\u0131\u015f\u201d.<\/i><\/p>\n<p><img data-recalc-dims=\"1\" decoding=\"async\" src=\"https:\/\/i0.wp.com\/static.bnr.bg\/gallery\/97\/9775d6aad06f883d31321d63ac3d1e7d.jpg?w=640\" alt=\"\u0421\u043d\u0438\u043c\u043a\u0430\" \/><\/p>\n<p>\u201c\u0130brahim Pa\u015fa Caminin\u201d tamiriyle ilgili karar halk\u0131 da memnun etti. Caminin k\u00fclt\u00fcrel ve tarihi an\u0131t olarak onar\u0131lmas\u0131 ve \u015fehre daha fazla gelir sa\u011flayacak turist ak\u0131m\u0131na yol a\u00e7aca\u011f\u0131n\u0131 umuyor.<\/p><div id=\"bghab-1374464200\" class=\"bghab-icerik-icine-10-paragraf bghab-entity-placement\"><script async src=\"\/\/pagead2.googlesyndication.com\/pagead\/js\/adsbygoogle.js?client=ca-pub-6203283170189293\" crossorigin=\"anonymous\"><\/script><ins class=\"adsbygoogle\" style=\"display:block; text-align:center;\" data-ad-client=\"ca-pub-6203283170189293\" \ndata-ad-slot=\"7303146466\" \ndata-ad-layout=\"in-article\"\ndata-ad-format=\"fluid\" data-full-width-responsive=\"true\"><\/ins>\n<script> \n(adsbygoogle = window.adsbygoogle || []).push({}); \n<\/script>\n<\/div>\n<p>&nbsp;<\/p>\n<p>Haber: Saadet Saffet,\u00a0\u00c7eviri: Sevda D\u00fckkanc\u0131, BNR<\/p>\n<div id=\"bghab-3636441438\" class=\"bghab-yazi-altinda bghab-entity-placement\"><div class=\"bghab-adlabel\">Reklamlar<\/div><script async src=\"https:\/\/pagead2.googlesyndication.com\/pagead\/js\/adsbygoogle.js\"><\/script>\r\n<!-- bghaber-yaz\u0131-sonu -->\r\n<ins class=\"adsbygoogle\"\r\n     style=\"display:block\"\r\n     data-ad-client=\"ca-pub-6203283170189293\"\r\n     data-ad-slot=\"4222328180\"\r\n     data-ad-format=\"auto\"\r\n     data-full-width-responsive=\"true\"><\/ins>\r\n<script>\r\n     (adsbygoogle = window.adsbygoogle || []).push({});\r\n<\/script><\/div><br style=\"clear: both; display: block; float: none;\"\/>","protected":false},"excerpt":{"rendered":"<p>H\u00fck\u00fcmet Razgrad\u2019daki Maktul \u0130brahim Pa\u015fa Caminin tamiri ve restorasyonu i\u00e7in kamu ihalesi a\u00e7ma karar\u0131 ald\u0131. \u0130hale i\u015flerinin organizasyonu Razgrad Valisi G\u00fcnay H\u00fcsmen\u2019e g\u00f6rev olarak verildi.<\/p>\n","protected":false},"author":29,"featured_media":28090,"comment_status":"closed","ping_status":"closed","sticky":false,"template":"","format":"standard","meta":{"advanced_seo_description":"","jetpack_seo_html_title":"","jetpack_seo_noindex":false,"_jetpack_memberships_contains_paid_content":false,"footnotes":""},"categories":[1,10],"tags":[],"class_list":["post-28945","post","type-post","status-publish","format-standard","has-post-thumbnail","hentry","category-haberler","category-kultur-sanat"],"jetpack_featured_media_url":"https:\/\/i0.wp.com\/www.bghaber.org\/bghaber\/wp-content\/uploads\/2018\/03\/razgrad-Makbul-ibrahim-Pasa-Camisi.jpg?fit=555%2C347&ssl=1","jetpack_sharing_enabled":true,"jetpack_likes_enabled":true,"jetpack-related-posts":[],"jetpack_shortlink":"https:\/\/wp.me\/pc2PfJ-7wR","_links":{"self":[{"href":"https:\/\/www.bghaber.org\/bghaber\/wp-json\/wp\/v2\/posts\/28945","targetHints":{"allow":["GET"]}}],"collection":[{"href":"https:\/\/www.bghaber.org\/bghaber\/wp-json\/wp\/v2\/posts"}],"about":[{"href":"https:\/\/www.bghaber.org\/bghaber\/wp-json\/wp\/v2\/types\/post"}],"author":[{"embeddable":true,"href":"https:\/\/www.bghaber.org\/bghaber\/wp-json\/wp\/v2\/users\/29"}],"replies":[{"embeddable":true,"href":"https:\/\/www.bghaber.org\/bghaber\/wp-json\/wp\/v2\/comments?post=28945"}],"version-history":[{"count":0,"href":"https:\/\/www.bghaber.org\/bghaber\/wp-json\/wp\/v2\/posts\/28945\/revisions"}],"wp:featuredmedia":[{"embeddable":true,"href":"https:\/\/www.bghaber.org\/bghaber\/wp-json\/wp\/v2\/media\/28090"}],"wp:attachment":[{"href":"https:\/\/www.bghaber.org\/bghaber\/wp-json\/wp\/v2\/media?parent=28945"}],"wp:term":[{"taxonomy":"category","embeddable":true,"href":"https:\/\/www.bghaber.org\/bghaber\/wp-json\/wp\/v2\/categories?post=28945"},{"taxonomy":"post_tag","embeddable":true,"href":"https:\/\/www.bghaber.org\/bghaber\/wp-json\/wp\/v2\/tags?post=28945"}],"curies":[{"name":"wp","href":"https:\/\/api.w.org\/{rel}","templated":true}]}}