{"id":28781,"date":"2018-03-24T15:18:33","date_gmt":"2018-03-24T12:18:33","guid":{"rendered":"http:\/\/www.bghaber.org\/bghaber\/?p=28781"},"modified":"2019-07-04T20:41:02","modified_gmt":"2019-07-04T17:41:02","slug":"derekoy-sinir-kapisinda-yogun-kar-yagisi","status":"publish","type":"post","link":"https:\/\/www.bghaber.org\/bghaber\/derekoy-sinir-kapisinda-yogun-kar-yagisi\/","title":{"rendered":"Derek\u00f6y S\u0131n\u0131r Kap\u0131s\u0131&#8217;nda yo\u011fun kar ya\u011f\u0131\u015f\u0131"},"content":{"rendered":"<p>K\u0131rklareli&#8217;nin y\u00fcksek kesimlerinde sabah ba\u015flayan kar ya\u011f\u0131\u015f\u0131 kent merkezinde de etkisini artt\u0131rd\u0131.<\/p>\n<p>Kent merkezinde aniden ba\u015flayan\u00a0kar ya\u011f\u0131\u015f\u0131\u00a0nedeniyle \u015fa\u015fk\u0131nl\u0131k ya\u015fayan vatanda\u015flar cep telefonlar\u0131yla bu an\u0131 \u00f6l\u00fcms\u00fczle\u015ftirdi.\u00a0 \u0130l Emniyet M\u00fcd\u00fcrl\u00fc\u011f\u00fc trafik ekipleri yo\u011funluk olu\u015fmamas\u0131 amac\u0131yla s\u00fcr\u00fcc\u00fcleri y\u00f6nlendirdi.<\/p>\n<p>Hava s\u0131cakl\u0131\u011f\u0131n\u0131n s\u0131f\u0131r\u0131n alt\u0131nda 2 dere \u00f6l\u00e7\u00fcld\u00fc\u011f\u00fc Demirk\u00f6y ve Kof\u00e7az il\u00e7eleri ile Bulgaristan&#8217;a ula\u015f\u0131m\u0131n sa\u011fland\u0131\u011f\u0131 Derek\u00f6y S\u0131n\u0131r Kap\u0131s\u0131 yolunda kar ya\u011f\u0131\u015f\u0131 sabahtan bu yana etkisini s\u00fcrd\u00fcr\u00fcyor.<\/p>\n<p>Kar kal\u0131nl\u0131\u011f\u0131 Demirk\u00f6y il\u00e7esinde 8, Kof\u00e7az il\u00e7esinde yer yer 10, Bulgaristan&#8217;a ula\u015f\u0131m\u0131n sa\u011fland\u0131\u011f\u0131 Derek\u00f6y S\u0131n\u0131r Kap\u0131s\u0131 yolunda 5 santimetreye ula\u015ft\u0131.<\/p>\n<p>&nbsp;<\/p><div id=\"bghab-2295239623\" class=\"bghab-icerik-icine bghab-entity-placement\"><script async src=\"\/\/pagead2.googlesyndication.com\/pagead\/js\/adsbygoogle.js?client=ca-pub-6203283170189293\" crossorigin=\"anonymous\"><\/script><ins class=\"adsbygoogle\" style=\"display:block; text-align:center;\" data-ad-client=\"ca-pub-6203283170189293\" \ndata-ad-slot=\"7303146466\" \ndata-ad-layout=\"in-article\"\ndata-ad-format=\"fluid\" data-full-width-responsive=\"true\"><\/ins>\n<script> \n(adsbygoogle = window.adsbygoogle || []).push({}); \n<\/script>\n<\/div>\n<p>AA<\/p>\n<div id=\"bghab-1797855383\" class=\"bghab-yazi-altinda bghab-entity-placement\"><div class=\"bghab-adlabel\">Reklamlar<\/div><script async src=\"https:\/\/pagead2.googlesyndication.com\/pagead\/js\/adsbygoogle.js\"><\/script>\r\n<!-- bghaber-yaz\u0131-sonu -->\r\n<ins class=\"adsbygoogle\"\r\n     style=\"display:block\"\r\n     data-ad-client=\"ca-pub-6203283170189293\"\r\n     data-ad-slot=\"4222328180\"\r\n     data-ad-format=\"auto\"\r\n     data-full-width-responsive=\"true\"><\/ins>\r\n<script>\r\n     (adsbygoogle = window.adsbygoogle || []).push({});\r\n<\/script><\/div><br style=\"clear: both; display: block; float: none;\"\/>","protected":false},"excerpt":{"rendered":"<p>K\u0131rklareli&#8217;nin y\u00fcksek kesimlerinde sabah ba\u015flayan kar ya\u011f\u0131\u015f\u0131 kent merkezinde de etkisini artt\u0131rd\u0131. Kent merkezinde aniden ba\u015flayan\u00a0kar ya\u011f\u0131\u015f\u0131\u00a0nedeniyle \u015fa\u015fk\u0131nl\u0131k ya\u015fayan vatanda\u015flar cep telefonlar\u0131yla bu an\u0131 \u00f6l\u00fcms\u00fczle\u015ftirdi.\u00a0<\/p>\n","protected":false},"author":29,"featured_media":25332,"comment_status":"closed","ping_status":"closed","sticky":false,"template":"","format":"standard","meta":{"advanced_seo_description":"","jetpack_seo_html_title":"","jetpack_seo_noindex":false,"_jetpack_memberships_contains_paid_content":false,"footnotes":""},"categories":[5],"tags":[],"class_list":["post-28781","post","type-post","status-publish","format-standard","has-post-thumbnail","hentry","category-yasam"],"jetpack_featured_media_url":"https:\/\/i0.wp.com\/www.bghaber.org\/bghaber\/wp-content\/uploads\/2017\/12\/derekoy-sinir-kapisi-kar-yagisi.jpg?fit=600%2C400&ssl=1","jetpack_sharing_enabled":true,"jetpack_likes_enabled":true,"jetpack-related-posts":[],"jetpack_shortlink":"https:\/\/wp.me\/pc2PfJ-7ud","_links":{"self":[{"href":"https:\/\/www.bghaber.org\/bghaber\/wp-json\/wp\/v2\/posts\/28781","targetHints":{"allow":["GET"]}}],"collection":[{"href":"https:\/\/www.bghaber.org\/bghaber\/wp-json\/wp\/v2\/posts"}],"about":[{"href":"https:\/\/www.bghaber.org\/bghaber\/wp-json\/wp\/v2\/types\/post"}],"author":[{"embeddable":true,"href":"https:\/\/www.bghaber.org\/bghaber\/wp-json\/wp\/v2\/users\/29"}],"replies":[{"embeddable":true,"href":"https:\/\/www.bghaber.org\/bghaber\/wp-json\/wp\/v2\/comments?post=28781"}],"version-history":[{"count":0,"href":"https:\/\/www.bghaber.org\/bghaber\/wp-json\/wp\/v2\/posts\/28781\/revisions"}],"wp:featuredmedia":[{"embeddable":true,"href":"https:\/\/www.bghaber.org\/bghaber\/wp-json\/wp\/v2\/media\/25332"}],"wp:attachment":[{"href":"https:\/\/www.bghaber.org\/bghaber\/wp-json\/wp\/v2\/media?parent=28781"}],"wp:term":[{"taxonomy":"category","embeddable":true,"href":"https:\/\/www.bghaber.org\/bghaber\/wp-json\/wp\/v2\/categories?post=28781"},{"taxonomy":"post_tag","embeddable":true,"href":"https:\/\/www.bghaber.org\/bghaber\/wp-json\/wp\/v2\/tags?post=28781"}],"curies":[{"name":"wp","href":"https:\/\/api.w.org\/{rel}","templated":true}]}}