{"id":28751,"date":"2018-03-24T01:00:38","date_gmt":"2018-03-23T22:00:38","guid":{"rendered":"http:\/\/www.bghaber.org\/bghaber\/?p=28751"},"modified":"2018-03-24T09:04:13","modified_gmt":"2018-03-24T06:04:13","slug":"gonul-baglarimiz-hedefte","status":"publish","type":"post","link":"https:\/\/www.bghaber.org\/bghaber\/gonul-baglarimiz-hedefte\/","title":{"rendered":"G\u00f6n\u00fcl Ba\u011flar\u0131m\u0131z Hedefte  \u00a0"},"content":{"rendered":"<p>Tarih: 23 o3 2018<\/p>\n<p>Yazan: Muh. Mehmet \u00c7ak\u0131r.<\/p>\n<p>Konu: <strong>B\u00fcy\u00fck Ba\u015fkan Erdo\u011fan\u2019\u0131n Varna G\u00f6r\u00fc\u015fmeleri Arifesinde<\/strong><\/p>\n<p>Selam vard\u0131r insan\u0131 uyand\u0131r\u0131r. S\u00f6z vard\u0131r insan\u0131 kanatland\u0131r\u0131r.<\/p>\n<p>28 y\u0131ldan beri Bulgaristan&#8217;\u0131 ara\u015ft\u0131ran \u201cFridrich Nauman\u201d vakf\u0131, \u201c<strong>III. Boyko Borisov h\u00fck\u00fcmeti i\u00e7in ancak y\u0131l sonuna kadar dayanabilir<\/strong>, dedi.<\/p><div id=\"bghab-4063557160\" class=\"bghab-icerik-icine bghab-entity-placement\"><script async src=\"\/\/pagead2.googlesyndication.com\/pagead\/js\/adsbygoogle.js?client=ca-pub-6203283170189293\" crossorigin=\"anonymous\"><\/script><ins class=\"adsbygoogle\" style=\"display:block; text-align:center;\" data-ad-client=\"ca-pub-6203283170189293\" \ndata-ad-slot=\"7303146466\" \ndata-ad-layout=\"in-article\"\ndata-ad-format=\"fluid\" data-full-width-responsive=\"true\"><\/ins>\n<script> \n(adsbygoogle = window.adsbygoogle || []).push({}); \n<\/script>\n<\/div>\n<p>\u00dclkenin hak\u00e7a tutulan TV \u015fovmeni Slavi Trifonov,\u00a0 milletvekillerine hitaben \u201c<strong>Kafalar\u0131n\u0131z\u0131 kuma ne kadar derin sokarsan\u0131z sokun, popolar\u0131n\u0131z hep d\u0131\u015far\u0131da kalacak<\/strong>\u201d dedi.<\/p>\n<p>\u201c<strong>Gal\u0131p<\/strong>\u201d\u2019n Avrupa Birli\u011fi \u00fclkelerinde yapt\u0131\u011f\u0131 son ankette, \u201c<strong>\u00fclke n\u00fcfusunun y\u00fczde ka\u00e7\u0131n\u0131n VATAN u\u011fruna sava\u015fmaya haz\u0131r oldu\u011fu<\/strong>\u201d ortaya \u00e7\u0131kt\u0131. Bulgaristan\u2019da bu oran % 25.<\/p>\n<p>Fakat Bulgaristan\u2019\u0131n Kuzey Bat\u0131 eyaletleri olan Vidin, Vratsa ve Montana topraklar\u0131 i\u00e7in kan d\u00f6kmeye, silaha sar\u0131lmaya haz\u0131r olan neredeyse yok gibiyken, Say\u0131n Devlet Ba\u015fkan\u0131m\u0131z Recep Tayyip Erdo\u011fan\u2019\u0131n Sakarya AK Partisi kurultay\u0131ndan g\u00f6n\u00fcl selam\u0131 g\u00f6nderdi\u011fi ve \u201c<strong>kalbimin bir yar\u0131s\u0131 oradad\u0131<\/strong>r\u201d dedi\u011fi K\u0131rcaali ilini elden ka\u00e7\u0131rmak istemeyen Bulgarlar \u00e7ok kalabal\u0131kla\u015ft\u0131, onlarda birden K\u0131rcaali&#8217;yi hat\u0131rlad\u0131lar.<\/p>\n<p>Bu tart\u0131\u015fmalar ve K\u0131rcaali konusunda kamuoyu \u00fczerine \u00e7ullanan yeni bask\u0131 asl\u0131nda 3 Mart <strong>\u201cBulgar Milli Bayram\u0131\u201d<\/strong> kutlamalar\u0131n\u0131n devam\u0131 olarak k\u0131z\u0131\u015ft\u0131r\u0131l\u0131yor. Bilindi\u011fi \u00fczere, 1878 Berlin Konferans\u0131 K\u0131rcaali, Haskovo, Blagoevgrad topraklar\u0131n\u0131 Osmanl\u0131ya b\u0131rakm\u0131\u015ft\u0131, Filibe, (Plovdiv), Tatar Pacarc\u0131k (Pazarc\u0131k), Eski Zara (Stara Zagora), Slivne (Sliven ve Burgaz topraklar\u0131n\u0131 da <strong>\u201cDo\u011fu Trakya\u201d<\/strong> otonom b\u00f6lgesi olalar ilan etmi\u015fti. Ba\u015fkenti Sofya olan Bulgar Prensli\u011fi de Koca Balkan\u2019\u0131n kuzeyine Tuna boyunca Vidin ile Varna aras\u0131na s\u0131k\u0131\u015ft\u0131r\u0131lm\u0131\u015ft\u0131.<\/p>\n<p>Balkan ve D\u00fcnya Sava\u015flar\u0131n\u0131n hepsine kat\u0131lan ve hepsinden yenik \u00e7\u0131kan Bulgaristan, Prenslik topraklar\u0131n\u0131 3 misli geni\u015fletirken, T\u00fcrklerin ya\u015fad\u0131\u011f\u0131 G\u00fcney Do\u011fu Rodoplar\u0131, M\u00fcsl\u00fcman Pomaklar\u0131n ya\u015fad\u0131\u011f\u0131 Bat\u0131 Rodoplar\u0131 ve Pirin B\u00f6lgesi ile Yambol ve Burgaz y\u00f6relerini de devletin s\u0131n\u0131rlar\u0131 i\u00e7ine alabildi.<\/p><div id=\"bghab-2699449693\" class=\"bghab-icerik-icine-10-paragraf bghab-entity-placement\"><script async src=\"\/\/pagead2.googlesyndication.com\/pagead\/js\/adsbygoogle.js?client=ca-pub-6203283170189293\" crossorigin=\"anonymous\"><\/script><ins class=\"adsbygoogle\" style=\"display:block; text-align:center;\" data-ad-client=\"ca-pub-6203283170189293\" \ndata-ad-slot=\"7303146466\" \ndata-ad-layout=\"in-article\"\ndata-ad-format=\"fluid\" data-full-width-responsive=\"true\"><\/ins>\n<script> \n(adsbygoogle = window.adsbygoogle || []).push({}); \n<\/script>\n<\/div>\n<p>Bu topraklarda ya\u015fayan M\u00fcsl\u00fcman n\u00fcfus, tek milletli, tek dilli ve Hristiyan dinine ba\u011fl\u0131 bir devlette ya\u015famak istemediklerinden dolay\u0131 K\u0131rcaali y\u00f6resinin Bulgaristan&#8217;a ba\u011fland\u0131\u011f\u0131 1914\u2019ten beri T\u00fcrkiye\u2019ye g\u00f6\u00e7 devam ediyor. Ger\u00e7ek durumun analizinden \u00e7\u0131karak, 1925\u2019te Ankara Bulgar \u00c7arl\u0131\u011f\u0131 ile bir <strong>\u201cDostluk Antla\u015fmas\u0131&#8221;<\/strong> imzalayan T\u00fcrkiye Cumhuriyeti h\u00fckumeti g\u00f6\u00e7 kap\u0131s\u0131n\u0131 da resmi olarak a\u00e7t\u0131.<\/p>\n<p>O g\u00fcnden bu g\u00fcne 91 y\u0131l ge\u00e7mi\u015f olmas\u0131na ra\u011fmen, bu topraklarda ya\u015fayan T\u00fcrk-M\u00fcsl\u00fcmanlar\u0131n ne g\u00f6\u00e7 seli durdu, ne de onlar\u0131n T\u00fcrk-M\u00fcsl\u00fcman olarak ya\u015famaktan vazge\u00e7irmek amac\u0131yla yap\u0131lan bask\u0131lar\u0131n ard\u0131 aras\u0131 kesildi.<\/p>\n<p>O kadar ileri gittiler ki, Okul ve anadilde konu\u015fmay\u0131, yazmay\u0131, haberle\u015fmeyi dahi yasaklayan, 1985\u2019te bu insanlar\u0131n isimleri, dinlerine ve T\u00fcrk-M\u00fcsl\u00fcman kimliklerine sald\u0131ran Bulgar devleti, Bulgaristan\u2019da T\u00fcrkl\u00fc\u011f\u00fc, T\u00fcrk ya\u015fam \u015feklini, namus ve ahlak\u0131n\u0131, M\u00fcsl\u00fcman dinini ve geleneklerini, e\u011fitim sistemini yok etmek i\u00e7in hi\u00e7bir g\u00fcn elini ard\u0131na koymad\u0131, niyetini bozmad\u0131.<\/p>\n<p>Bu olaylar\u0131n en sonuncusu Mastanli (Mom\u00e7ilgrat) \u015fehrinde, 3 ile 6 ya\u015f aras\u0131nda 130 T\u00fcrk, Bulgar ve \u00c7ingene \u00e7ocu\u011fun gidip geldi\u011fi bir anaokulunda ya\u015fand\u0131. Anaokulu y\u00f6netiminin giri\u015fimiyle d\u00fczenlenen <strong>\u201cBirlikte Ya\u015fayal\u0131m Birlikte Mutlu olal\u0131m\u201d\u00a0<\/strong> etnik \u015fenli\u011finde, T\u00fcrk \u00e7ocuklar\u0131n \u201c<strong>T\u00fcrk Danslar\u0131<\/strong>\u201d sergilemesi Makedon \u0130\u00e7 Devrim Hareketi lideri (VMRO), a\u015f\u0131r\u0131 milliyet\u00e7i gruptan \u015fu anda Ba\u015fbakan Yard\u0131mc\u0131s\u0131 ve Savunma Bakan\u0131 Kasimir \u00a0Karaka\u00e7anov \u00f6nc\u00fcl\u00fc\u011f\u00fcnde devleti ve kurumlar\u0131n\u0131 aya\u011fa kald\u0131rd\u0131. Ellerinde olsa anaokulu avlusunda T\u00fcrk Dansl\u0131 g\u00f6sterisi d\u00fczenlediler diye devletin topunu, tank\u0131n\u0131, u\u00e7a\u011f\u0131n\u0131, polisini ve daha ne kadar kaz kafal\u0131 Bulgar devlet g\u00f6revlisi varsa hepsini \u00e7ocuklar\u0131n \u00fczerine s\u00fcrecek ve onlar\u0131 ezdirecek.<\/p>\n<p>\u015eimdiye kadar a\u015f\u0131r\u0131 sald\u0131r\u0131dan, a\u015f\u0131r\u0131 \u015foven, a\u015f\u0131r\u0131 milliyet\u00e7i dedi\u011fimiz, Avrupa Konseyine g\u00f6re ise <strong>\u201cfa\u015fist&#8221; olan bu \u015fahs\u0131 biraz tan\u0131yal\u0131m:<\/strong><\/p><div id=\"bghab-3771255965\" class=\"bghab-icerik-icine-15-paragraf bghab-entity-placement\"><script async src=\"\/\/pagead2.googlesyndication.com\/pagead\/js\/adsbygoogle.js?client=ca-pub-6203283170189293\" crossorigin=\"anonymous\"><\/script><ins class=\"adsbygoogle\" style=\"display:block; text-align:center;\" data-ad-client=\"ca-pub-6203283170189293\" \ndata-ad-slot=\"7303146466\" \ndata-ad-layout=\"in-article\"\ndata-ad-format=\"fluid\" data-full-width-responsive=\"true\"><\/ins>\n<script> \n(adsbygoogle = window.adsbygoogle || []).push({}); \n<\/script>\n<\/div>\n<p><img data-recalc-dims=\"1\" decoding=\"async\" src=\"https:\/\/i0.wp.com\/tornadobg.com\/wp-content\/uploads\/2017\/03\/krka.jpg?w=640\" alt=\"\u041a\u0440\u0430\u0441\u0438\u043c\u0438\u0440 \u041a\u0430\u0440\u0430\u043a\u0430\u0447\u0430\u043d\u043e\u0432\" \/><\/p>\n<p><strong>\/ \u00c7ift resimli foto\u011fraf \/ <\/strong><\/p>\n<p><strong>Kaynak: (Tornado.bg. com.)<\/strong><\/p>\n<p><strong>Sa\u011fdaki\u00a0 foto\u011fraf:\u00a0<\/strong><strong>Krasimir Don\u00e7ev Karaka\u00e7anov<\/strong><\/p>\n<p>Uyan\u0131k Olunuz:\u00a0Siyaset\u00e7iler yurtseverli\u011fi ki\u015fisel zenginlik y\u0131\u011fmak i\u00e7in kullan\u0131yorlar.<\/p>\n<p><strong>Soldaki foto\u011fraf:\u00a0<\/strong><strong>Krasimir Don\u00e7ev Karaka\u00e7anov\u00a0 \u00a0 \u00a0 \u00a0 \u00a0 \u00a0 \u00a0 \u00a0 \u00a0<\/strong><\/p><div id=\"bghab-1560482051\" class=\"bghab-icerik-icine-20-paragraf bghab-entity-placement\"><script async src=\"\/\/pagead2.googlesyndication.com\/pagead\/js\/adsbygoogle.js?client=ca-pub-6203283170189293\" crossorigin=\"anonymous\"><\/script><ins class=\"adsbygoogle\" style=\"display:block; text-align:center;\" data-ad-client=\"ca-pub-6203283170189293\" \ndata-ad-slot=\"7303146466\" \ndata-ad-layout=\"in-article\"\ndata-ad-format=\"fluid\" data-full-width-responsive=\"true\"><\/ins>\n<script> \n(adsbygoogle = window.adsbygoogle || []).push({}); \n<\/script>\n<\/div>\n<p>Devlet G\u00fcvenli\u011fi (DC)\u00a0 \u00a0Ar\u015fiv \u2116<strong>: 546 \u00a0\u00a0\u00a0\u00a0\u00a0\u00a0\u00a0\u00a0\u00a0\u00a0\u00a0\u00a0\u00a0\u00a0\u00a0\u00a0\u00a0\u00a0\u00a0\u00a0\u00a0\u00a0\u00a0\u00a0\u00a0\u00a0\u00a0\u00a0\u00a0\u00a0\u00a0\u00a0\u00a0\u00a0\u00a0\u00a0\u00a0\u00a0\u00a0\u00a0\u00a0\u00a0\u00a0\u00a0\u00a0\u00a0\u00a0<\/strong><\/p>\n<p><strong>DOSYA VMRO \u2013\u00a0<\/strong><strong>\u00a0<\/strong>\u0130\u00e7 Makedon Devrim \u00d6rg\u00fct\u00fc. Ajan<strong> \u201c\u0130van\u201d<\/strong><\/p>\n<p>11.05 1989 g\u00fcn\u00fc ajan olarak kazan\u0131lm\u0131\u015ft\u0131r.<\/p>\n<p>16.05. 1989\u2019da ajan olarak kayd\u0131 yap\u0131lm\u0131\u015ft\u0131r.<\/p>\n<p>1990 y\u0131l\u0131ndan beri VMRO \u00f6rg\u00fct\u00fc \u00fcyesidir.<\/p><div id=\"bghab-1284658073\" class=\"bghab-icerik-icine-25-paragraf bghab-entity-placement\"><script async src=\"\/\/pagead2.googlesyndication.com\/pagead\/js\/adsbygoogle.js?client=ca-pub-6203283170189293\" crossorigin=\"anonymous\"><\/script><ins class=\"adsbygoogle\" style=\"display:block; text-align:center;\" data-ad-client=\"ca-pub-6203283170189293\" \ndata-ad-slot=\"7303146466\" \ndata-ad-layout=\"in-article\"\ndata-ad-format=\"fluid\" data-full-width-responsive=\"true\"><\/ins>\n<script> \n(adsbygoogle = window.adsbygoogle || []).push({}); \n<\/script>\n<\/div>\n<p>1997 tarihinden beri VMRO Ba\u015fkan\u0131d\u0131r.<\/p>\n<p>&nbsp;<\/p>\n<p><strong>\u0130kinci ku\u015fan Bulgar gizli servisinin ajan\u0131 olan bir s\u00f6zde \u201cyurtseverin\u201d\u00a0 m\u00fclkleri:<\/strong><\/p>\n<ol>\n<li>Bu ki\u015fi bankalardan ki\u015fisel ihtiya\u00e7lar\u0131 i\u00e7in kredi al\u0131rken y\u00f6netti\u011fi \u201c<strong>VMRO-Vakf\u0131<\/strong>\u201d mallar\u0131n\u0131 ve ta\u015f\u0131nmazlar\u0131n\u0131 ipotek ediyor.<\/li>\n<li>2003 y\u0131l\u0131nda Sofya\u2019n\u0131n en pahal\u0131 semtlerinden biri olan <strong>\u201c\u0130ztok\u201d<\/strong> (Do\u011fu) parasal de\u011feri 200 bin Euro olan 130.00 m\u00b2 bir daire alm\u0131\u015ft\u0131r.<\/li>\n<li>2004 ve 2005 y\u0131llar\u0131nda Karadeniz\u00a0 sahilinde Kranevo mevkiinden bir daire,\u00a0 ikincisi de Varna iline ba\u011fl\u0131 Aksakovo Belediyesinde 1173 m\u00b2 bir arsa elde etmi\u015ftir.<\/li>\n<li>2013 y\u0131l\u0131nda Tryavna Belediyesinde 1000.00 m\u00b2 bir arsa ele ge\u00e7irmi\u015f ve daha sonra bu yere babas\u0131n\u0131n (Don\u00e7o Karaka\u00e7anov) ad\u0131na bir otel in\u015fa ettirmi\u015ftir.<\/li>\n<li>2007 yedi y\u0131l\u0131nda <strong>\u201cBanka DSK\u201d<\/strong> bankas\u0131ndan kredi \u00e7eken Kr. Karaka\u00e7anov, y\u00f6netti\u011fi <strong>\u201cVMRO Vakf\u0131\u201d<\/strong>na ait Petri\u00e7 \u015fehrindeki bir m\u00fclk\u00fc ipotek olarak g\u00f6stermi\u015ftir.<\/li>\n<li>Sandanski Belediyesi, L\u00fcbovi\u015fte k\u00f6y\u00fc topraklar\u0131ndan 1\u00a0500 m\u00b2 bir arsa sat\u0131n alan Kr. Karaka\u00e7anov, orada da otel in\u015faat\u0131 ba\u015flatm\u0131\u015f ve babas\u0131 ad\u0131na \u00e7ekilen krediye <strong>\u201cVMRO Vakf\u0131\u201d<\/strong> m\u00fclk\u00fcn\u00fc ipotek olarak g\u00f6stermi\u015ftir.<\/li>\n<\/ol>\n<p>***<\/p>\n<p>VMRO \u00f6rg\u00fct\u00fc Bulgaristan&#8217;\u0131n 3 Ba\u015fbakan\u0131 ve daha bir\u00e7ok devlet adam\u0131n\u0131n can\u0131na k\u0131ym\u0131\u015f bir \u00f6rg\u00fctt\u00fcr. (Bu cinayetleri i\u00e7in de hi\u00e7bir ceza \u00e7ekmemi\u015flerdir. Hala hesap soran yok) Mestanl\u0131 anaokulu \u00e7ocuklar\u0131n\u0131n T\u00fcrk Danslar\u0131 oynamas\u0131ndan rahats\u0131z olan Savunma Bakan\u0131 Karaka\u00e7anov, \u00fclkemizin yolsuzlukta ba\u015f\u0131 \u00e7eken ki\u015filerinden biridir. Bu ki\u015fi adalet, namus ve \u015feref s\u00f6z\u00fc edemez, b\u00fcy\u00fck r\u00fc\u015fvet\u00e7ilerden birisidir. (Bulgar devletinin her y\u0131l 2 milyon bulgar levas\u0131n\u0131 devlet b\u00fct\u00e7esinden Do\u011fan\u0131 korumak i\u00e7in vermesine s\u00f6z dahi edil(e)miyor)<\/p><div id=\"bghab-4152258316\" class=\"bghab-icerik-icine-30-paragraf bghab-entity-placement\"><script async src=\"\/\/pagead2.googlesyndication.com\/pagead\/js\/adsbygoogle.js?client=ca-pub-6203283170189293\" crossorigin=\"anonymous\"><\/script><ins class=\"adsbygoogle\" style=\"display:block; text-align:center;\" data-ad-client=\"ca-pub-6203283170189293\" \ndata-ad-slot=\"7303146466\" \ndata-ad-layout=\"in-article\"\ndata-ad-format=\"fluid\" data-full-width-responsive=\"true\"><\/ins>\n<script> \n(adsbygoogle = window.adsbygoogle || []).push({}); \n<\/script>\n<\/div>\n<p>\u201c<strong>B NEWS\u201d<\/strong> elektronik haber merkezinin bildirdi\u011fine g\u00f6re, 2015 y\u0131l\u0131n\u0131n ba\u015f\u0131ndan bug\u00fcne kadar, Bulgaristan sahte <strong>\u201cyurtseverleri\u201d<\/strong> 28\u00a0000\u00a0000 Euro (yirmi sekiz milyon Euro) tutar\u0131nda Bulgar pasaportu satm\u0131\u015ft\u0131r. 2017 y\u0131l\u0131nda Kr. Karaka\u00e7anov\u2019un \u201c<strong>pasaport fabrikas\u0131nda<\/strong>\u201d \u00e7al\u0131\u015fanlara kar\u015f\u0131 birka\u00e7 a\u011f\u0131r ceza davas\u0131 a\u00e7\u0131lm\u0131\u015ft\u0131r.<\/p>\n<p>Her Bulgar kimli\u011fi i\u00e7in 550 \u2013 1\u00a0500 Euro aras\u0131nda para alan bu ki\u015filer her g\u00fcn 200 yabanc\u0131ya hizmet vermi\u015ftir. Bug\u00fcn h\u00fckumet orta\u011f\u0131 olan \u00fc\u00e7l\u00fc yurtseverler pasaport sahtek\u00e2rl\u0131\u011f\u0131ndan toplam 28\u00a0000\u00a0000 Euro ceplemi\u015ftir. Kaynak: (<strong>Afera.bg<\/strong>)<\/p>\n<p>***<\/p>\n<p>Hat\u0131rlanaca\u011f\u0131 \u00fczere 1984 Aral\u0131\u011f\u0131n\u0131n son g\u00fcnlerinde ayn\u0131 \u00e7ocuklar\u0131n dedelerine ayn\u0131 anaokulundan 20 ad\u0131m \u00f6tedeki meydanda ate\u015f edilmi\u015f ve bir\u00e7oklar\u0131 \u00f6ld\u00fcr\u00fclm\u00fc\u015ft\u00fc. O zaman kahramanlar isimlerimiz, dilimiz, dinimiz i\u00e7in can feda ettiler. \u015eehir merkezindeki dev an\u0131t onlar\u0131n \u015fanl\u0131 davas\u0131n\u0131 ya\u015fatmaya devam ediyor. Onlar bu an\u0131t\u0131n \u00f6n\u00fcnden ge\u00e7erken annelerinden \u201c<strong>dedemin ad\u0131 hangi s\u0131rada<\/strong>\u201d diye soruyorlar.<\/p>\n<p>Bug\u00fcn ise, ayn\u0131 devletin ayn\u0131 fa\u015fist-kom\u00fcnist ala\u015f\u0131m\u0131 a\u015f\u0131r\u0131 milliyet\u00e7i <strong>\u201cyurtsever\u201d<\/strong> Savunma Bakan\u0131, \u00a0ayn\u0131 kahraman T\u00fcrklerin torunlar\u0131na T\u00fcrk Dans\u0131 oynad\u0131n\u0131z diye kur\u015fun ya\u011fd\u0131r\u0131yor. Onlar\u0131n ruhunu ve gelece\u011fini berbat etmeye \u00e7al\u0131\u015f\u0131yor. T\u00fcrk-M\u00fcsl\u00fcman kimliklerini ebediyen silmeye haz\u0131r oldu\u011funu gizleyemiyor. Bug\u00fcn Ba\u015fbakan yard\u0131mc\u0131s\u0131 ve bakan olan bu ki\u015filerin yeri mahkeme, ko\u011fu\u015f ve h\u00fccre olmal\u0131d\u0131r, devletten \u00e7ald\u0131klar\u0131 milyonlar\u0131 geri vermelidirler.<\/p><div id=\"bghab-4030526216\" class=\"bghab-icerik-icine-35-paragraf bghab-entity-placement\"><script async src=\"\/\/pagead2.googlesyndication.com\/pagead\/js\/adsbygoogle.js?client=ca-pub-6203283170189293\" crossorigin=\"anonymous\"><\/script><ins class=\"adsbygoogle\" style=\"display:block; text-align:center;\" data-ad-client=\"ca-pub-6203283170189293\" \ndata-ad-slot=\"7303146466\" \ndata-ad-layout=\"in-article\"\ndata-ad-format=\"fluid\" data-full-width-responsive=\"true\"><\/ins>\n<script> \n(adsbygoogle = window.adsbygoogle || []).push({}); \n<\/script>\n<\/div>\n<p>***<\/p>\n<p>Mestanl\u0131 T\u00fcrk \u00e7ocuklar\u0131na bask\u0131 konusu Bulgar TV programlar\u0131n\u0131n hepsinde i\u015flendi, bas\u0131na tamam\u0131 yans\u0131d\u0131. Anaokulu \u00f6\u011fretmenleriyle yap\u0131lan (Galya Asenova \u2013 m\u00fcd\u00fcre) s\u00f6yle\u015filerden anla\u015f\u0131ld\u0131\u011f\u0131na g\u00f6re, bu T\u00fcrk ve \u00c7ingene (hepsi M\u00fcsl\u00fcman) \u00e7ocuklar\u0131n\u0131n aralar\u0131nda bir tek T\u00fcrk\u00e7e s\u00f6z s\u00f6ylemeleri bile kesin yasaklanm\u0131\u015ft\u0131r. Beyinlerindeki T\u00fcrk dili h\u00fccrelerinin zehirlenerek \u00f6ld\u00fcr\u00fclmesine \u00f6zen g\u00f6steriliyor. Yemeklerinde, her \u00f6\u011f\u00fcnde bilerek \u00f6zellikle domuz eti yer al\u0131yor. K\u00fc\u00e7\u00fck ve b\u00fcy\u00fck ihtiya\u00e7lar\u0131n\u0131 M\u00fcsl\u00fcman gibi yapmalar\u0131na, m\u00fcsaade edilmiyor. \u00c7ocuklar\u0131n kendi aralar\u0131nda T\u00fcrk\u00e7e konu\u015fmalar\u0131 da \u00f6zellikle yasaklanm\u0131\u015ft\u0131r. \u0130\u015fte buras\u0131 Avrupa Birli\u011fi, \u00f6zg\u00fcrl\u00fcklerin \u00fclkesi&#8230;<\/p>\n<p>M\u00fcsl\u00fcmanlar\u0131n Bayram g\u00fcn\u00fcnde oynanan T\u00fcrk dans\u0131nda da \u00e7ocuklar\u0131n \u015fark\u0131 s\u00f6zlerini \u00f6\u011frenmemelerine dikkat edilmi\u015f ve pleybek m\u00fczik kullan\u0131lm\u0131\u015ft\u0131r. Ayn\u0131 t\u00f6rende oynanan Rus Danslar\u0131na hi\u00e7 bir \u015fey denmezken, T\u00fcrk \u00e7ocuklar\u0131 T\u00fcrk Dans\u0131 oynad\u0131lar diye ulusal tepki g\u00f6rd\u00fcler, hor g\u00f6r\u00fcld\u00fcler, ana-babalar okula topland\u0131, \u015fehir yeniden \u015fahland\u0131. (Asl\u0131nda ilahi s\u00f6ylemeleri daha \u015f\u0131k olurdu)<\/p>\n<p><strong>\u201cBiz onlar\u0131n tek T\u00fcrk\u00e7e s\u00f6z s\u00f6ylemesine imk\u00e2n vermiyoruz, T\u00fcrk\u00e7e temas kuranlar\u0131 cezaland\u0131r\u0131yoruz\u201d\u00a0<\/strong> diyen Bayan \u00f6\u011fretmenlerin ve e\u011fitimcilerin b\u00f6b\u00fcrlenmeleri dikkat \u00e7ekti. M\u00fcsl\u00fcmanlar\u0131m\u0131z aras\u0131nda son derece b\u00fcy\u00fck bir tepki uyand\u0131rd\u0131. T\u00fcrk ve Romen ana-babalar okula y\u00fcr\u00fcd\u00fc. Anadilde e\u011fitim veren anaokulu istediler. (Bu arada s\u00f6zde T\u00fcrk partileri nerede g\u00f6ren yok&#8230;)<\/p>\n<p>Olay hi\u00e7 de k\u00fc\u00e7\u00fcmsenecek nitelikte de\u011fildir. Son kalelerimizin de y\u0131k\u0131lmaya \u00e7al\u0131\u015f\u0131ld\u0131\u011f\u0131na ve bu i\u015fin ard\u0131nda Savunma Bakan\u0131 ba\u015fta olmak \u00fczere 4 devlet g\u00fcc\u00fc oldu\u011funa i\u015farettir.<\/p><div id=\"bghab-3206282766\" class=\"bghab-icerik-icine-40-paragraf bghab-entity-placement\"><script async src=\"\/\/pagead2.googlesyndication.com\/pagead\/js\/adsbygoogle.js?client=ca-pub-6203283170189293\" crossorigin=\"anonymous\"><\/script><ins class=\"adsbygoogle\" style=\"display:block; text-align:center;\" data-ad-client=\"ca-pub-6203283170189293\" \ndata-ad-slot=\"7303146466\" \ndata-ad-layout=\"in-article\"\ndata-ad-format=\"fluid\" data-full-width-responsive=\"true\"><\/ins>\n<script> \n(adsbygoogle = window.adsbygoogle || []).push({}); \n<\/script>\n<\/div>\n<p>Hat\u0131rlanaca\u011f\u0131 \u00fczere, daha 1913\u2019te Bat\u0131 Rodoplar\u2019da ve Pirin y\u00f6resinde ve Karasu (Mesta) k\u00f6ylerinde baz\u0131 verilere g\u00f6re 250 bin, di\u011fer kaynaklara g\u00f6re ise 400 bin M\u00fcsl\u00fcman Pomak karde\u015fimizin ismi, dini de\u011fi\u015ftirilir ve T\u00fcrk\u00e7e konu\u015fmalar\u0131 yasaklan\u0131rken \u00c7ar Ferdinand, Ba\u015f Papaz ve Ba\u015fbakan bu i\u015flerin ard\u0131ndayd\u0131. Jandarma, Polis ve VMRO \u00e7etelerini \u00f6rg\u00fctlemi\u015flerdi.<\/p>\n<p>1972\u2019de Pomaklara b\u00fcy\u00fck sald\u0131r\u0131da da h\u00fck\u00fcmet ve devlet y\u00f6netimi orduyu ve di\u011fer kolluk g\u00fc\u00e7leri kulland\u0131. 1984\u20131989 y\u0131llar\u0131 aras\u0131nda T\u00fcrklerin isimleri ve kimlikleri de\u011fi\u015ftirirken, isimleri yasaklan\u0131rken, M\u00fcsl\u00fcman usul\u00fcne g\u00f6re evlenmeleri, ya\u015famalar\u0131, namuslu ve ahlakl\u0131 ki\u015filer olmalar\u0131 zorla \u00f6nlenirken ve binlerce T\u00fcrk-M\u00fcsl\u00fcman bu k\u00fcstahla kar\u015f\u0131 koydu\u011funda, her k\u00f6yde ve kasabada kan d\u00f6k\u00fcl\u00fcrken yine Kom\u00fcnist Partisi, sosyalist h\u00fckumet ve totaliter devlet bask\u0131 ve ter\u00f6r\u00fc y\u00f6netip y\u00f6nlendirdiler, z\u0131rhl\u0131 ordu birlikleri harekete ge\u00e7irildi, savunma bakan\u0131 Dobri Jurov ola\u011fan\u00fcst\u00fc aktifti. \u015eimdi de ayn\u0131 koltukta oturan Makedon bozguncu VMRO \u015fefi Savunma Bakan\u0131 s\u0131fat\u0131yla, \u00e7ocuk yurdunda \u201c<strong>T\u00fcrk gibi ya\u015famas\u0131nlar<\/strong>\u201d emri veriyor.<\/p>\n<p><strong>Bu bask\u0131yla, devlet g\u00fcc\u00fcyle m\u00fccadelede s\u0131radan insanlar\u0131m\u0131z\u0131n eli kolu ba\u011fl\u0131d\u0131r.<\/strong><\/p>\n<p>\u015eimdiki durumda E\u011fitim Reformu, T\u00fcrk \u00e7ocuklar\u0131na ayr\u0131 anaokulu ve okul istekleriyle E\u011fitim ve Teknoloji Bakan\u0131yla ge\u00e7en hafta K\u0131rcaali\u2019de \u00f6zel bir g\u00f6r\u00fc\u015fme de yap\u0131ld\u0131. Ba\u015fbakan \u201c<strong>K\u0131rcaali\u2019de T\u00fcrkler ya\u015f\u0131yor<\/strong>\u201d dedi. Oraya bir b\u00fcy\u00fck nokta konuyor ve i\u015fler duruyor. Yeni yasa\u011f\u0131n \u201c<strong>T\u00fcrk gibi nefes alma<\/strong>! Olaca\u011f\u0131na inanlar \u00e7o\u011fal\u0131yor. Olaylar dayan\u0131l\u0131r gibi de\u011fil. Bu patlamada zarar\u0131 Bulgara da T\u00fcrk&#8217;e de olur, bizden hat\u0131rlatmas\u0131&#8230;<\/p>\n<p>***<\/p><div id=\"bghab-919589662\" class=\"bghab-icerik-icine-45-paragraf bghab-entity-placement\"><script async src=\"\/\/pagead2.googlesyndication.com\/pagead\/js\/adsbygoogle.js?client=ca-pub-6203283170189293\" crossorigin=\"anonymous\"><\/script><ins class=\"adsbygoogle\" style=\"display:block; text-align:center;\" data-ad-client=\"ca-pub-6203283170189293\" \ndata-ad-slot=\"7303146466\" \ndata-ad-layout=\"in-article\"\ndata-ad-format=\"fluid\" data-full-width-responsive=\"true\"><\/ins>\n<script> \n(adsbygoogle = window.adsbygoogle || []).push({}); \n<\/script>\n<\/div>\n<p>Varna\u2019da 26 Mart 2018 Pazartesi g\u00fcn\u00fc, ard\u0131ndan May\u0131s Ay\u0131nda T\u00fcrkiye Cumhuriyeti Devlet Ba\u015fkan\u0131 Recep Tayyip Erdo\u011fan\u2019la Bulgaristan Ba\u015fbakan\u0131 Boyko Borisov, ard\u0131ndan \u00f6zel olarak Cumhurba\u015fkan\u0131 Rumen Radev\u2019le ve dolay\u0131s\u0131yla Avrupa Konseyi ve Birli\u011fi y\u00f6netimiyle g\u00f6r\u00fc\u015fmeler d\u00fczenlenecektir.<\/p>\n<p>Burada verdi\u011fimiz somut \u00f6rnek, hain ajanlar taraf\u0131ndan y\u00f6netilen bir devletin az\u0131nl\u0131klar\u0131n tepesine binmi\u015f, maddi ve manevi kimliklerini nas\u0131l ezdi\u011fine bir k\u00fc\u00e7\u00fck \u00f6rnektir. Biz soyda\u015flar ve Bulgaristan M\u00fcsl\u00fcmanlar\u0131 i\u00e7in \u00f6nemli olan bizim \u00f6z sorunlar\u0131m\u0131z\u0131n, <strong>\u201ck\u00fclt\u00fcrel otonomi\u201d<\/strong> sorununun \u00e7\u00f6z\u00fclmesi sorunudur.<\/p>\n<p>Biz Bulgaristan&#8217;da M\u00fcsl\u00fcmanlar art\u0131k nefes alam\u0131yoruz.<\/p>\n<p>Devam edecek.<\/p>\n<p>L\u00fctfen Payla\u015f\u0131n\u0131z.<\/p><div id=\"bghab-2204402700\" class=\"bghab-icerik-icine-50-paragraf bghab-entity-placement\"><script async src=\"\/\/pagead2.googlesyndication.com\/pagead\/js\/adsbygoogle.js?client=ca-pub-6203283170189293\" crossorigin=\"anonymous\"><\/script><ins class=\"adsbygoogle\" style=\"display:block; text-align:center;\" data-ad-client=\"ca-pub-6203283170189293\" \ndata-ad-slot=\"7303146466\" \ndata-ad-layout=\"in-article\"\ndata-ad-format=\"fluid\" data-full-width-responsive=\"true\"><\/ins>\n<script> \n(adsbygoogle = window.adsbygoogle || []).push({}); \n<\/script>\n<\/div>\n<div id=\"bghab-1167911464\" class=\"bghab-yazi-altinda bghab-entity-placement\"><div class=\"bghab-adlabel\">Reklamlar<\/div><script async src=\"https:\/\/pagead2.googlesyndication.com\/pagead\/js\/adsbygoogle.js\"><\/script>\r\n<!-- bghaber-yaz\u0131-sonu -->\r\n<ins class=\"adsbygoogle\"\r\n     style=\"display:block\"\r\n     data-ad-client=\"ca-pub-6203283170189293\"\r\n     data-ad-slot=\"4222328180\"\r\n     data-ad-format=\"auto\"\r\n     data-full-width-responsive=\"true\"><\/ins>\r\n<script>\r\n     (adsbygoogle = window.adsbygoogle || []).push({});\r\n<\/script><\/div><br style=\"clear: both; display: block; float: none;\"\/>","protected":false},"excerpt":{"rendered":"<p>Tarih: 23 o3 2018 Yazan: Muh. Mehmet \u00c7ak\u0131r. Konu: B\u00fcy\u00fck Ba\u015fkan Erdo\u011fan\u2019\u0131n Varna G\u00f6r\u00fc\u015fmeleri Arifesinde Selam vard\u0131r insan\u0131 uyand\u0131r\u0131r. S\u00f6z vard\u0131r insan\u0131 kanatland\u0131r\u0131r. 28 y\u0131ldan<\/p>\n","protected":false},"author":13,"featured_media":28568,"comment_status":"closed","ping_status":"closed","sticky":false,"template":"","format":"standard","meta":{"advanced_seo_description":"","jetpack_seo_html_title":"","jetpack_seo_noindex":false,"_jetpack_memberships_contains_paid_content":false,"footnotes":""},"categories":[6],"tags":[],"class_list":["post-28751","post","type-post","status-publish","format-standard","has-post-thumbnail","hentry","category-yorum"],"jetpack_featured_media_url":"https:\/\/i0.wp.com\/www.bghaber.org\/bghaber\/wp-content\/uploads\/2018\/03\/Mehmet-Cakir2.jpg?fit=267%2C336&ssl=1","jetpack_sharing_enabled":true,"jetpack_likes_enabled":true,"jetpack-related-posts":[],"jetpack_shortlink":"https:\/\/wp.me\/pc2PfJ-7tJ","_links":{"self":[{"href":"https:\/\/www.bghaber.org\/bghaber\/wp-json\/wp\/v2\/posts\/28751","targetHints":{"allow":["GET"]}}],"collection":[{"href":"https:\/\/www.bghaber.org\/bghaber\/wp-json\/wp\/v2\/posts"}],"about":[{"href":"https:\/\/www.bghaber.org\/bghaber\/wp-json\/wp\/v2\/types\/post"}],"author":[{"embeddable":true,"href":"https:\/\/www.bghaber.org\/bghaber\/wp-json\/wp\/v2\/users\/13"}],"replies":[{"embeddable":true,"href":"https:\/\/www.bghaber.org\/bghaber\/wp-json\/wp\/v2\/comments?post=28751"}],"version-history":[{"count":0,"href":"https:\/\/www.bghaber.org\/bghaber\/wp-json\/wp\/v2\/posts\/28751\/revisions"}],"wp:featuredmedia":[{"embeddable":true,"href":"https:\/\/www.bghaber.org\/bghaber\/wp-json\/wp\/v2\/media\/28568"}],"wp:attachment":[{"href":"https:\/\/www.bghaber.org\/bghaber\/wp-json\/wp\/v2\/media?parent=28751"}],"wp:term":[{"taxonomy":"category","embeddable":true,"href":"https:\/\/www.bghaber.org\/bghaber\/wp-json\/wp\/v2\/categories?post=28751"},{"taxonomy":"post_tag","embeddable":true,"href":"https:\/\/www.bghaber.org\/bghaber\/wp-json\/wp\/v2\/tags?post=28751"}],"curies":[{"name":"wp","href":"https:\/\/api.w.org\/{rel}","templated":true}]}}