{"id":28744,"date":"2018-03-24T15:00:30","date_gmt":"2018-03-24T12:00:30","guid":{"rendered":"http:\/\/www.bghaber.org\/bghaber\/?p=28744"},"modified":"2019-07-04T20:41:02","modified_gmt":"2019-07-04T17:41:02","slug":"italya-ve-bulgaristandan-selamlar-getiren-kartpostal-sergisi","status":"publish","type":"post","link":"https:\/\/www.bghaber.org\/bghaber\/italya-ve-bulgaristandan-selamlar-getiren-kartpostal-sergisi\/","title":{"rendered":"\u0130talya ve Bulgaristan\u2019dan selamlar getiren kartpostal sergisi"},"content":{"rendered":"<p>Tarihte yolculuk yapmak i\u00e7in farkl\u0131 yollar ve y\u00f6ntemler vard\u0131r. Bilim adamlar\u0131n\u0131n \u00f6nerdi\u011fi yolu se\u00e7ersek, tarihleri ve s\u0131k\u0131c\u0131 anlat\u0131mlar\u0131 i\u00e7eren kuru kroniklere dal\u0131p zaman\u0131n kokusunu ve insanlar\u0131n duygular\u0131n\u0131 hissedemeyece\u011fiz. \u201c\u0130talya\u2019dan ve Bulgaristan\u2019dan&#8230;selamlar\u201d ba\u015fl\u0131kl\u0131 sergi, kartpostallar\u0131n i\u00e7erdi\u011fi duygusal mesajlar\u0131, renkli bir balon misali oladan olaya, geleneklerden gelene\u011fe ve tam y\u00fczy\u0131ll\u0131k bir lezzet kokusuyla g\u00fcn\u00fcm\u00fcze ta\u015f\u0131yor.<\/p>\n<p>Sergi, eski \u00c7arl\u0131k Saray\u0131 salonlar\u0131nda d\u00fczenlenirken \u0130talyan K\u00fclt\u00fcr Merkezi ve Ulusal Etnografya M\u00fczesinin ortak bir etkinli\u011fi olarak 20. as\u0131rda iki halk aras\u0131ndaki benzerlikleri ve farkl\u0131l\u0131klar\u0131 anlat\u0131yor.<\/p>\n<p>\u201c<i>\u00c7ok k\u0131sa zaman arayla iki \u00fclke de hem kurtulu\u015funu, hem de birle\u015fmesini kutluyor. Art\u0131 Garibaldi\u2019nin birliklerinde Bulgarlar\u2019\u0131n da \u00e7at\u0131\u015ft\u0131\u011f\u0131n\u0131 biliyoruz<\/i>&#8211; diyor Doktor \u0130glika Mi\u015fkova ve devam ediyor.<\/p>\n<p><i>Bunun d\u0131\u015f\u0131nda Bulgaristan ve \u0130talya iki d\u00fcnya sava\u015flar\u0131na kat\u0131l\u0131rken 1946 y\u0131l\u0131 iki \u00fclke i\u00e7in de kader belirleyici oluyor. O tarihte iki \u00fclkede de Cumhuriyet ilan edilse de farkl\u0131 yolu tutuyorlar. Biri Demir perdenin arkas\u0131nda kal\u0131rken di\u011fer \u00fclkede h\u0131zl\u0131 bir sanayi geli\u015fme ya\u015fan\u0131yor ve y\u00fcksek t\u00fcketicili\u011fin ve bir\u00e7ok e\u011fitim reformunun damgas\u0131n\u0131 vurdu\u011fu bir yol takip ediyor. 21. asr\u0131n ba\u015f\u0131nda \u0130tlaya\u2019da avro tedav\u00fcle konuyor, oysa Bulgaristan\u2019da 1989 y\u0131l\u0131nda kominist rejimi oratadan kalk\u0131yor ve \u00fclke 2007 y\u0131l\u0131nda AB \u00fcyesi oluyor<\/i>\u201d<\/p>\n<p>Genelde \u00f6zel hayattan k\u00fc\u00e7\u00fck par\u00e7ac\u0131klar b\u00fcy\u00fck bir resmi olu\u015fturuyor, ge\u00e7en as\u0131rda bir Bulgar\u0131n ve bir \u0130talyan\u0131n ortak kaderi nas\u0131l bir manazara olu\u015faturabilir?<\/p><div id=\"bghab-150300498\" class=\"bghab-icerik-icine bghab-entity-placement\"><script async src=\"\/\/pagead2.googlesyndication.com\/pagead\/js\/adsbygoogle.js?client=ca-pub-6203283170189293\" crossorigin=\"anonymous\"><\/script><ins class=\"adsbygoogle\" style=\"display:block; text-align:center;\" data-ad-client=\"ca-pub-6203283170189293\" \ndata-ad-slot=\"7303146466\" \ndata-ad-layout=\"in-article\"\ndata-ad-format=\"fluid\" data-full-width-responsive=\"true\"><\/ins>\n<script> \n(adsbygoogle = window.adsbygoogle || []).push({}); \n<\/script>\n<\/div>\n<p><i>\u201cDiyelim ki, Sofya ziyaretine gelen bir Bulgar\u0131n hikayesini anlat\u0131yoruz. Buraya gelince kendisi bir\u00e7ok bina, bir\u00e7ok toplu ta\u015f\u0131t arac\u0131 g\u00f6r\u00fcyor<\/i>,\u00a0<i>ana<\/i>\u00a0<i>caddelerdeki ve \u015fehir ortam\u0131ndaki de\u011fi\u015fiklikler g\u00f6z\u00fcne \u00e7arp\u0131yor,<\/i>\u2013diye s\u00f6z\u00fcne devam ediyor Doktor \u0130glika Mi\u015fkova \u2013<i>Ayn\u0131 \u015fekilde bu vatanda\u015f\u0131m\u0131z m\u00fczeleri, \u00c7arl\u0131k Saray\u0131n bah\u00e7elerini geziyor ve b\u00fct\u00fcn bunlar\u0131 kartpostallardaki g\u00f6r\u00fcnt\u00fclerle k\u0131yaslayabiliyor. Yani bu foto\u011fraflardan \u015fehrin nas\u0131l geli\u015fti\u011fini g\u00f6rebiliyoruz.<\/i><\/p>\n<p><i>Aynan\u0131n di\u011fer taraf\u0131ndaki \u0130talyan\u0131n hikayesine gelince, burada sergi, insanlar\u0131n tatil yerlerine daha fazla ilgi g\u00f6sterdi\u011fini ve k\u00fclt\u00fcr olaylar\u0131n\u0131n hayatlar\u0131nda \u00f6nemli yer ald\u0131\u011f\u0131n\u0131 anlat\u0131yor.<\/i><i>La Scala\u2019n\u0131n bir temsili ise amblematik bir resim haline geliyor. Bu kartpostalla, bir seyirci son derec zarif bir el yaz\u0131s\u0131yla yak\u0131nlar\u0131na, uzakta da olsalar bu sanata dokunabilmelerini diliyor.<\/i><\/p>\n<p><i>Bizde de durum hemen hemen ayni. Bulgaristan\u2019\u0131n Birle\u015fmesinden ve sanayile\u015fmesinden sonra insanlar daha e\u011fitimli oluyor ve \u0130talya\u2019daki ayni \u015feylere ilgi duymaya ba\u015fl\u0131yorlar.<\/i><\/p>\n<p>Sergide yer alan en eski Bulgaristan kartpostal\u0131 1898 tarihine aittir ve G\u00fcl Ya\u011f\u0131 zaman\u0131n\u0131 anlat\u0131yor. En eski \u0130talyan kartpostal\u0131n \u00fczerindeki m\u00fch\u00fcr 1881 y\u0131l\u0131n\u0131 ta\u015f\u0131yor ve \u00fczerinde coliseum var. Zamanla kartpostal \u00fczerindeki mesajlar ve el yaz\u0131lar\u0131 de\u011fi\u015fse de, bug\u00fcn de oldu\u011fu gibi hem \u0130talyanca\u2019da, hem de Bulgarca\u2019da sonundaki \u201cSelamlar ve \u00f6p\u00fcc\u00fckler&#8230;\u201d de\u011fi\u015fmiyor<\/p>\n<p><i>Beni en fazla, art\u0131k yok olan yerlerin veya de\u011fi\u015fime u\u011frayan sokaklar\u0131n kartpostallari etkiliyor \u2013\u00a0<\/i>diye anlat\u0131yor \u0130talya\u2019n\u0131n Bulgaristan B\u00fcy\u00fckel\u00e7isi Stefano Baldi<i>. \u0130nsan, bu yerlerin eskiden nas\u0131l g\u00f6r\u00fcnd\u00fcklerini g\u00f6r\u00fcnce bu yerde ne gibi olaylar\u0131n meydana geldi\u011fini anlayabiliyor.<\/i><i>Bu t\u00fcm \u015fehirler i\u00e7in de ge\u00e7erlidir. Eksi Sofya kartpostallerine de bak\u0131nca bug\u00fcnk\u00fc manzara ile k\u0131yasl\u0131yorum. Ve o yerlerle meydan gelen b\u00fcy\u00fck de\u011fi\u015fikli\u011fi anl\u0131yorum, bu benim b\u00fcy\u00fckel\u00e7ilik binas\u0131 i\u00e7in de ge\u00e7erlidir.<\/i><\/p><div id=\"bghab-421850910\" class=\"bghab-icerik-icine-10-paragraf bghab-entity-placement\"><script async src=\"\/\/pagead2.googlesyndication.com\/pagead\/js\/adsbygoogle.js?client=ca-pub-6203283170189293\" crossorigin=\"anonymous\"><\/script><ins class=\"adsbygoogle\" style=\"display:block; text-align:center;\" data-ad-client=\"ca-pub-6203283170189293\" \ndata-ad-slot=\"7303146466\" \ndata-ad-layout=\"in-article\"\ndata-ad-format=\"fluid\" data-full-width-responsive=\"true\"><\/ins>\n<script> \n(adsbygoogle = window.adsbygoogle || []).push({}); \n<\/script>\n<\/div>\n<p>Bug\u00fcn kartposlar yerini, sosyal medyalardaki selfilere\/\u00f6z \u00e7ekimlere b\u0131rakm\u0131\u015ft\u0131r. Zarf \u00fczerindeki pullar ise hala tarihten k\u00fc\u00e7\u00fck par\u00e7alr\u0131n\u0131 buradan \u015furaya ta\u015f\u0131maya devam ediyor. 100 sene sonra her\u015feyi ger\u00e7ek y\u00fczlerle anlataca\u011f\u0131z, ancak insan ruhundaki duygular\u0131na neden olacak el yaz\u0131s\u0131ndaki harfin e\u011frik yaz\u0131l\u0131\u015f\u0131 veya bir g\u00f6z ya\u015f\u0131yla sullanan m\u00fcrekkebi anlatabilecekmiyiz?<\/p>\n<p>&nbsp;<\/p>\n<div class=\"news_content\">\u00c7eviri: \u015eevkiye \u00c7ak\u0131r, BNR<\/div>\n<p>&nbsp;<\/p>\n<div id=\"bghab-2046126942\" class=\"bghab-yazi-altinda bghab-entity-placement\"><div class=\"bghab-adlabel\">Reklamlar<\/div><script async src=\"https:\/\/pagead2.googlesyndication.com\/pagead\/js\/adsbygoogle.js\"><\/script>\r\n<!-- bghaber-yaz\u0131-sonu -->\r\n<ins class=\"adsbygoogle\"\r\n     style=\"display:block\"\r\n     data-ad-client=\"ca-pub-6203283170189293\"\r\n     data-ad-slot=\"4222328180\"\r\n     data-ad-format=\"auto\"\r\n     data-full-width-responsive=\"true\"><\/ins>\r\n<script>\r\n     (adsbygoogle = window.adsbygoogle || []).push({});\r\n<\/script><\/div><br style=\"clear: both; display: block; float: none;\"\/>","protected":false},"excerpt":{"rendered":"<p>Tarihte yolculuk yapmak i\u00e7in farkl\u0131 yollar ve y\u00f6ntemler vard\u0131r. Bilim adamlar\u0131n\u0131n \u00f6nerdi\u011fi yolu se\u00e7ersek, tarihleri ve s\u0131k\u0131c\u0131 anlat\u0131mlar\u0131 i\u00e7eren kuru kroniklere dal\u0131p zaman\u0131n kokusunu ve<\/p>\n","protected":false},"author":29,"featured_media":28745,"comment_status":"closed","ping_status":"closed","sticky":false,"template":"","format":"standard","meta":{"advanced_seo_description":"","jetpack_seo_html_title":"","jetpack_seo_noindex":false,"_jetpack_memberships_contains_paid_content":false,"footnotes":""},"categories":[10],"tags":[],"class_list":["post-28744","post","type-post","status-publish","format-standard","has-post-thumbnail","hentry","category-kultur-sanat"],"jetpack_featured_media_url":"https:\/\/i0.wp.com\/www.bghaber.org\/bghaber\/wp-content\/uploads\/2018\/03\/italya-bulgaristan-kartpostal-sergisi.jpg?fit=850%2C478&ssl=1","jetpack_sharing_enabled":true,"jetpack_likes_enabled":true,"jetpack-related-posts":[],"jetpack_shortlink":"https:\/\/wp.me\/pc2PfJ-7tC","_links":{"self":[{"href":"https:\/\/www.bghaber.org\/bghaber\/wp-json\/wp\/v2\/posts\/28744","targetHints":{"allow":["GET"]}}],"collection":[{"href":"https:\/\/www.bghaber.org\/bghaber\/wp-json\/wp\/v2\/posts"}],"about":[{"href":"https:\/\/www.bghaber.org\/bghaber\/wp-json\/wp\/v2\/types\/post"}],"author":[{"embeddable":true,"href":"https:\/\/www.bghaber.org\/bghaber\/wp-json\/wp\/v2\/users\/29"}],"replies":[{"embeddable":true,"href":"https:\/\/www.bghaber.org\/bghaber\/wp-json\/wp\/v2\/comments?post=28744"}],"version-history":[{"count":0,"href":"https:\/\/www.bghaber.org\/bghaber\/wp-json\/wp\/v2\/posts\/28744\/revisions"}],"wp:featuredmedia":[{"embeddable":true,"href":"https:\/\/www.bghaber.org\/bghaber\/wp-json\/wp\/v2\/media\/28745"}],"wp:attachment":[{"href":"https:\/\/www.bghaber.org\/bghaber\/wp-json\/wp\/v2\/media?parent=28744"}],"wp:term":[{"taxonomy":"category","embeddable":true,"href":"https:\/\/www.bghaber.org\/bghaber\/wp-json\/wp\/v2\/categories?post=28744"},{"taxonomy":"post_tag","embeddable":true,"href":"https:\/\/www.bghaber.org\/bghaber\/wp-json\/wp\/v2\/tags?post=28744"}],"curies":[{"name":"wp","href":"https:\/\/api.w.org\/{rel}","templated":true}]}}