{"id":28741,"date":"2018-03-24T14:38:27","date_gmt":"2018-03-24T11:38:27","guid":{"rendered":"http:\/\/www.bghaber.org\/bghaber\/?p=28741"},"modified":"2019-07-04T20:41:02","modified_gmt":"2019-07-04T17:41:02","slug":"bulgaristanli-milletvekillerine-yilin-avrupa-milletvekili-odulleri","status":"publish","type":"post","link":"https:\/\/www.bghaber.org\/bghaber\/bulgaristanli-milletvekillerine-yilin-avrupa-milletvekili-odulleri\/","title":{"rendered":"Bulgaristanl\u0131 milletvekillerine \u201cY\u0131l\u0131n Avrupa Milletvekili\u201d \u00f6d\u00fclleri"},"content":{"rendered":"<p>Avrupa Parlamentosu&#8217;nun \u00e7al\u0131\u015fmalar\u0131n\u0131 yak\u0131ndan takip eden &#8220;Parlamento Dergisi&#8221; taraf\u0131ndan Br\u00fcksel&#8217;de &#8220;Y\u0131l\u0131n Avrupa Milletvekili 2018&#8221; \u00f6d\u00fclleri sahiplerine verildi.<\/p>\n<p>De\u011fi\u015fik siyasi partilerden olan Bulgaristan&#8217;\u0131n \u00fc\u00e7 Avrupa milletvekili; Anrey Kova\u00e7ev, Pet\u0131r Kurumba\u015fev ve \u0130lhan K\u00fc\u00e7\u00fck&#8217;e Br\u00fcksel&#8217;de \u00f6d\u00fclleri takdim edildi.<\/p>\n<p><strong>Avrupa Halk Partisi<\/strong>&#8216;nden <strong>Andrey Kova\u00e7ev<\/strong>, Genel olarak katk\u0131lar\u0131ndan dolay\u0131 \u00f6d\u00fcl ald\u0131.<\/p>\n<p><strong>Avrupa Sosyalistler\u00a0 Partisi<\/strong>&#8216;nden\u00a0<strong>Pet\u0131r Kurumba\u015fev<\/strong>, Ula\u015f\u0131m kategorisinde \u00f6d\u00fcl ald\u0131.<\/p>\n<p><strong>Avrupa i\u00e7in\u00a0 Liberaller\u00a0 ve Demokratlar \u0130ttifak\u0131<\/strong>&#8216;ndan <strong>\u0130lhan K\u00fc\u00e7\u00fck<\/strong>, K\u00fclt\u00fcr\u00a0 ve Medya kategorisinde \u00f6d\u00fcl ald\u0131.<\/p><div id=\"bghab-4168640344\" class=\"bghab-icerik-icine bghab-entity-placement\"><script async src=\"\/\/pagead2.googlesyndication.com\/pagead\/js\/adsbygoogle.js?client=ca-pub-6203283170189293\" crossorigin=\"anonymous\"><\/script><ins class=\"adsbygoogle\" style=\"display:block; text-align:center;\" data-ad-client=\"ca-pub-6203283170189293\" \ndata-ad-slot=\"7303146466\" \ndata-ad-layout=\"in-article\"\ndata-ad-format=\"fluid\" data-full-width-responsive=\"true\"><\/ins>\n<script> \n(adsbygoogle = window.adsbygoogle || []).push({}); \n<\/script>\n<\/div>\n<p>&nbsp;<\/p>\n<p>BG Haber<\/p>\n<div id=\"bghab-622892872\" class=\"bghab-yazi-altinda bghab-entity-placement\"><div class=\"bghab-adlabel\">Reklamlar<\/div><script async src=\"https:\/\/pagead2.googlesyndication.com\/pagead\/js\/adsbygoogle.js\"><\/script>\r\n<!-- bghaber-yaz\u0131-sonu -->\r\n<ins class=\"adsbygoogle\"\r\n     style=\"display:block\"\r\n     data-ad-client=\"ca-pub-6203283170189293\"\r\n     data-ad-slot=\"4222328180\"\r\n     data-ad-format=\"auto\"\r\n     data-full-width-responsive=\"true\"><\/ins>\r\n<script>\r\n     (adsbygoogle = window.adsbygoogle || []).push({});\r\n<\/script><\/div><br style=\"clear: both; display: block; float: none;\"\/>","protected":false},"excerpt":{"rendered":"<p>Avrupa Parlamentosu&#8217;nun \u00e7al\u0131\u015fmalar\u0131n\u0131 yak\u0131ndan takip eden &#8220;Parlamento Dergisi&#8221; taraf\u0131ndan Br\u00fcksel&#8217;de &#8220;Y\u0131l\u0131n Avrupa Milletvekili 2018&#8221; \u00f6d\u00fclleri sahiplerine verildi. De\u011fi\u015fik siyasi partilerden olan Bulgaristan&#8217;\u0131n \u00fc\u00e7 Avrupa milletvekili;<\/p>\n","protected":false},"author":29,"featured_media":28742,"comment_status":"closed","ping_status":"closed","sticky":false,"template":"","format":"standard","meta":{"advanced_seo_description":"","jetpack_seo_html_title":"","jetpack_seo_noindex":false,"_jetpack_memberships_contains_paid_content":false,"footnotes":""},"categories":[1,4],"tags":[],"class_list":["post-28741","post","type-post","status-publish","format-standard","has-post-thumbnail","hentry","category-haberler","category-siyaset"],"jetpack_featured_media_url":"https:\/\/i0.wp.com\/www.bghaber.org\/bghaber\/wp-content\/uploads\/2018\/03\/yilin-milletvekili-odulleri.jpg?fit=610%2C343&ssl=1","jetpack_sharing_enabled":true,"jetpack_likes_enabled":true,"jetpack-related-posts":[],"jetpack_shortlink":"https:\/\/wp.me\/pc2PfJ-7tz","_links":{"self":[{"href":"https:\/\/www.bghaber.org\/bghaber\/wp-json\/wp\/v2\/posts\/28741","targetHints":{"allow":["GET"]}}],"collection":[{"href":"https:\/\/www.bghaber.org\/bghaber\/wp-json\/wp\/v2\/posts"}],"about":[{"href":"https:\/\/www.bghaber.org\/bghaber\/wp-json\/wp\/v2\/types\/post"}],"author":[{"embeddable":true,"href":"https:\/\/www.bghaber.org\/bghaber\/wp-json\/wp\/v2\/users\/29"}],"replies":[{"embeddable":true,"href":"https:\/\/www.bghaber.org\/bghaber\/wp-json\/wp\/v2\/comments?post=28741"}],"version-history":[{"count":0,"href":"https:\/\/www.bghaber.org\/bghaber\/wp-json\/wp\/v2\/posts\/28741\/revisions"}],"wp:featuredmedia":[{"embeddable":true,"href":"https:\/\/www.bghaber.org\/bghaber\/wp-json\/wp\/v2\/media\/28742"}],"wp:attachment":[{"href":"https:\/\/www.bghaber.org\/bghaber\/wp-json\/wp\/v2\/media?parent=28741"}],"wp:term":[{"taxonomy":"category","embeddable":true,"href":"https:\/\/www.bghaber.org\/bghaber\/wp-json\/wp\/v2\/categories?post=28741"},{"taxonomy":"post_tag","embeddable":true,"href":"https:\/\/www.bghaber.org\/bghaber\/wp-json\/wp\/v2\/tags?post=28741"}],"curies":[{"name":"wp","href":"https:\/\/api.w.org\/{rel}","templated":true}]}}