{"id":28739,"date":"2018-03-24T13:37:02","date_gmt":"2018-03-24T10:37:02","guid":{"rendered":"http:\/\/www.bghaber.org\/bghaber\/?p=28739"},"modified":"2019-07-04T20:41:29","modified_gmt":"2019-07-04T17:41:29","slug":"makedonyaya-yatirim-yapmak-isteyen-bulgar-sirketlerinin-sayisi-artiyor","status":"publish","type":"post","link":"https:\/\/www.bghaber.org\/bghaber\/makedonyaya-yatirim-yapmak-isteyen-bulgar-sirketlerinin-sayisi-artiyor\/","title":{"rendered":"Makedonya\u2019ya yat\u0131r\u0131m yapmak isteyen Bulgar \u015firketlerinin say\u0131s\u0131 art\u0131yor"},"content":{"rendered":"<p>Ba\u015fbakan Yard\u0131mc\u0131s\u0131 ve D\u0131\u015fi\u015fleri Bakan\u0131 Ekaterina Zaharieva Makedon Meclisi Ba\u015fkan Yard\u0131mc\u0131s\u0131 Frosina Tashevska-Remenski\u2019nin ba\u015fkanl\u0131\u011f\u0131nda Makedonya Cumhuriyeti Meclisi&#8217;nde Bulgaristan ile Dostluk Grubu temsilcileriyle bir araya geldi.<\/p>\n<p>Zaharieva Avrupa de\u011ferlerine dayanan yeni tip a\u00e7\u0131k ve dostane ili\u015fkilerin kurulmas\u0131 y\u00f6n\u00fcndeki iki \u00fclkenin \u00e7abalar\u0131ndan dolay\u0131 memnuniyetini dile getirdi.<\/p>\n<p>Zaharieva Bulgar \u0130ktisat ve Ticaret Odas\u0131n\u0131n ara\u015ft\u0131rmalar\u0131na g\u00f6re Makedonya ile Dostluk, \u0130yi kom\u015fuluk ve \u0130\u015fbirli\u011fi Anla\u015fmas\u0131n\u0131n imzalanmas\u0131ndan sonra\u00a0 kom\u015fu \u00fclkeye yat\u0131r\u0131m yapmak isteyen Bulgar \u015firketinin say\u0131s\u0131 2016 y\u0131l\u0131na k\u0131yasla iki kat artt\u0131\u011f\u0131n\u0131\u00a0 \u00f6ne s\u00fcrd\u00fc.<\/p>\n<p>Frosina Ta\u015fevska \u2013 Remenski, Bulgaristan\u2019a\u00a0 Makedonya\u00a0 Cumhuriyetinin Avrupa perspektifine verdi\u011fi destekten dolay\u0131 te\u015fekk\u00fcr etti.<\/p>\n<p>&nbsp;<\/p><div id=\"bghab-1433297854\" class=\"bghab-icerik-icine bghab-entity-placement\"><script async src=\"\/\/pagead2.googlesyndication.com\/pagead\/js\/adsbygoogle.js?client=ca-pub-6203283170189293\" crossorigin=\"anonymous\"><\/script><ins class=\"adsbygoogle\" style=\"display:block; text-align:center;\" data-ad-client=\"ca-pub-6203283170189293\" \ndata-ad-slot=\"7303146466\" \ndata-ad-layout=\"in-article\"\ndata-ad-format=\"fluid\" data-full-width-responsive=\"true\"><\/ins>\n<script> \n(adsbygoogle = window.adsbygoogle || []).push({}); \n<\/script>\n<\/div>\n<p>BNR<\/p>\n<div id=\"bghab-3977350772\" class=\"bghab-yazi-altinda bghab-entity-placement\"><div class=\"bghab-adlabel\">Reklamlar<\/div><script async src=\"https:\/\/pagead2.googlesyndication.com\/pagead\/js\/adsbygoogle.js\"><\/script>\r\n<!-- bghaber-yaz\u0131-sonu -->\r\n<ins class=\"adsbygoogle\"\r\n     style=\"display:block\"\r\n     data-ad-client=\"ca-pub-6203283170189293\"\r\n     data-ad-slot=\"4222328180\"\r\n     data-ad-format=\"auto\"\r\n     data-full-width-responsive=\"true\"><\/ins>\r\n<script>\r\n     (adsbygoogle = window.adsbygoogle || []).push({});\r\n<\/script><\/div><br style=\"clear: both; display: block; float: none;\"\/>","protected":false},"excerpt":{"rendered":"<p>Ba\u015fbakan Yard\u0131mc\u0131s\u0131 ve D\u0131\u015fi\u015fleri Bakan\u0131 Ekaterina Zaharieva Makedon Meclisi Ba\u015fkan Yard\u0131mc\u0131s\u0131 Frosina Tashevska-Remenski\u2019nin ba\u015fkanl\u0131\u011f\u0131nda Makedonya Cumhuriyeti Meclisi&#8217;nde Bulgaristan ile Dostluk Grubu temsilcileriyle bir araya geldi.<\/p>\n","protected":false},"author":29,"featured_media":26232,"comment_status":"closed","ping_status":"closed","sticky":false,"template":"","format":"standard","meta":{"advanced_seo_description":"","jetpack_seo_html_title":"","jetpack_seo_noindex":false,"_jetpack_memberships_contains_paid_content":false,"footnotes":""},"categories":[9,1],"tags":[],"class_list":["post-28739","post","type-post","status-publish","format-standard","has-post-thumbnail","hentry","category-ekonomi","category-haberler"],"jetpack_featured_media_url":"https:\/\/i0.wp.com\/www.bghaber.org\/bghaber\/wp-content\/uploads\/2018\/01\/yatirimlar.jpg?fit=1024%2C682&ssl=1","jetpack_sharing_enabled":true,"jetpack_likes_enabled":true,"jetpack-related-posts":[],"jetpack_shortlink":"https:\/\/wp.me\/pc2PfJ-7tx","_links":{"self":[{"href":"https:\/\/www.bghaber.org\/bghaber\/wp-json\/wp\/v2\/posts\/28739","targetHints":{"allow":["GET"]}}],"collection":[{"href":"https:\/\/www.bghaber.org\/bghaber\/wp-json\/wp\/v2\/posts"}],"about":[{"href":"https:\/\/www.bghaber.org\/bghaber\/wp-json\/wp\/v2\/types\/post"}],"author":[{"embeddable":true,"href":"https:\/\/www.bghaber.org\/bghaber\/wp-json\/wp\/v2\/users\/29"}],"replies":[{"embeddable":true,"href":"https:\/\/www.bghaber.org\/bghaber\/wp-json\/wp\/v2\/comments?post=28739"}],"version-history":[{"count":0,"href":"https:\/\/www.bghaber.org\/bghaber\/wp-json\/wp\/v2\/posts\/28739\/revisions"}],"wp:featuredmedia":[{"embeddable":true,"href":"https:\/\/www.bghaber.org\/bghaber\/wp-json\/wp\/v2\/media\/26232"}],"wp:attachment":[{"href":"https:\/\/www.bghaber.org\/bghaber\/wp-json\/wp\/v2\/media?parent=28739"}],"wp:term":[{"taxonomy":"category","embeddable":true,"href":"https:\/\/www.bghaber.org\/bghaber\/wp-json\/wp\/v2\/categories?post=28739"},{"taxonomy":"post_tag","embeddable":true,"href":"https:\/\/www.bghaber.org\/bghaber\/wp-json\/wp\/v2\/tags?post=28739"}],"curies":[{"name":"wp","href":"https:\/\/api.w.org\/{rel}","templated":true}]}}