{"id":28731,"date":"2018-03-23T23:32:51","date_gmt":"2018-03-23T20:32:51","guid":{"rendered":"http:\/\/www.bghaber.org\/bghaber\/?p=28731"},"modified":"2019-07-04T20:41:30","modified_gmt":"2019-07-04T17:41:30","slug":"cezayir-disisleri-bakani-bulgaristanda","status":"publish","type":"post","link":"https:\/\/www.bghaber.org\/bghaber\/cezayir-disisleri-bakani-bulgaristanda\/","title":{"rendered":"Cezayir D\u0131\u015fi\u015fleri Bakan\u0131 Bulgaristan\u2019da"},"content":{"rendered":"<p>Ba\u015fbakan Yard\u0131mc\u0131s\u0131 ve D\u0131\u015fi\u015fleri Bakan\u0131 Ekaterina Zaharieva, Sofya\u2019da Cezayir Demokratik Halk Cumhuriyeti\u2019nden mevkida\u015f\u0131 Abdelkader Messahel ile g\u00f6r\u00fc\u015ft\u00fc.<\/p>\n<p>Bu, son 34 y\u0131lda bir Cezayir D\u0131\u015fi\u015fleri Bakan\u0131\u2019n\u0131n ilk ziyaretidir. \u0130ki bakan, Bulgaristan ile Cezayir aras\u0131nda ekonomi, turizm, k\u00fclt\u00fcr ve e\u011fitim alanlar\u0131nda i\u015fbirli\u011fi i\u00e7in son y\u0131llarda ka\u00e7\u0131r\u0131lan imk\u00e2nlar\u0131n, telafi edilmesi gerekti\u011fi g\u00f6r\u00fc\u015f\u00fc etraf\u0131nda birle\u015fti ve kullanmam\u0131\u015f potansiyelin geli\u015fimi i\u00e7in somut ad\u0131mlar belirledi.<\/p>\n<p>Bakan Messahel, \u201cCezayir halk\u0131, Bulgaristan\u2019\u0131 Cezayir\u2019de \u00e7al\u0131\u015fm\u0131\u015f ekonominin farkl\u0131 alanlar\u0131ndan binlerce Bulgar uzman\u0131n\u0131n m\u00fckemmel \u00e7al\u0131\u015fmalar\u0131 sayesinde iyice tan\u0131yor\u201d \u015feklinde konu\u015ftu.<\/p>\n<p>&nbsp;<\/p>\n<p>BNR<\/p><div id=\"bghab-36964312\" class=\"bghab-icerik-icine bghab-entity-placement\"><script async src=\"\/\/pagead2.googlesyndication.com\/pagead\/js\/adsbygoogle.js?client=ca-pub-6203283170189293\" crossorigin=\"anonymous\"><\/script><ins class=\"adsbygoogle\" style=\"display:block; text-align:center;\" data-ad-client=\"ca-pub-6203283170189293\" \ndata-ad-slot=\"7303146466\" \ndata-ad-layout=\"in-article\"\ndata-ad-format=\"fluid\" data-full-width-responsive=\"true\"><\/ins>\n<script> \n(adsbygoogle = window.adsbygoogle || []).push({}); \n<\/script>\n<\/div>\n<div id=\"bghab-2277960645\" class=\"bghab-yazi-altinda bghab-entity-placement\"><div class=\"bghab-adlabel\">Reklamlar<\/div><script async src=\"https:\/\/pagead2.googlesyndication.com\/pagead\/js\/adsbygoogle.js\"><\/script>\r\n<!-- bghaber-yaz\u0131-sonu -->\r\n<ins class=\"adsbygoogle\"\r\n     style=\"display:block\"\r\n     data-ad-client=\"ca-pub-6203283170189293\"\r\n     data-ad-slot=\"4222328180\"\r\n     data-ad-format=\"auto\"\r\n     data-full-width-responsive=\"true\"><\/ins>\r\n<script>\r\n     (adsbygoogle = window.adsbygoogle || []).push({});\r\n<\/script><\/div><br style=\"clear: both; display: block; float: none;\"\/>","protected":false},"excerpt":{"rendered":"<p>Ba\u015fbakan Yard\u0131mc\u0131s\u0131 ve D\u0131\u015fi\u015fleri Bakan\u0131 Ekaterina Zaharieva, Sofya\u2019da Cezayir Demokratik Halk Cumhuriyeti\u2019nden mevkida\u015f\u0131 Abdelkader Messahel ile g\u00f6r\u00fc\u015ft\u00fc. Bu, son 34 y\u0131lda bir Cezayir D\u0131\u015fi\u015fleri Bakan\u0131\u2019n\u0131n<\/p>\n","protected":false},"author":29,"featured_media":28732,"comment_status":"closed","ping_status":"closed","sticky":false,"template":"","format":"standard","meta":{"advanced_seo_description":"","jetpack_seo_html_title":"","jetpack_seo_noindex":false,"_jetpack_memberships_contains_paid_content":false,"footnotes":""},"categories":[1,4],"tags":[],"class_list":["post-28731","post","type-post","status-publish","format-standard","has-post-thumbnail","hentry","category-haberler","category-siyaset"],"jetpack_featured_media_url":"https:\/\/i0.wp.com\/www.bghaber.org\/bghaber\/wp-content\/uploads\/2018\/03\/cezayir-disisleri-bakani-bulgaristanda.jpg?fit=610%2C343&ssl=1","jetpack_sharing_enabled":true,"jetpack_likes_enabled":true,"jetpack-related-posts":[],"jetpack_shortlink":"https:\/\/wp.me\/pc2PfJ-7tp","_links":{"self":[{"href":"https:\/\/www.bghaber.org\/bghaber\/wp-json\/wp\/v2\/posts\/28731","targetHints":{"allow":["GET"]}}],"collection":[{"href":"https:\/\/www.bghaber.org\/bghaber\/wp-json\/wp\/v2\/posts"}],"about":[{"href":"https:\/\/www.bghaber.org\/bghaber\/wp-json\/wp\/v2\/types\/post"}],"author":[{"embeddable":true,"href":"https:\/\/www.bghaber.org\/bghaber\/wp-json\/wp\/v2\/users\/29"}],"replies":[{"embeddable":true,"href":"https:\/\/www.bghaber.org\/bghaber\/wp-json\/wp\/v2\/comments?post=28731"}],"version-history":[{"count":0,"href":"https:\/\/www.bghaber.org\/bghaber\/wp-json\/wp\/v2\/posts\/28731\/revisions"}],"wp:featuredmedia":[{"embeddable":true,"href":"https:\/\/www.bghaber.org\/bghaber\/wp-json\/wp\/v2\/media\/28732"}],"wp:attachment":[{"href":"https:\/\/www.bghaber.org\/bghaber\/wp-json\/wp\/v2\/media?parent=28731"}],"wp:term":[{"taxonomy":"category","embeddable":true,"href":"https:\/\/www.bghaber.org\/bghaber\/wp-json\/wp\/v2\/categories?post=28731"},{"taxonomy":"post_tag","embeddable":true,"href":"https:\/\/www.bghaber.org\/bghaber\/wp-json\/wp\/v2\/tags?post=28731"}],"curies":[{"name":"wp","href":"https:\/\/api.w.org\/{rel}","templated":true}]}}