{"id":28726,"date":"2018-03-23T23:45:29","date_gmt":"2018-03-23T20:45:29","guid":{"rendered":"http:\/\/www.bghaber.org\/bghaber\/?p=28726"},"modified":"2019-07-04T20:41:30","modified_gmt":"2019-07-04T17:41:30","slug":"bulgaristanda-turk-koyluler-leylekleri-donmaktan-kurtardi","status":"publish","type":"post","link":"https:\/\/www.bghaber.org\/bghaber\/bulgaristanda-turk-koyluler-leylekleri-donmaktan-kurtardi\/","title":{"rendered":"Bulgaristan&#8217;da T\u00fcrk k\u00f6yl\u00fcler leylekleri donmaktan kurtard\u0131"},"content":{"rendered":"<p>Bulgaristan\u2019da a\u015f\u0131r\u0131 so\u011fuklar\u0131n etkiledi\u011fi do\u011fa \u015fartlar\u0131 g\u00f6\u00e7men ku\u015flar\u0131 zor durumda b\u0131rakt\u0131. Donma tehlikesi ge\u00e7iren ku\u015flara T\u00fcrk k\u00f6yl\u00fcler evlerini a\u00e7arak hayatlar\u0131n\u0131 kurtard\u0131.<\/p>\n<p>So\u011fuk k\u0131\u015f \u015fartlar\u0131n\u0131n ya\u015fand\u0131\u011f\u0131 Bulgaristan&#8217;da hayvanlar\u0131n zor durumda kalmamas\u0131 i\u00e7in k\u00f6yl\u00fcler seferber oldu. Bulgaristan\u2019da g\u00f6\u00e7men ku\u015flar\u0131n karla kapl\u0131 alanda kanatlar\u0131 donmu\u015f bir \u015fekilde zor durumda oldu\u011funu g\u00f6ren T\u00fcrk k\u00f6yl\u00fcleri leylekleri evlerine alarak soba ile \u0131s\u0131t\u0131p \u00f6l\u00fcmden kurtard\u0131.<\/p>\n<p>Bulgaristan&#8217;\u0131n kuzeydo\u011fusundaki so\u011fuk hava nedeniyle y\u00fczlerce g\u00f6\u00e7men ku\u015flar\u0131 donma tehlikesi ile kar\u015f\u0131 kar\u015f\u0131ya kalmas\u0131n\u0131n yan\u0131 s\u0131ra kanatlar\u0131n\u0131 buzla kaplanan ku\u015flar\u0131n baz\u0131lar\u0131 so\u011fuktan donarak \u00f6ld\u00fc.<\/p>\n<p>Dondurucu hava y\u00fcz\u00fcnden kanatlar\u0131 ve ayaklar\u0131 buz tutan y\u00fczlerce leylek u\u00e7amaz hale geldi. Yiyecek bulamayan, u\u00e7amad\u0131klar\u0131 i\u00e7in y\u0131rt\u0131c\u0131 hayvanlar\u0131n hedefi olan leyleklerin imdad\u0131na, \u00e7o\u011fu T\u00fcrk k\u00f6kenli y\u00f6re halk\u0131 yeti\u015fti.<\/p>\n<p>B\u00f6lgede ya\u015fayan T\u00fcrkler, Bulgaristan\u2019\u0131n en sevilen b\u00fcy\u00fck ku\u015fu i\u00e7in seferber oldu. Tarlalarda \u0131slanm\u0131\u015f ve \u00f6lmek \u00fczere olan onlarca leylek kucaklanarak sobal\u0131 evlerde misafir edilmeye ba\u015fland\u0131.<\/p><div id=\"bghab-1351286340\" class=\"bghab-icerik-icine bghab-entity-placement\"><script async src=\"\/\/pagead2.googlesyndication.com\/pagead\/js\/adsbygoogle.js?client=ca-pub-6203283170189293\" crossorigin=\"anonymous\"><\/script><ins class=\"adsbygoogle\" style=\"display:block; text-align:center;\" data-ad-client=\"ca-pub-6203283170189293\" \ndata-ad-slot=\"7303146466\" \ndata-ad-layout=\"in-article\"\ndata-ad-format=\"fluid\" data-full-width-responsive=\"true\"><\/ins>\n<script> \n(adsbygoogle = window.adsbygoogle || []).push({}); \n<\/script>\n<\/div>\n<p>Silistre&#8217;nin Dulovo kasabas\u0131 yak\u0131nlar\u0131ndaki Zaritsa(T\u00fcrk\u00e7e ad\u0131 Kamerler) K\u00f6y\u00fc&#8217;nde ya\u015fayan 53 ya\u015f\u0131ndaki Saffet Halil,\u00a0<strong><em>\u201cK\u00f6y yolunun yak\u0131nlar\u0131nda be\u015f tane donmu\u015f leylek buldum.\u00a0<\/em><em>Onlar\u0131 eve g\u00f6t\u00fcrd\u00fcm, \u0131s\u0131nmalar\u0131 i\u00e7in bir ocak yakt\u0131m ve bal\u0131k verdim.\u201d\u00a0<\/em><\/strong>a\u00e7\u0131klamas\u0131n\u0131 yapt\u0131.<\/p>\n<p><img data-recalc-dims=\"1\" decoding=\"async\" class=\"aligncenter\" src=\"https:\/\/i0.wp.com\/www.ajanimo.com\/wp-content\/uploads\/2018\/03\/bulgaristangocmenkuslar.jpg?w=640\" \/><\/p>\n<p>&nbsp;<\/p>\n<p><strong>Saffet Halil<\/strong>\u2018in bu iyilik hareketi sosyal medyada bir destek dalgas\u0131na yol a\u00e7t\u0131 ve b\u00f6lgedeki di\u011fer insanlara \u00f6rnek oldu. Bu iyilik hareketini duyan ve g\u00f6ren insanlar da evlerini, garajlar\u0131n\u0131 ve kul\u00fcbelerini g\u00f6\u00e7men ku\u015flara a\u00e7arak 40&#8217;tan fazla ku\u015fun donarak \u00f6lmesini engelledi.<\/p>\n<p>Ayr\u0131ca Rus\u00e7uk\u2019da 12, \u00c7ernik\u2019te 14, Depol, \u0130sperih, Aven ve Vokil\u2019de iki\u015fer leylek evlerde koruma alt\u0131na al\u0131nd\u0131. Hava s\u0131cakl\u0131\u011f\u0131n\u0131n eksi 3 derece oldu\u011funu belirten Halil, veteriner kontrol\u00fcnde olan leyleklerin havan\u0131n \u0131s\u0131nmas\u0131yla do\u011faya b\u0131rak\u0131laca\u011f\u0131n\u0131 \u00a0ifade etti.<\/p>\n<p><img data-recalc-dims=\"1\" decoding=\"async\" class=\"aligncenter\" src=\"https:\/\/i0.wp.com\/www.ajanimo.com\/wp-content\/uploads\/2018\/03\/29510878_10155840380138005_2198341450968596480_n.jpg?w=640\" \/><\/p>\n<p>Havalar\u0131n \u0131s\u0131nmas\u0131yla bu g\u00f6\u00e7men ku\u015flar\u0131n do\u011faya b\u0131rak\u0131laca\u011f\u0131 bildirilerek bu hareketin insanl\u0131\u011fa ders olmas\u0131 ve bu k\u0131\u015f aylar\u0131nda d\u0131\u015far\u0131da kalan kedi, k\u00f6pek vb gibi hayvanlara sahip \u00e7\u0131k\u0131lmas\u0131n\u0131n ne derece \u00f6nemli oldu\u011fu ve onlar\u0131n da bir can ta\u015f\u0131d\u0131\u011f\u0131n\u0131n unutulmamas\u0131 gerekti\u011fini d\u00fcnyaya g\u00f6stermi\u015f oldu.<\/p><div id=\"bghab-517554413\" class=\"bghab-icerik-icine-10-paragraf bghab-entity-placement\"><script async src=\"\/\/pagead2.googlesyndication.com\/pagead\/js\/adsbygoogle.js?client=ca-pub-6203283170189293\" crossorigin=\"anonymous\"><\/script><ins class=\"adsbygoogle\" style=\"display:block; text-align:center;\" data-ad-client=\"ca-pub-6203283170189293\" \ndata-ad-slot=\"7303146466\" \ndata-ad-layout=\"in-article\"\ndata-ad-format=\"fluid\" data-full-width-responsive=\"true\"><\/ins>\n<script> \n(adsbygoogle = window.adsbygoogle || []).push({}); \n<\/script>\n<\/div>\n<p>&nbsp;<\/p>\n<p><strong>Bulgar bakandan soba hediyesi<\/strong><\/p>\n<p>Bulgaristan\u2019daki leylek seferberli\u011fi d\u00fcnya bas\u0131n\u0131n\u0131n da ilgisini \u00e7ekti. Deliorman ve Dobruca\u2019da ya\u015fayanlar\u0131n leyleklere evlerini a\u00e7mas\u0131na Bulgar h\u00fck\u00fcmeti de sessiz kalmad\u0131. \u00c7evre ve Su Bakan Yard\u0131mc\u0131s\u0131 Krassimir Zhivkov, leylek seferberli\u011fini ba\u015flatan yol bak\u0131m i\u015f\u00e7isi Saffet Halil\u2019i ziyaret etti. Halil\u2019e \u00c7evre ve Su Bakan\u0131 Neno Dimov\u2019un hediyesi olan yeni nesil soba ve yaban hayat\u0131 korumak i\u00e7in g\u00f6sterdi\u011fi \u00e7abalardan dolay\u0131 bakanl\u0131\u011f\u0131n sertifikas\u0131n\u0131 verdi. Bulgaristan\u2019\u0131n en so\u011fuk b\u00f6lgesinde ya\u015fad\u0131\u011f\u0131na dikkat \u00e7eken Saffet Halil, Milliyet\u2019e yapt\u0131\u011f\u0131 a\u00e7\u0131klamada, <strong><em>\u201cBenim k\u0131\u015f aylar\u0131ndaki i\u015fim, kar ya\u011fd\u0131\u011f\u0131 zaman yollar\u0131 a\u00e7mak. Bu i\u015fi yaparken leylekleri fark ettim. Yol boyunca bulduklar\u0131m\u0131 toplay\u0131p evime ald\u0131m\u201d<\/em><\/strong> dedi.<\/p>\n<p>&nbsp;<\/p>\n<p>BG Haber<\/p><div id=\"bghab-1277665374\" class=\"bghab-icerik-icine-15-paragraf bghab-entity-placement\"><script async src=\"\/\/pagead2.googlesyndication.com\/pagead\/js\/adsbygoogle.js?client=ca-pub-6203283170189293\" crossorigin=\"anonymous\"><\/script><ins class=\"adsbygoogle\" style=\"display:block; text-align:center;\" data-ad-client=\"ca-pub-6203283170189293\" \ndata-ad-slot=\"7303146466\" \ndata-ad-layout=\"in-article\"\ndata-ad-format=\"fluid\" data-full-width-responsive=\"true\"><\/ins>\n<script> \n(adsbygoogle = window.adsbygoogle || []).push({}); \n<\/script>\n<\/div>\n<p>&nbsp;<\/p>\n<div id=\"bghab-1723634152\" class=\"bghab-yazi-altinda bghab-entity-placement\"><div class=\"bghab-adlabel\">Reklamlar<\/div><script async src=\"https:\/\/pagead2.googlesyndication.com\/pagead\/js\/adsbygoogle.js\"><\/script>\r\n<!-- bghaber-yaz\u0131-sonu -->\r\n<ins class=\"adsbygoogle\"\r\n     style=\"display:block\"\r\n     data-ad-client=\"ca-pub-6203283170189293\"\r\n     data-ad-slot=\"4222328180\"\r\n     data-ad-format=\"auto\"\r\n     data-full-width-responsive=\"true\"><\/ins>\r\n<script>\r\n     (adsbygoogle = window.adsbygoogle || []).push({});\r\n<\/script><\/div><br style=\"clear: both; display: block; float: none;\"\/>","protected":false},"excerpt":{"rendered":"<p>Bulgaristan\u2019da a\u015f\u0131r\u0131 so\u011fuklar\u0131n etkiledi\u011fi do\u011fa \u015fartlar\u0131 g\u00f6\u00e7men ku\u015flar\u0131 zor durumda b\u0131rakt\u0131. Donma tehlikesi ge\u00e7iren ku\u015flara T\u00fcrk k\u00f6yl\u00fcler evlerini a\u00e7arak hayatlar\u0131n\u0131 kurtard\u0131. So\u011fuk k\u0131\u015f \u015fartlar\u0131n\u0131n ya\u015fand\u0131\u011f\u0131<\/p>\n","protected":false},"author":29,"featured_media":28727,"comment_status":"closed","ping_status":"closed","sticky":false,"template":"","format":"standard","meta":{"advanced_seo_description":"","jetpack_seo_html_title":"","jetpack_seo_noindex":false,"_jetpack_memberships_contains_paid_content":false,"footnotes":""},"categories":[5],"tags":[],"class_list":["post-28726","post","type-post","status-publish","format-standard","has-post-thumbnail","hentry","category-yasam"],"jetpack_featured_media_url":"https:\/\/i0.wp.com\/www.bghaber.org\/bghaber\/wp-content\/uploads\/2018\/03\/bulgaristanda-turk-koyluler-leyleklere-sahip-cikti.jpg?fit=620%2C372&ssl=1","jetpack_sharing_enabled":true,"jetpack_likes_enabled":true,"jetpack-related-posts":[],"jetpack_shortlink":"https:\/\/wp.me\/pc2PfJ-7tk","_links":{"self":[{"href":"https:\/\/www.bghaber.org\/bghaber\/wp-json\/wp\/v2\/posts\/28726","targetHints":{"allow":["GET"]}}],"collection":[{"href":"https:\/\/www.bghaber.org\/bghaber\/wp-json\/wp\/v2\/posts"}],"about":[{"href":"https:\/\/www.bghaber.org\/bghaber\/wp-json\/wp\/v2\/types\/post"}],"author":[{"embeddable":true,"href":"https:\/\/www.bghaber.org\/bghaber\/wp-json\/wp\/v2\/users\/29"}],"replies":[{"embeddable":true,"href":"https:\/\/www.bghaber.org\/bghaber\/wp-json\/wp\/v2\/comments?post=28726"}],"version-history":[{"count":0,"href":"https:\/\/www.bghaber.org\/bghaber\/wp-json\/wp\/v2\/posts\/28726\/revisions"}],"wp:featuredmedia":[{"embeddable":true,"href":"https:\/\/www.bghaber.org\/bghaber\/wp-json\/wp\/v2\/media\/28727"}],"wp:attachment":[{"href":"https:\/\/www.bghaber.org\/bghaber\/wp-json\/wp\/v2\/media?parent=28726"}],"wp:term":[{"taxonomy":"category","embeddable":true,"href":"https:\/\/www.bghaber.org\/bghaber\/wp-json\/wp\/v2\/categories?post=28726"},{"taxonomy":"post_tag","embeddable":true,"href":"https:\/\/www.bghaber.org\/bghaber\/wp-json\/wp\/v2\/tags?post=28726"}],"curies":[{"name":"wp","href":"https:\/\/api.w.org\/{rel}","templated":true}]}}