{"id":28721,"date":"2018-03-23T22:30:21","date_gmt":"2018-03-23T19:30:21","guid":{"rendered":"http:\/\/www.bghaber.org\/bghaber\/?p=28721"},"modified":"2019-07-04T20:41:30","modified_gmt":"2019-07-04T17:41:30","slug":"ab-turkiye-zirvesinin-amaci-abnin-dis-sinirinin-garanti-altina-alinmasi","status":"publish","type":"post","link":"https:\/\/www.bghaber.org\/bghaber\/ab-turkiye-zirvesinin-amaci-abnin-dis-sinirinin-garanti-altina-alinmasi\/","title":{"rendered":"AB-T\u00fcrkiye zirvesinin amac\u0131, AB\u2019nin d\u0131\u015f s\u0131n\u0131r\u0131n\u0131n garanti alt\u0131na al\u0131nmas\u0131"},"content":{"rendered":"<p>Ba\u015fbakan Boyko Borisov, bug\u00fcnk\u00fc Avrupa Birli\u011fi (AB) Konseyi toplant\u0131s\u0131ndan sonra Br\u00fcksel&#8217;de gazetecilere verdi\u011fi deme\u00e7te \u015f\u00f6yle konu\u015ftu: \u201dAB ve T\u00fcrkiye liderleri aras\u0131nda Varna&#8217;da yap\u0131lacak toplant\u0131n\u0131n amac\u0131, Birli\u011fin d\u0131\u015f s\u0131n\u0131r\u0131n\u0131 garanti alt\u0131na almak &#8211; AB&#8217;nin T\u00fcrkiye&#8217;ye m\u00fclteci anla\u015fmas\u0131 \u00e7er\u00e7evesinde mali yard\u0131m\u0131n ikinci dilim \u00f6dene\u011fini yapaca\u011f\u0131n\u0131 teyit etmek ve bu 3,5 milyon g\u00f6\u00e7menin T\u00fcrkiye&#8217;de kalmas\u0131n\u0131 sa\u011flamakt\u0131r\u201d. D\u00fcn ak\u015famki \u00e7al\u0131\u015fma oturumunda t\u00fcm \u00fclkelerin diyalog kanallar\u0131n\u0131 s\u00fcrd\u00fcrmeye istekli olduklar\u0131n\u0131 belirtti. Ba\u015fbakan, \u201c\u00c7ok zor bir g\u00f6r\u00fc\u015fme olaca\u011f\u0131 g\u00f6r\u00fcn\u00fcyor, \u00e7\u00fcnk\u00fc ili\u015fkiler son derece k\u00f6t\u00fcle\u015fti. Bu, Bulgaristan i\u00e7in b\u00fcy\u00fck bir sorumluluk &#8211; bize b\u00fcy\u00fck g\u00fcven veriliyor ve ayn\u0131 zamanda b\u00fcy\u00fck beklentiler var\u201d diye \u00f6zetledi<\/p>\n<p>Borisov, \u201c\u00c7ok az a\u00e7\u0131k ileti\u015fim kanal\u0131m\u0131z var ve daha fazla ak\u0131lla ve sorumlulukla hareket etmemizi istiyorum\u201d dedi. Ba\u015fbakan, \u015fimdiki zaman\u0131, net b\u00f6l\u00fcnme \u00e7izgileri ve iki k\u00fcresel oyuncunun oldu\u011fu &#8220;So\u011fuk Sava\u015f\u2019tan daha a\u011f\u0131r&#8221; olarak nitelendirdi.<\/p>\n<p>Borisov, \u015funlar\u0131 kaydetti: \u201c\u015eu anda d\u00fcnyan\u0131n bar\u0131\u015f\u00e7\u0131l geli\u015fimi i\u00e7in iyimser de\u011filim. Diplomatlar\u0131n yo\u011fun olarak geri \u00e7a\u011f\u0131r\u0131ld\u0131\u011f\u0131 bir zaman\u0131n daha fazla bar\u0131\u015f, huzur ve anlay\u0131\u015fa yol a\u00e7mas\u0131 olas\u0131 de\u011fildir\u201d.<\/p>\n<p>Borisov, Avrupa Konseyi toplant\u0131s\u0131nda \u0130ngiltere Ba\u015fbakan\u0131 Theresa May&#8217;\u0131n eski Rus \u00e7ifte ajan Sergey Skripal suikast\u0131n\u0131n arkas\u0131nda Rusya\u2019n\u0131n bulundu\u011fu olas\u0131l\u0131\u011f\u0131n\u0131n y\u00fcksek oldu\u011fu y\u00f6n\u00fcndeki ifadeleri d\u0131\u015f\u0131nda bunun kan\u0131tlanmas\u0131n\u0131 istedi\u011fini belirtti.<\/p>\n<p>Borisov,\u201d Hepimiz \u0130ngiltere\u2019ye inan\u0131yoruz, ama ayn\u0131 zamanda bu konularda g\u00f6r\u00fc\u015f\u00fcm\u00fcze de de\u011findim, Saddam H\u00fcseyin\u2019e kar\u015f\u0131 kimyasal silah kullan\u0131m\u0131yla ilgili iddialar\u0131 da hat\u0131rlatt\u0131m- Tony Blair daha sonra \u00f6z\u00fcr diledi, ama i\u015f i\u015ften ge\u00e7mi\u015fti\u201d dedi.<\/p><div id=\"bghab-4087359451\" class=\"bghab-icerik-icine bghab-entity-placement\"><script async src=\"\/\/pagead2.googlesyndication.com\/pagead\/js\/adsbygoogle.js?client=ca-pub-6203283170189293\" crossorigin=\"anonymous\"><\/script><ins class=\"adsbygoogle\" style=\"display:block; text-align:center;\" data-ad-client=\"ca-pub-6203283170189293\" \ndata-ad-slot=\"7303146466\" \ndata-ad-layout=\"in-article\"\ndata-ad-format=\"fluid\" data-full-width-responsive=\"true\"><\/ins>\n<script> \n(adsbygoogle = window.adsbygoogle || []).push({}); \n<\/script>\n<\/div>\n<p>Borisov\u2019un ifadelerine g\u00f6re Avrupal\u0131 liderlerin AB&#8217;nin Rusya Federasyonu b\u00fcy\u00fckel\u00e7isini isti\u015fareler i\u00e7in geri \u00e7ekme karar\u0131, \u0130ngiltere ve Avrupa Birli\u011fi&#8217;nin Brexit&#8217;e ra\u011fmen bir b\u00fct\u00fcn oldu\u011funu, birbiriyle ba\u011flant\u0131l\u0131 olduklar\u0131n\u0131, birbirlerini kar\u015f\u0131l\u0131kl\u0131 olarak desteklediklerini ve koruduklar\u0131n\u0131 g\u00f6stermektedir.<\/p>\n<p>&nbsp;<\/p>\n<p>&nbsp;<\/p>\n<p>K\u0131rcaali Haber<\/p>\n<div id=\"bghab-881399301\" class=\"bghab-yazi-altinda bghab-entity-placement\"><div class=\"bghab-adlabel\">Reklamlar<\/div><script async src=\"https:\/\/pagead2.googlesyndication.com\/pagead\/js\/adsbygoogle.js\"><\/script>\r\n<!-- bghaber-yaz\u0131-sonu -->\r\n<ins class=\"adsbygoogle\"\r\n     style=\"display:block\"\r\n     data-ad-client=\"ca-pub-6203283170189293\"\r\n     data-ad-slot=\"4222328180\"\r\n     data-ad-format=\"auto\"\r\n     data-full-width-responsive=\"true\"><\/ins>\r\n<script>\r\n     (adsbygoogle = window.adsbygoogle || []).push({});\r\n<\/script><\/div><br style=\"clear: both; display: block; float: none;\"\/>","protected":false},"excerpt":{"rendered":"<p>Ba\u015fbakan Boyko Borisov, bug\u00fcnk\u00fc Avrupa Birli\u011fi (AB) Konseyi toplant\u0131s\u0131ndan sonra Br\u00fcksel&#8217;de gazetecilere verdi\u011fi deme\u00e7te \u015f\u00f6yle konu\u015ftu: \u201dAB ve T\u00fcrkiye liderleri aras\u0131nda Varna&#8217;da yap\u0131lacak toplant\u0131n\u0131n amac\u0131,<\/p>\n","protected":false},"author":29,"featured_media":4896,"comment_status":"closed","ping_status":"closed","sticky":false,"template":"","format":"standard","meta":{"advanced_seo_description":"","jetpack_seo_html_title":"","jetpack_seo_noindex":false,"_jetpack_memberships_contains_paid_content":false,"footnotes":""},"categories":[1,4],"tags":[],"class_list":["post-28721","post","type-post","status-publish","format-standard","has-post-thumbnail","hentry","category-haberler","category-siyaset"],"jetpack_featured_media_url":"https:\/\/i0.wp.com\/www.bghaber.org\/bghaber\/wp-content\/uploads\/2013\/08\/thumb296x233.jpg?fit=296%2C233&ssl=1","jetpack_sharing_enabled":true,"jetpack_likes_enabled":true,"jetpack-related-posts":[],"jetpack_shortlink":"https:\/\/wp.me\/pc2PfJ-7tf","_links":{"self":[{"href":"https:\/\/www.bghaber.org\/bghaber\/wp-json\/wp\/v2\/posts\/28721","targetHints":{"allow":["GET"]}}],"collection":[{"href":"https:\/\/www.bghaber.org\/bghaber\/wp-json\/wp\/v2\/posts"}],"about":[{"href":"https:\/\/www.bghaber.org\/bghaber\/wp-json\/wp\/v2\/types\/post"}],"author":[{"embeddable":true,"href":"https:\/\/www.bghaber.org\/bghaber\/wp-json\/wp\/v2\/users\/29"}],"replies":[{"embeddable":true,"href":"https:\/\/www.bghaber.org\/bghaber\/wp-json\/wp\/v2\/comments?post=28721"}],"version-history":[{"count":0,"href":"https:\/\/www.bghaber.org\/bghaber\/wp-json\/wp\/v2\/posts\/28721\/revisions"}],"wp:featuredmedia":[{"embeddable":true,"href":"https:\/\/www.bghaber.org\/bghaber\/wp-json\/wp\/v2\/media\/4896"}],"wp:attachment":[{"href":"https:\/\/www.bghaber.org\/bghaber\/wp-json\/wp\/v2\/media?parent=28721"}],"wp:term":[{"taxonomy":"category","embeddable":true,"href":"https:\/\/www.bghaber.org\/bghaber\/wp-json\/wp\/v2\/categories?post=28721"},{"taxonomy":"post_tag","embeddable":true,"href":"https:\/\/www.bghaber.org\/bghaber\/wp-json\/wp\/v2\/tags?post=28721"}],"curies":[{"name":"wp","href":"https:\/\/api.w.org\/{rel}","templated":true}]}}