{"id":28713,"date":"2018-03-24T08:00:56","date_gmt":"2018-03-24T05:00:56","guid":{"rendered":"http:\/\/www.bghaber.org\/bghaber\/?p=28713"},"modified":"2019-07-04T20:41:29","modified_gmt":"2019-07-04T17:41:29","slug":"bulgaristanda-iscinin-saat-ucreti-abden-4-kat-daha-dusuk","status":"publish","type":"post","link":"https:\/\/www.bghaber.org\/bghaber\/bulgaristanda-iscinin-saat-ucreti-abden-4-kat-daha-dusuk\/","title":{"rendered":"Bulgaristan\u2019da i\u015f\u00e7inin saat \u00fccreti AB&#8217;den 4 kat daha d\u00fc\u015f\u00fck"},"content":{"rendered":"<p>Avrupa Birli\u011fi (AB) \u0130statistik Ofisi\u2019nin (Eurostat) 2017 y\u0131l\u0131na ait saatlik \u00fccretlere ili\u015fkin verilerine g\u00f6re Bulgaristan, di\u011fer Avrupa Birli\u011fi (AB) \u00fcye \u00fclkelerine k\u0131yasla en d\u00fc\u015f\u00fck i\u015f\u00e7i \u00fccreti seviyesinde kalmaktad\u0131r. AB i\u00e7inde \u00e7al\u0131\u015fan i\u015f\u00e7ilerin ortalamas\u0131 saatlik \u00fccreti 23,1 avro, Avro B\u00f6lgesi\u2019nde \u00e7al\u0131\u015fanlar\u0131n ise 26, 9 avro iken, bize saatlik i\u015f\u00e7i \u00fccreti 5,1 avro veya AB ortalamas\u0131ndan yakla\u015f\u0131k d\u00f6rt kat daha d\u00fc\u015f\u00fckt\u00fcr.<\/p>\n<p>Bulgaristan\u2019da \u00e7al\u0131\u015fanlar\u0131n saatte 2, 3 avro ald\u0131klar\u0131 2007&#8217;den bu yana 10 y\u0131lda y\u00fczde 122&#8217;lik bir art\u0131\u015fa ra\u011fmen, Bulgaristan&#8217;daki \u00fccret AB&#8217;deki en d\u00fc\u015f\u00fck seviyede olmaya devam ediyor. Saatte 10 avronun alt\u0131nda \u00fccret alanlar aras\u0131nda Rumenler (5, 5 avro), Polonyal\u0131lar (2016&#8217;da 6,3 avro) ve Macarlar (7,6 avro) da bulunuyorlar.<\/p>\n<p>Ayn\u0131 grupta Litvanya (8,4 Euro), H\u0131rvatistan (2016 i\u00e7in 8,5 Euro) ve Letonya (8,6 Euro) bulunuyor. 2017&#8217;de AB i\u00e7inde en fazla saatlik \u00fccret alan i\u015f\u00e7iler, L\u00fcksemburg (2016 y\u0131l\u0131na ili\u015fkin verilere g\u00f6re 43,8 euro), Danimarka (38,7 avro) ve Bel\u00e7ika (2016 y\u0131l\u0131na ili\u015fkin verilere g\u00f6re 37,9 avro) \u00fclkelerinde \u00e7al\u0131\u015fanlard\u0131r.<\/p>\n<p>Ge\u00e7en y\u0131l ortalama saatlik \u00fccreti 30 avronun \u00fczerinde bir tutarda Fransa\u2019da (33 avro), Hollanda&#8217;da (2016&#8217;da 33,7 avro) ve Almanya&#8217;da (32,3 avro) \u00f6denmi\u015ftir. 2007&#8217;den bu yana on y\u0131l i\u00e7inde Yunanistan (y\u00fczde 7&#8217;lik d\u00fc\u015f\u00fc\u015fle 12, 1&#8217;den 11, 2&#8217;ye azald\u0131) ve Birle\u015fik Krall\u0131k (y\u00fczde 7&#8217;lik d\u00fc\u015f\u00fc\u015fle 27,3&#8217;ten 25,5 avroya azald\u0131) hari\u00e7 t\u00fcm AB \u00fcyesi \u00fclkelerde saatlik \u00fccret y\u00fckseldi.<\/p>\n<p>En y\u00fcksek saatlik \u00fccret art\u0131\u015f\u0131 Bulgaristan (y\u00fczde 122), Estonya (y\u00fczde67), Slovakya ve Litvanya\u2019da (her ikisinde de y\u00fczde 62) kaydedildi.<\/p><div id=\"bghab-3183239531\" class=\"bghab-icerik-icine bghab-entity-placement\"><script async src=\"\/\/pagead2.googlesyndication.com\/pagead\/js\/adsbygoogle.js?client=ca-pub-6203283170189293\" crossorigin=\"anonymous\"><\/script><ins class=\"adsbygoogle\" style=\"display:block; text-align:center;\" data-ad-client=\"ca-pub-6203283170189293\" \ndata-ad-slot=\"7303146466\" \ndata-ad-layout=\"in-article\"\ndata-ad-format=\"fluid\" data-full-width-responsive=\"true\"><\/ins>\n<script> \n(adsbygoogle = window.adsbygoogle || []).push({}); \n<\/script>\n<\/div>\n<p>&nbsp;<\/p>\n<p>K\u0131rcaali Haber<\/p>\n<div id=\"bghab-1180193233\" class=\"bghab-yazi-altinda bghab-entity-placement\"><div class=\"bghab-adlabel\">Reklamlar<\/div><script async src=\"https:\/\/pagead2.googlesyndication.com\/pagead\/js\/adsbygoogle.js\"><\/script>\r\n<!-- bghaber-yaz\u0131-sonu -->\r\n<ins class=\"adsbygoogle\"\r\n     style=\"display:block\"\r\n     data-ad-client=\"ca-pub-6203283170189293\"\r\n     data-ad-slot=\"4222328180\"\r\n     data-ad-format=\"auto\"\r\n     data-full-width-responsive=\"true\"><\/ins>\r\n<script>\r\n     (adsbygoogle = window.adsbygoogle || []).push({});\r\n<\/script><\/div><br style=\"clear: both; display: block; float: none;\"\/>","protected":false},"excerpt":{"rendered":"<p>Avrupa Birli\u011fi (AB) \u0130statistik Ofisi\u2019nin (Eurostat) 2017 y\u0131l\u0131na ait saatlik \u00fccretlere ili\u015fkin verilerine g\u00f6re Bulgaristan, di\u011fer Avrupa Birli\u011fi (AB) \u00fcye \u00fclkelerine k\u0131yasla en d\u00fc\u015f\u00fck i\u015f\u00e7i<\/p>\n","protected":false},"author":29,"featured_media":26866,"comment_status":"closed","ping_status":"closed","sticky":false,"template":"","format":"standard","meta":{"advanced_seo_description":"","jetpack_seo_html_title":"","jetpack_seo_noindex":false,"_jetpack_memberships_contains_paid_content":false,"footnotes":""},"categories":[9],"tags":[],"class_list":["post-28713","post","type-post","status-publish","format-standard","has-post-thumbnail","hentry","category-ekonomi"],"jetpack_featured_media_url":"https:\/\/i0.wp.com\/www.bghaber.org\/bghaber\/wp-content\/uploads\/2018\/02\/insaat-isci.jpg?fit=738%2C512&ssl=1","jetpack_sharing_enabled":true,"jetpack_likes_enabled":true,"jetpack-related-posts":[],"jetpack_shortlink":"https:\/\/wp.me\/pc2PfJ-7t7","_links":{"self":[{"href":"https:\/\/www.bghaber.org\/bghaber\/wp-json\/wp\/v2\/posts\/28713","targetHints":{"allow":["GET"]}}],"collection":[{"href":"https:\/\/www.bghaber.org\/bghaber\/wp-json\/wp\/v2\/posts"}],"about":[{"href":"https:\/\/www.bghaber.org\/bghaber\/wp-json\/wp\/v2\/types\/post"}],"author":[{"embeddable":true,"href":"https:\/\/www.bghaber.org\/bghaber\/wp-json\/wp\/v2\/users\/29"}],"replies":[{"embeddable":true,"href":"https:\/\/www.bghaber.org\/bghaber\/wp-json\/wp\/v2\/comments?post=28713"}],"version-history":[{"count":0,"href":"https:\/\/www.bghaber.org\/bghaber\/wp-json\/wp\/v2\/posts\/28713\/revisions"}],"wp:featuredmedia":[{"embeddable":true,"href":"https:\/\/www.bghaber.org\/bghaber\/wp-json\/wp\/v2\/media\/26866"}],"wp:attachment":[{"href":"https:\/\/www.bghaber.org\/bghaber\/wp-json\/wp\/v2\/media?parent=28713"}],"wp:term":[{"taxonomy":"category","embeddable":true,"href":"https:\/\/www.bghaber.org\/bghaber\/wp-json\/wp\/v2\/categories?post=28713"},{"taxonomy":"post_tag","embeddable":true,"href":"https:\/\/www.bghaber.org\/bghaber\/wp-json\/wp\/v2\/tags?post=28713"}],"curies":[{"name":"wp","href":"https:\/\/api.w.org\/{rel}","templated":true}]}}