{"id":28705,"date":"2018-03-23T21:00:15","date_gmt":"2018-03-23T18:00:15","guid":{"rendered":"http:\/\/www.bghaber.org\/bghaber\/?p=28705"},"modified":"2019-07-04T20:41:30","modified_gmt":"2019-07-04T17:41:30","slug":"bes-yasina-kadar-cocuk-evlat-edinenler-yuksek-tazminat-alacak","status":"publish","type":"post","link":"https:\/\/www.bghaber.org\/bghaber\/bes-yasina-kadar-cocuk-evlat-edinenler-yuksek-tazminat-alacak\/","title":{"rendered":"Be\u015f ya\u015f\u0131na kadar \u00e7ocuk evlat edinenler, y\u00fcksek tazminat alacak"},"content":{"rendered":"<p>Parlamento\u2019nun bug\u00fcn ikinci okumada oybirli\u011fiyle onaylad\u0131\u011f\u0131 \u0130\u015f Kanunu&#8217;nda de\u011fi\u015fiklik yap\u0131lmas\u0131na dair tasar\u0131, 1 Temmuz 2018 itibariyle 5 ya\u015f\u0131na kadar \u00e7ocuk evlat edinenlerin, 365 g\u00fcn izin alabilmesini ve i\u015f\u00e7i \u00fccretinin y\u00fczde 90\u2019\u0131 miktar\u0131nda y\u00fcksek tazminat alabilmesini \u00f6ng\u00f6rmektedir.<\/p>\n<p>Evlat edinen aileler, 365 g\u00fcn izin alma ve tazminat alma hakk\u0131n\u0131, \u00e7ocuk 5 ya\u015f\u0131n\u0131 dolduruncaya kadar kullanabilir.<\/p>\n<p>\u015eu anda 2 ya\u015f\u0131na kadar \u00e7ocuk evlat edinen aileler, standart annelik izni kullanma hakk\u0131na sahiptiler, ancak \u00e7ocuk bir ya\u015f\u0131n\u0131 dolduruncaya kadar y\u00fcksek tazminat almakta ve \u00e7ocuklar\u0131n 1-2 ya\u015f aras\u0131ndaki d\u00f6neminde 380 leva almaktad\u0131rlar. Ancak bu, ayr\u0131mc\u0131l\u0131k olarak kabul edilir, \u00e7\u00fcnk\u00fc \u015fu anda 2 ile 5 ya\u015f aras\u0131nda \u00e7ocuk evlat edinenler, 365 g\u00fcnl\u00fck izin ve y\u00fcksek tazminat hakk\u0131na sahiptirler.<\/p>\n<p>Parlamentodaki \u00e7o\u011funluk, sol partilerin 5 ya\u015f\u0131n \u00fcst\u00fcnde \u00e7ocuk evlat edinenlere 90 g\u00fcnl\u00fck izin hakk\u0131 tan\u0131ma \u00f6nerisini reddetti.<\/p>\n<p>&nbsp;<\/p><div id=\"bghab-3348706105\" class=\"bghab-icerik-icine bghab-entity-placement\"><script async src=\"\/\/pagead2.googlesyndication.com\/pagead\/js\/adsbygoogle.js?client=ca-pub-6203283170189293\" crossorigin=\"anonymous\"><\/script><ins class=\"adsbygoogle\" style=\"display:block; text-align:center;\" data-ad-client=\"ca-pub-6203283170189293\" \ndata-ad-slot=\"7303146466\" \ndata-ad-layout=\"in-article\"\ndata-ad-format=\"fluid\" data-full-width-responsive=\"true\"><\/ins>\n<script> \n(adsbygoogle = window.adsbygoogle || []).push({}); \n<\/script>\n<\/div>\n<p>K\u0131rcaali Haber<\/p>\n<div id=\"bghab-2404171780\" class=\"bghab-yazi-altinda bghab-entity-placement\"><div class=\"bghab-adlabel\">Reklamlar<\/div><script async src=\"https:\/\/pagead2.googlesyndication.com\/pagead\/js\/adsbygoogle.js\"><\/script>\r\n<!-- bghaber-yaz\u0131-sonu -->\r\n<ins class=\"adsbygoogle\"\r\n     style=\"display:block\"\r\n     data-ad-client=\"ca-pub-6203283170189293\"\r\n     data-ad-slot=\"4222328180\"\r\n     data-ad-format=\"auto\"\r\n     data-full-width-responsive=\"true\"><\/ins>\r\n<script>\r\n     (adsbygoogle = window.adsbygoogle || []).push({});\r\n<\/script><\/div><br style=\"clear: both; display: block; float: none;\"\/>","protected":false},"excerpt":{"rendered":"<p>Parlamento\u2019nun bug\u00fcn ikinci okumada oybirli\u011fiyle onaylad\u0131\u011f\u0131 \u0130\u015f Kanunu&#8217;nda de\u011fi\u015fiklik yap\u0131lmas\u0131na dair tasar\u0131, 1 Temmuz 2018 itibariyle 5 ya\u015f\u0131na kadar \u00e7ocuk evlat edinenlerin, 365 g\u00fcn izin<\/p>\n","protected":false},"author":29,"featured_media":28706,"comment_status":"closed","ping_status":"closed","sticky":false,"template":"","format":"standard","meta":{"advanced_seo_description":"","jetpack_seo_html_title":"","jetpack_seo_noindex":false,"_jetpack_memberships_contains_paid_content":false,"footnotes":""},"categories":[5],"tags":[],"class_list":["post-28705","post","type-post","status-publish","format-standard","has-post-thumbnail","hentry","category-yasam"],"jetpack_featured_media_url":"https:\/\/i0.wp.com\/www.bghaber.org\/bghaber\/wp-content\/uploads\/2018\/03\/cocuk-aile-anne-baba.jpg?fit=770%2C400&ssl=1","jetpack_sharing_enabled":true,"jetpack_likes_enabled":true,"jetpack-related-posts":[],"jetpack_shortlink":"https:\/\/wp.me\/pc2PfJ-7sZ","_links":{"self":[{"href":"https:\/\/www.bghaber.org\/bghaber\/wp-json\/wp\/v2\/posts\/28705","targetHints":{"allow":["GET"]}}],"collection":[{"href":"https:\/\/www.bghaber.org\/bghaber\/wp-json\/wp\/v2\/posts"}],"about":[{"href":"https:\/\/www.bghaber.org\/bghaber\/wp-json\/wp\/v2\/types\/post"}],"author":[{"embeddable":true,"href":"https:\/\/www.bghaber.org\/bghaber\/wp-json\/wp\/v2\/users\/29"}],"replies":[{"embeddable":true,"href":"https:\/\/www.bghaber.org\/bghaber\/wp-json\/wp\/v2\/comments?post=28705"}],"version-history":[{"count":0,"href":"https:\/\/www.bghaber.org\/bghaber\/wp-json\/wp\/v2\/posts\/28705\/revisions"}],"wp:featuredmedia":[{"embeddable":true,"href":"https:\/\/www.bghaber.org\/bghaber\/wp-json\/wp\/v2\/media\/28706"}],"wp:attachment":[{"href":"https:\/\/www.bghaber.org\/bghaber\/wp-json\/wp\/v2\/media?parent=28705"}],"wp:term":[{"taxonomy":"category","embeddable":true,"href":"https:\/\/www.bghaber.org\/bghaber\/wp-json\/wp\/v2\/categories?post=28705"},{"taxonomy":"post_tag","embeddable":true,"href":"https:\/\/www.bghaber.org\/bghaber\/wp-json\/wp\/v2\/tags?post=28705"}],"curies":[{"name":"wp","href":"https:\/\/api.w.org\/{rel}","templated":true}]}}