{"id":28703,"date":"2018-03-23T01:21:12","date_gmt":"2018-03-22T22:21:12","guid":{"rendered":"http:\/\/www.bghaber.org\/bghaber\/?p=28703"},"modified":"2018-03-23T22:46:38","modified_gmt":"2018-03-23T19:46:38","slug":"yunan-kendini-adamdan-sayiyor","status":"publish","type":"post","link":"https:\/\/www.bghaber.org\/bghaber\/yunan-kendini-adamdan-sayiyor\/","title":{"rendered":"Yunan Kendini Adamdan Say\u0131yor"},"content":{"rendered":"<p>Tarih: 22 Mart 2018<\/p>\n<p>Konu: <strong>Makedonya Cumhuriyeti\u2019nin ba\u015f\u0131 dertten kalkm\u0131yor.<\/strong><\/p>\n<p>Avrupa Birli\u011fi\u2019nin <strong>300 milyar<\/strong> <strong>Euro <\/strong>devlet borcunu ertelemesi i\u00e7in yerlere yatan, 2018 b\u00fct\u00e7esini ba\u011flayabilmek i\u00e7in Birle\u015fik Amerika\u2019dan <strong>2,1 milyar US Dolar<\/strong> bor\u00e7 alan Yunanistan, Balkanlarda kesti\u011fim kestik, bi\u00e7ti\u011fim bi\u00e7tik demeye ba\u015flad\u0131.<\/p>\n<p>Yunanistan h\u00fck\u00fcmeti \u00dcsk\u00fcp Cumhurba\u015fkanl\u0131\u011f\u0131na, Makedonya Cumhuriyetinin devlet ismini de\u011fi\u015ftirmesi ve yeni ismini se\u00e7mesi i\u00e7in 5 isimli bir mektup g\u00f6ndermi\u015f.<\/p>\n<p>Atina\u2019da \u00e7\u0131kan \u201c<strong>Kateremini<\/strong>\u201d gazetesinin bildirdi\u011fine g\u00f6re, mektuptaki isimler \u015funlard\u0131r:<\/p><div id=\"bghab-3003789877\" class=\"bghab-icerik-icine bghab-entity-placement\"><script async src=\"\/\/pagead2.googlesyndication.com\/pagead\/js\/adsbygoogle.js?client=ca-pub-6203283170189293\" crossorigin=\"anonymous\"><\/script><ins class=\"adsbygoogle\" style=\"display:block; text-align:center;\" data-ad-client=\"ca-pub-6203283170189293\" \ndata-ad-slot=\"7303146466\" \ndata-ad-layout=\"in-article\"\ndata-ad-format=\"fluid\" data-full-width-responsive=\"true\"><\/ins>\n<script> \n(adsbygoogle = window.adsbygoogle || []).push({}); \n<\/script>\n<\/div>\n<ol>\n<li><strong>Yeni Makedonya Cumhuriyeti;<\/strong><\/li>\n<li><strong>Kuzey Makedonya Cumhuriyeti;<\/strong><\/li>\n<li><strong>Yukar\u0131 Makedonya Cumhuriyeti;<\/strong><\/li>\n<li><strong>Vardar Makedonya\u2019s\u0131 Cumhuriyeti;<\/strong><\/li>\n<li><strong>Makedonya Cumhuriyeti (Skopye) \/\u00dcsk\u00fcp\/. <\/strong><\/li>\n<\/ol>\n<p>Bu mektupta, bu isimlerden birisinin kabul edilmesi durumunda iki \u00fclke aras\u0131ndaki ili\u015fkilerin geli\u015fim program\u0131 da yer almaktad\u0131r.<\/p>\n<p>Makedonya Ba\u015fbakan\u0131 ve Sosyal Demokrat Lider Zoran Zaev isim karar\u0131n\u0131n bu y\u0131l\u0131n yaz aylar\u0131na kadar kesinle\u015fmesini istedi.<\/p>\n<p>\u00d6nerilen isimlerle ilgili Yunanistan Makedonya Cumhuriyetinden Anayasas\u0131n\u0131 da de\u011fi\u015ftirmesini talep ediyor.<\/p>\n<p><strong>Bu istekler Makedonya halk\u0131n\u0131n ve devletinin i\u00e7 i\u015flerine kar\u0131\u015fmakt\u0131r.<\/strong><\/p>\n<p>Yunanistan \u015fimdiye kadar Makedonya\u2019n\u0131n i\u00e7 i\u015flerine Birle\u015fmi\u015f Milletlerde de m\u00fcdahalede bulundu, devletin Milli Bayra\u011f\u0131ndan y\u0131ld\u0131z\u0131 s\u00f6kt\u00fcrd\u00fc. \u00dcsk\u00fcp Hava Liman\u0131 ve \u00dcsk\u00fck ana yolu isminden \u201cAleksand\u0131r Makedonski\u201dyi (B\u00fcy\u00fck \u0130skender) s\u00f6kt\u00fcrd\u00fc.<\/p><div id=\"bghab-4150503037\" class=\"bghab-icerik-icine-10-paragraf bghab-entity-placement\"><script async src=\"\/\/pagead2.googlesyndication.com\/pagead\/js\/adsbygoogle.js?client=ca-pub-6203283170189293\" crossorigin=\"anonymous\"><\/script><ins class=\"adsbygoogle\" style=\"display:block; text-align:center;\" data-ad-client=\"ca-pub-6203283170189293\" \ndata-ad-slot=\"7303146466\" \ndata-ad-layout=\"in-article\"\ndata-ad-format=\"fluid\" data-full-width-responsive=\"true\"><\/ins>\n<script> \n(adsbygoogle = window.adsbygoogle || []).push({}); \n<\/script>\n<\/div>\n<p>Bulgaristan gibi kom\u015fu devletler Makedonya\u2019n\u0131n yeni devlet isminde co\u011frafik bir terim bulunmas\u0131na kar\u015f\u0131 \u00e7\u0131k\u0131yor. \u00d6rne\u011fin \u201c<strong>kuzey<\/strong>\u201d, \u201c<strong>yukar\u0131<\/strong>\u201d ve \u201c<strong>Vardar<\/strong>\u201d\u00a0 Makedonya\u2019s\u0131 gibi co\u011frafya b\u00f6lgesi belirleyen terimler Bulgaristan Cumhuriyeti\u2019nin \u201c<strong>Pirin Da\u011f\u0131<\/strong>\u201d b\u00f6lgesini ve \u201c<strong>Struma<\/strong>\u201d \u0131rma\u011f\u0131 boyunu da i\u00e7ine al\u0131yor. \u201cYeni\u201d Makedonya denince \u201ceskisinin\u201d neresi oldu\u011funa a\u00e7\u0131klama getirmek gerekiyor. \u201c<strong>Skopye<\/strong>\u201d ad\u0131 ise, Makedonya\u2019n\u0131n co\u011frafik s\u0131n\u0131rlar\u0131n\u0131\u00a0 \u00dcsk\u00fcp Ovas\u0131na s\u0131n\u0131rlam\u0131\u015f oluyor.<\/p>\n<p><strong>Yunanistan\u2019da bu konuda b\u00fcy\u00fck Selanik ve Atina mitingleri yap\u0131ld\u0131.<\/strong><\/p>\n<p>Makedon devletinin Kuzey Atlantik Pakt\u0131 NATO ve Avrupa Birli\u011fi (AB) \u00fcyesi olma iste\u011fini s\u00f6m\u00fcrerek \u00fclkenin b\u00fct\u00fcn tarihsel sembollerine bask\u0131 yap\u0131yor, de\u011fi\u015ftirilmesini istiyor. B\u00fcy\u00fck \u0130skender\u2019i Yunan tarihinden bir Milli Kahraman olarak benimseyerek, \u00dcsk\u00fcp Meydan\u0131\u2019ndaki Atl\u0131 An\u0131t\u0131n y\u0131k\u0131lmas\u0131nda \u0131srar ederken, tarih kitaplar\u0131ndan da \u00e7\u0131kar\u0131lmas\u0131n\u0131 \u00f6neriyor.<\/p>\n<p>Makedonya TV Kanal\u0131 \u201c<strong>Alsat \u2013 M<\/strong>\u201d Rusya devletinin NATO \u00fcyeli\u011fi konusunda Makedonya devletine ihtarda bulundu\u011funu bildirdi. Moskova\u2019da Rusya D\u0131\u015f \u0130\u015fleri Bakan Yard\u0131mc\u0131s\u0131\u00a0 Sergey Gru\u015fko ile Makedonya B\u00fcy\u00fckel\u00e7isi Gotse Karaivanov aras\u0131nda bir g\u00f6r\u00fc\u015fme olmu\u015ftur.<\/p>\n<p>Rusya D\u0131\u015f \u0130\u015fleri Bakanl\u0131\u011f\u0131\u2019n\u0131n bu g\u00f6r\u00fc\u015fmeyle ilgili bildirisinde, \u201c<strong>NATO \u00fcyeli\u011finin ikili ili\u015fkileri olumsuz etkileyece\u011fin<\/strong>e\u201d vurgu yap\u0131lm\u0131\u015ft\u0131r.<\/p><div id=\"bghab-2558268419\" class=\"bghab-icerik-icine-15-paragraf bghab-entity-placement\"><script async src=\"\/\/pagead2.googlesyndication.com\/pagead\/js\/adsbygoogle.js?client=ca-pub-6203283170189293\" crossorigin=\"anonymous\"><\/script><ins class=\"adsbygoogle\" style=\"display:block; text-align:center;\" data-ad-client=\"ca-pub-6203283170189293\" \ndata-ad-slot=\"7303146466\" \ndata-ad-layout=\"in-article\"\ndata-ad-format=\"fluid\" data-full-width-responsive=\"true\"><\/ins>\n<script> \n(adsbygoogle = window.adsbygoogle || []).push({}); \n<\/script>\n<\/div>\n<p>Kaynak: Bulgar ileti\u015fim ortam\u0131.<\/p>\n<div id=\"bghab-1914380289\" class=\"bghab-yazi-altinda bghab-entity-placement\"><div class=\"bghab-adlabel\">Reklamlar<\/div><script async src=\"https:\/\/pagead2.googlesyndication.com\/pagead\/js\/adsbygoogle.js\"><\/script>\r\n<!-- bghaber-yaz\u0131-sonu -->\r\n<ins class=\"adsbygoogle\"\r\n     style=\"display:block\"\r\n     data-ad-client=\"ca-pub-6203283170189293\"\r\n     data-ad-slot=\"4222328180\"\r\n     data-ad-format=\"auto\"\r\n     data-full-width-responsive=\"true\"><\/ins>\r\n<script>\r\n     (adsbygoogle = window.adsbygoogle || []).push({});\r\n<\/script><\/div><br style=\"clear: both; display: block; float: none;\"\/>","protected":false},"excerpt":{"rendered":"<p>Tarih: 22 Mart 2018 Konu: Makedonya Cumhuriyeti\u2019nin ba\u015f\u0131 dertten kalkm\u0131yor. Avrupa Birli\u011fi\u2019nin 300 milyar Euro devlet borcunu ertelemesi i\u00e7in yerlere yatan, 2018 b\u00fct\u00e7esini ba\u011flayabilmek i\u00e7in<\/p>\n","protected":false},"author":13,"featured_media":3200,"comment_status":"closed","ping_status":"closed","sticky":false,"template":"","format":"standard","meta":{"advanced_seo_description":"","jetpack_seo_html_title":"","jetpack_seo_noindex":false,"_jetpack_memberships_contains_paid_content":false,"footnotes":""},"categories":[6],"tags":[],"class_list":["post-28703","post","type-post","status-publish","format-standard","has-post-thumbnail","hentry","category-yorum"],"jetpack_featured_media_url":"https:\/\/i0.wp.com\/www.bghaber.org\/bghaber\/wp-content\/uploads\/2013\/07\/makas-yolu.jpg?fit=500%2C280&ssl=1","jetpack_sharing_enabled":true,"jetpack_likes_enabled":true,"jetpack-related-posts":[],"jetpack_shortlink":"https:\/\/wp.me\/pc2PfJ-7sX","_links":{"self":[{"href":"https:\/\/www.bghaber.org\/bghaber\/wp-json\/wp\/v2\/posts\/28703","targetHints":{"allow":["GET"]}}],"collection":[{"href":"https:\/\/www.bghaber.org\/bghaber\/wp-json\/wp\/v2\/posts"}],"about":[{"href":"https:\/\/www.bghaber.org\/bghaber\/wp-json\/wp\/v2\/types\/post"}],"author":[{"embeddable":true,"href":"https:\/\/www.bghaber.org\/bghaber\/wp-json\/wp\/v2\/users\/13"}],"replies":[{"embeddable":true,"href":"https:\/\/www.bghaber.org\/bghaber\/wp-json\/wp\/v2\/comments?post=28703"}],"version-history":[{"count":0,"href":"https:\/\/www.bghaber.org\/bghaber\/wp-json\/wp\/v2\/posts\/28703\/revisions"}],"wp:featuredmedia":[{"embeddable":true,"href":"https:\/\/www.bghaber.org\/bghaber\/wp-json\/wp\/v2\/media\/3200"}],"wp:attachment":[{"href":"https:\/\/www.bghaber.org\/bghaber\/wp-json\/wp\/v2\/media?parent=28703"}],"wp:term":[{"taxonomy":"category","embeddable":true,"href":"https:\/\/www.bghaber.org\/bghaber\/wp-json\/wp\/v2\/categories?post=28703"},{"taxonomy":"post_tag","embeddable":true,"href":"https:\/\/www.bghaber.org\/bghaber\/wp-json\/wp\/v2\/tags?post=28703"}],"curies":[{"name":"wp","href":"https:\/\/api.w.org\/{rel}","templated":true}]}}