{"id":28695,"date":"2018-03-22T22:51:55","date_gmt":"2018-03-22T19:51:55","guid":{"rendered":"http:\/\/www.bghaber.org\/bghaber\/?p=28695"},"modified":"2018-03-22T23:04:45","modified_gmt":"2018-03-22T20:04:45","slug":"doneklikle-yuzlesme-2","status":"publish","type":"post","link":"https:\/\/www.bghaber.org\/bghaber\/doneklikle-yuzlesme-2\/","title":{"rendered":"D\u00f6neklikle Y\u00fczle\u015fme \u2013 2"},"content":{"rendered":"<p>Yazan: Muh. Mehmet \u00c7AKIR<\/p>\n<p>Tarih: 22\u00a0 Mart 2018<\/p>\n<p>Konu: <strong>Oyunlar\u0131n\u0131z\u0131n devam\u0131n\u0131 g\u00f6r\u00fcyoruz bug\u00fcn de bizler<\/strong><\/p>\n<p><strong>\u00a0\u00a0\u00a0\u00a0\u00a0\u00a0\u00a0\u00a0\u00a0\u00a0\u00a0 Kaleyi i\u00e7erden alma \u00e7abalar\u0131n\u0131z da ta\u015fa vuracak!<\/strong><\/p>\n<p>Bu sabah <strong>E-postam\u0131<\/strong> a\u00e7t\u0131\u011f\u0131mda \u015fairimiz Naim Bakov\u2019un bir \u015fiirinde,<\/p><div id=\"bghab-2803440762\" class=\"bghab-icerik-icine bghab-entity-placement\"><script async src=\"\/\/pagead2.googlesyndication.com\/pagead\/js\/adsbygoogle.js?client=ca-pub-6203283170189293\" crossorigin=\"anonymous\"><\/script><ins class=\"adsbygoogle\" style=\"display:block; text-align:center;\" data-ad-client=\"ca-pub-6203283170189293\" \ndata-ad-slot=\"7303146466\" \ndata-ad-layout=\"in-article\"\ndata-ad-format=\"fluid\" data-full-width-responsive=\"true\"><\/ins>\n<script> \n(adsbygoogle = window.adsbygoogle || []).push({}); \n<\/script>\n<\/div>\n<p><strong>\u201cBu Vatan\u0131n i\u00e7inde t\u00fcm etnik gruplar karde\u015ftir, bunu bilin!<\/strong><\/p>\n<p><strong>Aralar\u0131na nifak sokmayla siz var\u0131rs\u0131n\u0131z ki nereye?\u201d<\/strong>gibi<\/p>\n<p><strong>iyi<\/strong> bir tespit ve yerinde bir soru vard\u0131.<\/p>\n<p><em><strong>Bizi yenip, yere serip, \u00fczerimizde tepinebilmeleri i\u00e7in, \u00f6nce bizimle sava\u015f\u0131, ard\u0131ndan da bizi par\u00e7alanmay\u0131 se\u00e7tiler.<\/strong><\/em><\/p>\n<p>Bir b\u00fct\u00fcn\u00fcn par\u00e7alanmadan \u00f6z\u00fcne kar\u015f\u0131 d\u00f6nmeyece\u011fini biliyorlard\u0131. Kafalar\u0131nda olan, buza\u011f\u0131n\u0131n anas\u0131na tekme atmas\u0131 gibi bir \u015feydi. Hedeflerine giden yol bizden k\u00fc\u00e7\u00fck k\u00fc\u00e7\u00fck k\u0131ym\u0131klar koparmakt\u0131 b\u00f6yle ba\u015flad\u0131. Bunlar odun k\u0131ym\u0131\u011f\u0131 olsalar, onlarla \u00f6nce d\u00f6nekler \u0131s\u0131t\u0131lacak, daha sonra da b\u00fcy\u00fck ihanet ate\u015fleri yakacaklard\u0131.<\/p><div id=\"bghab-2139149208\" class=\"bghab-icerik-icine-10-paragraf bghab-entity-placement\"><script async src=\"\/\/pagead2.googlesyndication.com\/pagead\/js\/adsbygoogle.js?client=ca-pub-6203283170189293\" crossorigin=\"anonymous\"><\/script><ins class=\"adsbygoogle\" style=\"display:block; text-align:center;\" data-ad-client=\"ca-pub-6203283170189293\" \ndata-ad-slot=\"7303146466\" \ndata-ad-layout=\"in-article\"\ndata-ad-format=\"fluid\" data-full-width-responsive=\"true\"><\/ins>\n<script> \n(adsbygoogle = window.adsbygoogle || []).push({}); \n<\/script>\n<\/div>\n<p>Devlet onlar\u0131nd\u0131. Y\u00fcr\u00fctme kendi kafas\u0131yla \u00e7al\u0131\u015fm\u0131yordu.\u00a0 \u0130\u015fleri bug\u00fcn DANS\u2019a (<strong>Ulusal G\u00fcvenlik Devlet Ajans\u0131<\/strong>)\u00a0 sordu\u011fu gibi, o zaman da \u00f6nce \u00c7ar\u2019\u0131n gizli polis \u015fefi Nikolay Ge\u015fev\u2019e, soruyordu. Ge\u015fev Bulgaristan\u2019da casusluk ve aksi istihbarat a\u011f\u0131n\u0131 kuran ve \u00e7al\u0131\u015ft\u0131ran ki\u015fidir. Sosyalist totalitarizm y\u0131llar\u0131nda da gizli polis \u201c<strong>DC<\/strong>\u201d (Devlet G\u00fcvenli\u011fi) ya da koordinasyon sa\u011flay\u0131c\u0131 bir devlet g\u00fcvenlik ajans\u0131 olan \u201c<strong>Alt\u0131nc\u0131 \u015eubeye<\/strong>\u201d, Askeri istihbarat ve hatta bu yap\u0131lara ajanl\u0131k yapan k\u00f6y muhtarlar\u0131na soruyordu.<\/p>\n<p><em><strong>K\u0131sacas\u0131 her \u015feyi onlar belirliyordu.<\/strong><\/em><\/p>\n<p>\u00c7\u00fcnk\u00fc devlet onlar\u0131nd\u0131. Bu i\u015fleri yaparken ilk i\u015fleri \u201cy\u00fcreklerin&#8221; kulaklar\u0131n\u0131 sa\u011f\u0131rla\u015ft\u0131rd\u0131lar. Karanl\u0131klar\u0131n ayd\u0131nl\u0131\u011fa \u00e7\u0131kmas\u0131n\u0131 istemiyorlard\u0131. Bu adamlar hayatlar\u0131nda Dostaevski\u2019nin \u201c<strong>Kuduz<\/strong>\u201d ve \u201c<strong>Delilerinde<\/strong>n\u201d, zifiri karanl\u0131\u011f\u0131 daha da karartma \u00e7abalar\u0131n\u0131 anlatan eserlerinden ba\u015fka hi\u00e7bir sayfa okumam\u0131\u015f gibi hareket ettiler bir y\u00fczy\u0131l\u2026.<\/p>\n<p>Onlar heybetle\u015ftik\u00e7e zavall\u0131la\u015ft\u0131lar. Bu s\u00fcre\u00e7te, i\u015flerini <em><strong>\u201cd\u00f6neklere\u201d<\/strong><\/em> yapt\u0131rd\u0131lar. Biz bu yaz\u0131 dizimizde <em><strong>\u201cd\u00f6neklik\u201d<\/strong><\/em> do\u011furan ortamlar\u0131 ve <em><strong>\u201cd\u00f6nek\u201d<\/strong><\/em> karakterlerinin al\u00e7ak oldu\u011fu kadar, \u00e7aresizli\u011fini de anlataca\u011f\u0131z.<\/p>\n<p>***<\/p><div id=\"bghab-2419460534\" class=\"bghab-icerik-icine-15-paragraf bghab-entity-placement\"><script async src=\"\/\/pagead2.googlesyndication.com\/pagead\/js\/adsbygoogle.js?client=ca-pub-6203283170189293\" crossorigin=\"anonymous\"><\/script><ins class=\"adsbygoogle\" style=\"display:block; text-align:center;\" data-ad-client=\"ca-pub-6203283170189293\" \ndata-ad-slot=\"7303146466\" \ndata-ad-layout=\"in-article\"\ndata-ad-format=\"fluid\" data-full-width-responsive=\"true\"><\/ins>\n<script> \n(adsbygoogle = window.adsbygoogle || []).push({}); \n<\/script>\n<\/div>\n<p><strong>Normal insanlar\u0131 par\u00e7alay\u0131p birbirine d\u00fc\u015f\u00fcrmenin \u00e7ok de\u011fi\u015fik yollar\u0131 vard\u0131:<\/strong><\/p>\n<p>N\u00fcfus yap\u0131s\u0131nda ana unsur olan Bulgarlarla az\u0131nl\u0131klar\u0131n aras\u0131n\u0131 a\u00e7mak kolay olmad\u0131.<\/p>\n<p><em><strong>\u201cSizin bu devletten bir \u015feyler beklemeniz yanl\u0131\u015f olur!\u201d<\/strong><\/em> tezinin yerle\u015fmesi y\u0131llar oldu.<\/p>\n<p>\u00d6rne\u011fi \u00c7ift\u00e7i Partisi lideri Al. Stanboliyski, 1919\u2019da Versay\u2019da <em><strong>\u201cyenilgi\u201d<\/strong><\/em> anla\u015fmas\u0131n\u0131 imzalarken, \u00e7ukurun ne kadar derin oldu\u011funu g\u00f6rm\u00fc\u015f ve az\u0131nl\u0131klarla birlikte el ele vermeden bu bataktan \u00e7\u0131k\u0131lamayaca\u011f\u0131n\u0131 anlam\u0131\u015ft\u0131.<\/p>\n<p><strong>T\u00fcrk\u2019\u00fc \u00c7ingene\u2019ye, Pomak\u2019\u0131 T\u00fcrk\u2019e d\u00fc\u015f\u00fcrme siyaseti \u00c7arl\u0131k zaman\u0131nda yerle\u015fti.<\/strong><\/p><div id=\"bghab-3114338592\" class=\"bghab-icerik-icine-20-paragraf bghab-entity-placement\"><script async src=\"\/\/pagead2.googlesyndication.com\/pagead\/js\/adsbygoogle.js?client=ca-pub-6203283170189293\" crossorigin=\"anonymous\"><\/script><ins class=\"adsbygoogle\" style=\"display:block; text-align:center;\" data-ad-client=\"ca-pub-6203283170189293\" \ndata-ad-slot=\"7303146466\" \ndata-ad-layout=\"in-article\"\ndata-ad-format=\"fluid\" data-full-width-responsive=\"true\"><\/ins>\n<script> \n(adsbygoogle = window.adsbygoogle || []).push({}); \n<\/script>\n<\/div>\n<p>Daha sonra hepimizi birbirimize d\u00fc\u015f\u00fcrmeye bu nedenle \u00e7al\u0131\u015ft\u0131lar. \u0130lk b\u00f6l\u00fcnmeler ilk g\u00f6\u00e7lerle oldu. B\u00f6l\u00fcp par\u00e7alay\u0131p eritip asimile ederek yutma siyaseti daha 1913\u2019te Pomaklar\u0131n isimlerini ve dinlerini de\u011fi\u015ftirme sald\u0131r\u0131lar\u0131yla ba\u015flad\u0131. 250 bin ki\u015fiye yap\u0131lan zul\u00fcm toplumu \u00fcrk\u00fctt\u00fc ve korkuttu.<\/p>\n<p><strong><em>Rodoplar\u2019\u0131n yerlileri ilk defa kitle halinde yurtlar\u0131ndan ka\u00e7maya zorland\u0131lar. \u0130lk b\u00fcy\u00fck yara b\u00f6yle a\u00e7\u0131ld\u0131. 1934\u2019ten 1942\u2019ye kadar bu yara Rodoplar\u2019da kap ba\u011flayamad\u0131, hep kanad\u0131.<\/em><\/strong><\/p>\n<p><strong>Bulgaristan\u2019da M\u00fcsl\u00fcman az\u0131nl\u0131klar\u0131n b\u00f6l\u00fcnmesi \u00e7ok y\u00f6nl\u00fc geli\u015fti.<\/strong><\/p>\n<p>Ana kitle zorbal\u0131k kar\u015f\u0131s\u0131nda T\u00fcrkiye\u2019ye g\u00f6\u00e7 ederken, i\u015f bulan k\u00f6yden s\u00f6k\u00fcl\u00fcp \u015fehre ta\u015f\u0131nd\u0131. Gen\u00e7ler de okullara da\u011f\u0131ld\u0131lar. Gidenler geri d\u00f6nmediler. \u00d6zden so\u011futulmaya \u00e7al\u0131\u015f\u0131ld\u0131. Bir yandan \u015fehirlerde ya\u015fayan T\u00fcrkler g\u00f6\u00e7e zorlan\u0131rken, k\u00f6yden kente inenlerin yeni bir kentli T\u00fcrk ya\u015fam k\u00fclt\u00fcr\u00fc yaratabilmesine \u00e7ok y\u00f6nl\u00fc engel olundu.<\/p>\n<p><strong>Bulgaristan T\u00fcrklerine ilk yaralar b\u00f6yle a\u00e7\u0131ld\u0131.<\/strong><\/p><div id=\"bghab-758821201\" class=\"bghab-icerik-icine-25-paragraf bghab-entity-placement\"><script async src=\"\/\/pagead2.googlesyndication.com\/pagead\/js\/adsbygoogle.js?client=ca-pub-6203283170189293\" crossorigin=\"anonymous\"><\/script><ins class=\"adsbygoogle\" style=\"display:block; text-align:center;\" data-ad-client=\"ca-pub-6203283170189293\" \ndata-ad-slot=\"7303146466\" \ndata-ad-layout=\"in-article\"\ndata-ad-format=\"fluid\" data-full-width-responsive=\"true\"><\/ins>\n<script> \n(adsbygoogle = window.adsbygoogle || []).push({}); \n<\/script>\n<\/div>\n<p>Dedelerimizden dinlerdik. K\u00f6y\u00fcne d\u00f6nemeyen, s\u0131lay\u0131 \u00f6zler, yak\u0131nlar\u0131n\u0131 \u00f6zler, oca\u011f\u0131ndan kopanlara bir burukluk olu\u015fur. Bir t\u00fcrl\u00fc d\u00fczelemez, hep s\u0131zlar. Bu Deliorman yaras\u0131d\u0131r, Rodop yaras\u0131d\u0131r, Dobruca yaras\u0131d\u0131r. S\u0131la \u00f6zlemi \u015feklinde derinle\u015fmi\u015ftir. Bo\u015f kal\u0131nca e\u015fek dikenli\u011fi olan ve git gide unutulan tarlalar.<\/p>\n<p><em><strong>Tozlu yollarda silinen izler. Kiremitleri d\u00f6k\u00fclm\u00fc\u015f, oluklar\u0131 yosunlu \u00e7at\u0131lar.<\/strong> <\/em><\/p>\n<p>Mente\u015fesi k\u00fcflenip kopmu\u015f kap\u0131 kanatlar\u0131. \u00c7ap ta\u015flar\u0131 kaym\u0131\u015f yada \u00e7atlam\u0131\u015f duvarlar ve kalplerde her zaman canl\u0131 olan o s\u00f6nmeyen an\u0131lar\u0131n dinmeyen s\u0131z\u0131lar\u0131. S\u0131la ac\u0131s\u0131 gurbette y\u00fcrek par\u00e7alayan g\u00fc\u00e7lerden biridir. O, b\u00fct\u00fcne, dahil oldu\u011fu topluma, yak\u0131nlar\u0131na d\u00f6nememe ve ebediyen ayr\u0131 kal\u0131nca eriyip kaybolman\u0131n s\u0131z\u0131s\u0131d\u0131r.<\/p>\n<p>Ayn\u0131 zamanda bu bir korkudur. Korkuyu ya\u015fatan ise devlettir. \u00d6rneklemek gerekirse, 24 Mart 1964\u2019te Bat\u0131 Rodoplar\u2019da S\u0131rnitsa, Avramovo k\u00f6y\u00fcne yap\u0131lan asker, milis, kolluk kuvvetleri, k\u00f6y kar\u015f\u0131s\u0131na dikilen toplar\u0131, hareket halindeki Pomaklar\u0131, <strong><em>\u201cB\u0130Z KEND\u0130M\u0130Z\u0130 VERMEYECE\u011e\u0130Z!\u201d<\/em><\/strong> \u00e7\u0131\u011fl\u0131klar\u0131n\u0131 hat\u0131rlay\u0131n. D\u00fc\u015fen iki \u015fehitti. Yaral\u0131 baz\u0131lar\u0131. T\u00fcrk isimlerimiz, dinimiz ve T\u00fcrk kimli\u011fimiz i\u00e7in verilen kazma k\u00fcrekli, sat\u0131rl\u0131 kosal\u0131 direni\u015fi ve gelenlerin korkup s\u00fcr\u00fc s\u00fcr\u00fc ka\u00e7\u0131\u015f\u0131n\u0131.<\/p>\n<p><em><strong>Ama olay bununla bitti mi? Korkutma oca\u011f\u0131na devlet odun atmaya devam etmedi mi?<\/strong> <\/em><\/p><div id=\"bghab-3218392555\" class=\"bghab-icerik-icine-30-paragraf bghab-entity-placement\"><script async src=\"\/\/pagead2.googlesyndication.com\/pagead\/js\/adsbygoogle.js?client=ca-pub-6203283170189293\" crossorigin=\"anonymous\"><\/script><ins class=\"adsbygoogle\" style=\"display:block; text-align:center;\" data-ad-client=\"ca-pub-6203283170189293\" \ndata-ad-slot=\"7303146466\" \ndata-ad-layout=\"in-article\"\ndata-ad-format=\"fluid\" data-full-width-responsive=\"true\"><\/ins>\n<script> \n(adsbygoogle = window.adsbygoogle || []).push({}); \n<\/script>\n<\/div>\n<p>K\u00f6y merkezlerinde mertli\u011fi, inanm\u0131\u015fl\u0131\u011f\u0131, namuslulu\u011fu, ahlakl\u0131l\u0131\u011f\u0131 ve yard\u0131mseverli\u011fiyle bilinen karde\u015flerimizi birer iki\u015fer toplay\u0131p i\u00e7eri \u00e7ekmediler mi? Yarg\u0131s\u0131z i\u00e7eri d\u00fc\u015fenlerden geri d\u00f6nmeyenleri, d\u00f6rd\u00fcnc\u00fc kattaki sorgu odalar\u0131ndan kendilerini yere atanlar\u0131 bir d\u00fc\u015f\u00fcn\u00fcn. Bu korkutmaya \u00e7al\u0131\u015fanlar ile \u201c<strong>biz sizden asla korkmuyoruz<\/strong>\u201d \u00e7\u0131\u011fl\u0131\u011f\u0131n\u0131 ya\u015fatanlar aras\u0131nda bir amans\u0131z m\u00fccadele de\u011fil miydi? Karasu (Mesta) \u0131rma\u011f\u0131 boyu k\u00f6ylerinin dinmeyen s\u0131z\u0131s\u0131, vicdan \u015fahlanmas\u0131, beter bir kimlik dayatmas\u0131na isyand\u0131r. T\u00fcrkl\u00fc\u011f\u00fcn\u00fc ya\u015fatabilmek i\u00e7in i\u015fsizli\u011fe katlanan, a\u00e7l\u0131\u011fa dayanan, direnirken \u00e7\u0131ld\u0131ran, hapishane karanl\u0131klar\u0131nda t\u0131rnaklar\u0131yla H\u00dcRR\u0130YET yazmay\u0131 ba\u015faran ve demir parmakl\u0131klar\u0131 iradesiyle b\u00fck\u00fcp, \u00f6zg\u00fcrl\u00fc\u011fe yol a\u00e7arak ayd\u0131nl\u0131\u011fa \u00e7\u0131kanlar\u0131n m\u00fccadele yoludur bu. Ya\u015fananlar bizim \u00f6z tarihimizdir. Hi\u00e7bir kimsenin ba\u015fka birisinin cildi i\u00e7inde ya\u015fayamayaca\u011f\u0131 gibi, bizim \u00f6zg\u00fcrl\u00fc\u011f\u00fcm\u00fcz de ancak bizimle ya\u015far ve ya\u015fayacakt\u0131r.<\/p>\n<p><strong>Bizi par\u00e7alamak y\u00f6ntemleri farkl\u0131yd\u0131.<\/strong><\/p>\n<p>Bulgaristanl\u0131 T\u00fcrk\u2019ten d\u00f6nek \u00fcretebilmek i\u00e7in, hepsi M\u00fcsl\u00fcman olsalar da, onlara hep \u201c<strong>karde\u015f olmad\u0131klar\u0131<\/strong>\u201d s\u00f6ylendi. Pomak karde\u015flerimize 22 isim uydurdular. Bunlar\u0131n hepsi T\u00fcrkl\u00fc\u011f\u00fc unutturmak ve Pomak karde\u015flerimizde farkl\u0131 bir kimlik yaratmak i\u00e7in yap\u0131ld\u0131. D\u00f6nekler s\u00fcr\u00fcs\u00fc yarat\u0131p bizi \u00f6z kimli\u011fimize ihanete zorlama pe\u015findeydiler.<\/p>\n<p>\u201c<strong>T\u00fcrk \u00f6z\u00fcne soyuna ihanet etmez<\/strong>!\u201d<\/p>\n<p>Bu ger\u00e7ek, Bulgar diline ve inanc\u0131na da yerle\u015fmi\u015fti. T\u00fcrklerin aras\u0131ndan g\u00f6ze kestirdikleri birini \u00e7ekip almak kolay i\u015f de\u011fildi. Bulgaristan\u2019da M\u00fcsl\u00fcmanlar\u0131 par\u00e7alama ve onlar\u0131n aras\u0131ndan d\u00f6nek \u00fcretme makinesi yaratma projesi, 138 y\u0131l \u00f6nce ak\u0131llar\u0131nda \u015fak\u0131d\u0131.<\/p><div id=\"bghab-3394089173\" class=\"bghab-icerik-icine-35-paragraf bghab-entity-placement\"><script async src=\"\/\/pagead2.googlesyndication.com\/pagead\/js\/adsbygoogle.js?client=ca-pub-6203283170189293\" crossorigin=\"anonymous\"><\/script><ins class=\"adsbygoogle\" style=\"display:block; text-align:center;\" data-ad-client=\"ca-pub-6203283170189293\" \ndata-ad-slot=\"7303146466\" \ndata-ad-layout=\"in-article\"\ndata-ad-format=\"fluid\" data-full-width-responsive=\"true\"><\/ins>\n<script> \n(adsbygoogle = window.adsbygoogle || []).push({}); \n<\/script>\n<\/div>\n<p>1879\u2019da Veliko T\u0131rbnova\u2019da kendi kendilerine gelin g\u00fcvey olup kabul ettikleri Birinci Anayasa\u2019y\u0131 g\u00f6n\u00fcll\u00fc gidip imzalayan bir tek M\u00fcsl\u00fcman \u2013 hoca, m\u00fcft\u00fc, hoca, yarg\u0131\u00e7 olmamas\u0131 hem Bulgar&#8217;\u0131 hem de i\u015fgalci Ruslar\u0131 \u00e7ok d\u00fc\u015f\u00fcnd\u00fcrm\u00fc\u015ft\u00fc. 4 Anayasa olan 1991 Anayasas\u0131 da T\u00fcrk milletvekilleri taraf\u0131ndan imzalanmad\u0131.<\/p>\n<p>1879\u2019dan tam 128 y\u0131l sonra, H\u00d6H Genel Ba\u015fkan\u0131 Ahmet Do\u011fan\u2019\u0131n, oylar\u0131n\u0131 ald\u0131\u011f\u0131 Bulgaristan M\u00fcsl\u00fcmanlar\u0131na dan\u0131\u015fmadan, \u201c<strong>Bulgaristan\u2019da \u00c7\u00f6z\u00fclmedik Etnik Sorun Yoktur<\/strong> <strong>Bildiris<\/strong>i\u201d imzalayarak, Br\u00fcksel\u2019e g\u00f6nderip, Avrupa Birli\u011fi kap\u0131s\u0131n\u0131 a\u00e7mas\u0131, kimli\u011fimize, hak ve \u00f6zg\u00fcrl\u00fck davam\u0131za son derece b\u00fcy\u00fck bir ihanettir.\u00a0 Bulgaristan T\u00fcrkleri ve az\u0131nl\u0131klar\u0131m\u0131z i\u00e7inde ilk <em><strong>\u201cd\u00f6ne\u011fin\u201d<\/strong><\/em> kim oldu\u011funu \u00f6\u011frenemedim.<\/p>\n<p>1985 y\u0131l\u0131n\u0131n Mart ay\u0131nda 1 milyon 253 bin T\u00fcrk\u00fcn isimlerinin de\u011fi\u015ftirilmesinden sonra, Bulgaristan \u0130\u00e7 \u0130\u015fleri Bakanl\u0131\u011f\u0131 \u00f6z\u00fcne ihanet edip ajanl\u0131\u011f\u0131 se\u00e7enlerin toplam say\u0131s\u0131n\u0131n 3 0 16 oldu\u011funu a\u00e7\u0131klam\u0131\u015ft\u0131. Fakat biz bu karde\u015flerimizin hepsinin d\u00f6nekli\u011fi g\u00f6n\u00fcll\u00fc kabul ettiklerine inanm\u0131yoruz. Bunlar\u0131n \u00e7o\u011fu bu i\u015fe zorlanm\u0131\u015f, hatta mecbur b\u0131rak\u0131lm\u0131\u015flard\u0131r. \u00d6yle olsa da, hainlik i\u00e7in ald\u0131klar\u0131 para makbuzlar\u0131n\u0131n alt\u0131na imza atanlar\u0131n itler \u00f6n\u00fcne kemik gibi f\u0131rlat\u0131lmas\u0131, \u201c<strong>korkunun ecele faydas\u0131 yok<\/strong>\u201d d\u00fc\u015f\u00fcncesine yenik d\u00fc\u015fenlerin uykusunu bozmu\u015f \u0130zmir, Bursa\u2019da ve daha ba\u015fka yerlerde kuytu bulanlar\u0131n gece k\u00e2buslar\u0131 devam edenler var.<\/p>\n<p><strong>\u0130lk y\u0131llarda M\u00fcsl\u00fcmanlara verecek hi\u00e7 bir \u015feyleri yoktu. <\/strong><\/p>\n<p>\u0130l d\u00f6nemde, devlet ondan maa\u015f alanlar, ge\u00e7imi Bulgar\u2019a ba\u011fl\u0131 olanlar aras\u0131nda avlanma kurgular\u0131 yapsa da, maa\u015f alan T\u00fcrk yoktu. M\u00fcsl\u00fcman kad\u0131nlar aras\u0131nda bu i\u015fi d\u00fc\u015f\u00fcnmek ba\u015ftan yanl\u0131\u015ft\u0131. Tutunacak bir dal bulmak i\u00e7in \u00e7ok u\u011fra\u015ft\u0131lar.<\/p><div id=\"bghab-2266946169\" class=\"bghab-icerik-icine-40-paragraf bghab-entity-placement\"><script async src=\"\/\/pagead2.googlesyndication.com\/pagead\/js\/adsbygoogle.js?client=ca-pub-6203283170189293\" crossorigin=\"anonymous\"><\/script><ins class=\"adsbygoogle\" style=\"display:block; text-align:center;\" data-ad-client=\"ca-pub-6203283170189293\" \ndata-ad-slot=\"7303146466\" \ndata-ad-layout=\"in-article\"\ndata-ad-format=\"fluid\" data-full-width-responsive=\"true\"><\/ins>\n<script> \n(adsbygoogle = window.adsbygoogle || []).push({}); \n<\/script>\n<\/div>\n<p><strong>\u0130ki B\u00fcy\u00fck Sava\u015f aras\u0131nda T\u00fcrkler kendi derneklerinde, sanat topluluklar\u0131nda birle\u015fmi\u015fti.<\/strong><\/p>\n<p>T\u00fcrk ayd\u0131n kamuoyu ve k\u00fclt\u00fcr merkezi \u00f6nce Rus\u00e7uk&#8217;tayd\u0131, zamanla \u015eumnu\u2019ya de\u011fi\u015fti. Merkezci h\u00fckumet kuruldu\u011funda Sofya\u2019ya ta\u015f\u0131nd\u0131. Birinci Milli T\u00fcrk Kongresi Sofya\u2019da 1929\u2019da toplad\u0131lar. \u00d6nemli kararlar ald\u0131lar. Bu kararlar bug\u00fcn de ge\u00e7erlidir. 1990\u2019da A. Do\u011fan\u2019\u0131n \u201cT\u00fcrklere \u201c<strong>Siz T\u00fcrks\u00fcn\u00fcz<\/strong>\u201d demesi, 2018\u2019de Ba\u015fbakan B. Borisov\u2019un \u201c<strong>K\u0131rcaali b\u00f6lgesinde T\u00fcrk ya\u015f\u0131yor<\/strong>!\u201d demesi, T\u00fcrkl\u00fc\u011f\u00fcm\u00fcz\u00fc ya\u015fatabilmemiz i\u00e7in art\u0131k yetersizdir. Bu s\u00f6zlerin bo\u015f oldu\u011funu ve bu k\u00fclde art\u0131k alevlenecek ate\u015f k\u0131v\u0131lc\u0131m\u0131 olmad\u0131\u011f\u0131n\u0131 g\u00f6rmeyen kalmad\u0131. K\u00fcl savurup g\u00f6zlerimizi k\u00f6r etmelerine ise bundan b\u00f6yle yol vermeyece\u011fiz.\u00a0 \u201c<strong>Beleneci<\/strong>\u201d \u015fan\u0131yla gelecek bina etmek de m\u00fcmk\u00fcn de\u011fil, k\u00f6klerimiz daha derindir. \u0130lk y\u0131llarda M\u00fcsl\u00fcman T\u00fcrklere verecek hi\u00e7bir \u015feyleri olmayanlar\u0131n bug\u00fcn de elleri bo\u015ftur, muhta\u00e7 olan kendileridir.<\/p>\n<p><strong>\u201c\u0130slamla\u015ft\u0131r\u0131lm\u0131\u015f Bulgarlar\u201d, \u201cBulgar M\u00fcsl\u00fcmanlar\u201d gibi balonlar patlat\u0131ld\u0131.<\/strong><\/p>\n<p>\u201c<strong>Camiye gitmezsen i\u015f veririz<\/strong>\u201d \u00c7ok itici bir ger\u00e7ekti. M\u00fcsl\u00fcman mezarl\u0131\u011f\u0131na g\u00f6m\u00fclmeyi kabul etmezsen mezar ta\u015f\u0131n olur kadar iticidir. Ekmek paras\u0131ndan olmamak i\u00e7in Camiye, bayrama gitmemek \u0130slam\u2019dan vazge\u00e7mek anlam\u0131na gelir.<\/p>\n<p><em><strong>Dinimiz bizim Kimli\u011fimizi olu\u015fturan ana \u00f6zd\u00fcr.<\/strong> <\/em>Bizi dinsiz b\u0131rakmalar\u0131n\u0131n amac\u0131, meydana gelen bo\u015flu\u011fu, ateizm veya Hristiyanl\u0131kla doldurmak amac\u0131yla yap\u0131lm\u0131\u015ft\u0131. Onlar, dini de\u011fi\u015ftirilen bir T\u00fcrk\u00fcn kimlik de\u011fi\u015ftirmek zorunda oldu\u011funu iyi biliyorlard\u0131. M\u00fcsl\u00fcmanl\u0131k ve Hristiyanl\u0131k aras\u0131na yerle\u015ftirilen ateizm, asl\u0131nda bu g\u00fcn\u00fcm\u00fcz\u00fcn ki\u015filiksizlerini yaratm\u0131\u015ft\u0131r. Tart\u0131\u015fmas\u0131 devam eden, iktidar\u0131n meclisten geri \u00e7ekti\u011fi \u201c<strong>jender<\/strong>\u201d kimli\u011fi sa\u00e7mal\u0131\u011f\u0131 da \u00f6z\u00fcm\u00fcze ve namusumuza bir sald\u0131r\u0131d\u0131r ki, derelerin bulan\u0131k akt\u0131\u011f\u0131n\u0131 ve beyinlerin aptalla\u015ft\u0131\u011f\u0131na kan\u0131tt\u0131r. Bulan\u0131k akan Bulgar sular\u0131n\u0131n durulmas\u0131 i\u00e7in daha pek \u00e7ok balonun patlayacakt\u0131r.<\/p><div id=\"bghab-644700853\" class=\"bghab-icerik-icine-45-paragraf bghab-entity-placement\"><script async src=\"\/\/pagead2.googlesyndication.com\/pagead\/js\/adsbygoogle.js?client=ca-pub-6203283170189293\" crossorigin=\"anonymous\"><\/script><ins class=\"adsbygoogle\" style=\"display:block; text-align:center;\" data-ad-client=\"ca-pub-6203283170189293\" \ndata-ad-slot=\"7303146466\" \ndata-ad-layout=\"in-article\"\ndata-ad-format=\"fluid\" data-full-width-responsive=\"true\"><\/ins>\n<script> \n(adsbygoogle = window.adsbygoogle || []).push({}); \n<\/script>\n<\/div>\n<p><strong>Korku derinliklerinde saklanan ger\u00e7ekler.<\/strong><\/p>\n<p>Bir defa Bulgaristan\u2019da 1952\u2019de ba\u015flayan gerek\u00e7esiz tutuklamalar ve al\u0131p g\u00f6t\u00fcrmeler,<\/p>\n<p>\u0130zi kaybolanlardan, haber al\u0131namayanlar, s\u0131r olanlar, s\u0131r\u0131 a\u00e7\u0131\u011fa \u00e7\u0131kar\u0131lamayanlar, k\u0131sacas\u0131 s\u0131rra kadem basanlar olay\u0131 toplumda s\u0131k\u0131nt\u0131 yaratm\u0131\u015f ve bir\u00e7ok ba\u015fka nedenle birlikte <strong><em>\u201cgizemli ya\u015fam\u201d<\/em><\/strong> konusu Bulgaristan T\u00fcrklerini 1968 g\u00f6\u00e7\u00fcne s\u00fcr\u00fcklemi\u015ftir. 8 y\u0131l sonra bu g\u00f6\u00e7\u00fcn s\u00fcrmesinden sonra, T\u00fcrkler aras\u0131nda korku oca\u011f\u0131n\u0131 devaml\u0131 t\u00fctmek isteyen devler, iki\u015fer, be\u015fer, onar, on be\u015fer, duruma g\u00f6re T\u00fcrk gerek\u00e7eli gerek\u00e7esiz toplam\u0131\u015f ve <em><strong>\u201cbir yerlere\u201d<\/strong> <\/em>s\u00fcrm\u00fc\u015f, kapam\u0131\u015f, \u00e7al\u0131\u015ft\u0131rm\u0131\u015f ve bir yerlerde,\u00a0 bir tak\u0131m i\u015flerde kullanm\u0131\u015f olsa da toplumun s\u0131k\u0131nt\u0131s\u0131 artarken, hep da\u011flar\u0131 bekleyen korku olmu\u015ftur. Bu ki\u015filerin isimleri biliniyor, bilinmesine de, isimleri bilinmeyenler de var. \u00d6rne\u011fin, <em><strong>\u201cBelene\u201d<\/strong><\/em> \u00f6l\u00fcm kamp\u0131nda Bulgar \u201c<strong>Resmi Gazete<\/strong>\u201d de (D\u0131rjaven vestnik) kampta kalanlar\u0131n 517 ki\u015fi oldu\u011funu ve Bulgar isimlerini yay\u0131nlarken, ba\u015fka kaynaklar\u0131, adadakilerin aras\u0131nda isimleri kaydedilmemi\u015f 200 ki\u015fi daha oldu\u011funu konu\u015fuyor.<\/p>\n<p>\u015eimdi Soruyoruz: \u0130simleri kaydedilmeyen ama \u201c<strong>Belene<\/strong>\u201d \u00d6l\u00fcm Kamp\u0131ndan ge\u00e7en T\u00fcrkleri orada i\u015fi neydi? G\u00f6revli miydiler? Anla\u015f\u0131lan \u201c<strong>Belene<\/strong>\u201d tablosunun boyas\u0131 kaz\u0131nmadan soyda\u015f dernek, federasyon, kul\u00fcp ve kahvelerindeki \u00fcst\u00fc kapal\u0131 konu\u015fmalar da noktalanmayacakt\u0131r.<\/p>\n<p>Bir de \u015fu var, ger\u00e7ekleri durulamak i\u00e7in y\u00fckselen su pa\u00e7alar\u0131na eri\u015fenlerde son zamanda bir \u201c<strong>telefon haberle\u015fmesi, tehdit savurmalar<\/strong>\u201d var ki,\u00a0 bunun sebebi, <strong><em>\u201cbizim i\u015flerin sahtecikten oldu\u011fu ortaya \u00e7\u0131karsa, emekli maa\u015f\u0131ma ek olarak\u00a0 Bulgar\u2019da emeklili\u011fime ek olarak, oradaki\u00a0 ortalama \u00fccretin % 30 kadar ek prim elden gider mi acaba, korkusu olabilir m?\u201d<\/em><\/strong> \u201cAvanta paralar tatl\u0131d\u0131r ve herkes g\u00fcle g\u00fcle ve k\u0131t\u0131r k\u0131t\u0131r yesin de, \u201cg\u00f6rm\u00fc\u015f ge\u00e7irmi\u015flerin a\u011fz\u0131na kaynak ya\u011fan, bildiklerini unutturan ve s\u0131rra kadem basanlar hakk\u0131nda bile yeminliymi\u015f gibi susanlar\u0131 anlamaya \u00e7al\u0131\u015f\u0131yoruz.<\/p><div id=\"bghab-912106851\" class=\"bghab-icerik-icine-50-paragraf bghab-entity-placement\"><script async src=\"\/\/pagead2.googlesyndication.com\/pagead\/js\/adsbygoogle.js?client=ca-pub-6203283170189293\" crossorigin=\"anonymous\"><\/script><ins class=\"adsbygoogle\" style=\"display:block; text-align:center;\" data-ad-client=\"ca-pub-6203283170189293\" \ndata-ad-slot=\"7303146466\" \ndata-ad-layout=\"in-article\"\ndata-ad-format=\"fluid\" data-full-width-responsive=\"true\"><\/ins>\n<script> \n(adsbygoogle = window.adsbygoogle || []).push({}); \n<\/script>\n<\/div>\n<p>Bu konuya devam ederken, gelecek yaz\u0131mda, Memleketim \u015eumnu\u2019da kurulan 4o ki\u015filik gizli direni\u015f \u00f6rg\u00fct\u00fcn\u00fcn \u201c<strong>Belene&#8217;de<\/strong>\u201d\u00a0 yatan biri taraf\u0131nda, <strong>\u201cBelene\u201d <\/strong>den \u00e7\u0131kt\u0131ktan sonra ihbar edilmesinin 17 aileyi nas\u0131l s\u00f6nd\u00fcrd\u00fc\u011f\u00fcne \u00f6zel olarak de\u011finmek istiyorum. Kay\u0131plara kar\u0131\u015fanlardan ba\u015fka, \u00fczerinde durulmas\u0131 gereken bir grup daha var.<\/p>\n<p><strong>13 y\u0131l boyunca gizli ya\u015fayan aileler sorunu.<\/strong><\/p>\n<p>Bilindi\u011fi \u00fczere 1972 \u2018de patlayan Pomak meselesi, 1975\u2019de kapand\u0131, dendi. Ne var ki, kapanan bir sayfadan sonra yenisi a\u00e7\u0131ld\u0131\u011f\u0131 gibi, tam o zaman s\u00f6zde <strong><em>\u201ckar\u0131\u015f\u0131k aileler\u201d<\/em><\/strong> konusu akt\u00fcelle\u015fmi\u015f ve yeni kurbanlar bulup isimlerini de\u011fi\u015ftirme i\u015fleri yeniden alevlenmi\u015fti. Bu zulme maruz kalan <em><strong>\u201ckar\u0131\u015f\u0131k ailelerin\u201d<\/strong><\/em> say\u0131s\u0131, aile \u00fcyeleriyle birlikte toptan say\u0131lar\u0131 a\u00e7\u0131klanmad\u0131.<\/p>\n<p>Bunlardan kay\u0131plara kar\u0131\u015fanlar, ka\u00e7\u0131p da d\u00f6nmeyenler, i\u00e7eri d\u00fc\u015f\u00fcp kurtulamayanlar, d\u0131\u015f \u00fclkeye ka\u00e7\u0131p haber vermeyenler oldu\u011fu biliniyor. Bu da, devam edecek olan \u00e7al\u0131\u015fmalar\u0131m\u0131zda \u00e7ok \u00f6zel bir yer alacakt\u0131r. Bu karde\u015flerimiz <strong><em>\u201cd\u00f6nekli\u011fe\u201d<\/em><\/strong> kar\u015f\u0131, ajan a\u011f\u0131na d\u00fc\u015fmeyelim diye 10\u201315 y\u0131l boyunca gece g\u00fcnd\u00fcz m\u00fccadele vermi\u015f, kimlik kartlar\u0131n\u0131 de\u011fi\u015ftirememi\u015f, kay\u0131tl\u0131 sigortal\u0131 i\u015flerde \u00e7al\u0131\u015famam\u0131\u015f, \u00e7ocuklar\u0131n\u0131 okulla g\u00f6nderememi\u015f, hatta kira kontrat\u0131 bile yapmadan ya\u015famak zorunda kalm\u0131\u015flard\u0131r.<\/p>\n<p><strong>T\u00fcrklerin ve Pomak karde\u015flerimizin genellikle Yunan s\u0131n\u0131r\u0131 boyundaki birinci, ikinci ve \u00fc\u00e7\u00fcnc\u00fc s\u0131n\u0131r b\u00f6lgelerinin i\u00e7inde ya\u015fad\u0131\u011f\u0131 dikkate al\u0131nd\u0131\u011f\u0131nda, \u00e7ekilen \u00e7ileleri anlatmak y\u00fcrek ister.<\/strong><\/p><div id=\"bghab-3548241505\" class=\"bghab-icerik-icine-55-paragraf bghab-entity-placement\"><script async src=\"\/\/pagead2.googlesyndication.com\/pagead\/js\/adsbygoogle.js?client=ca-pub-6203283170189293\" crossorigin=\"anonymous\"><\/script><ins class=\"adsbygoogle\" style=\"display:block; text-align:center;\" data-ad-client=\"ca-pub-6203283170189293\" \ndata-ad-slot=\"7303146466\" \ndata-ad-layout=\"in-article\"\ndata-ad-format=\"fluid\" data-full-width-responsive=\"true\"><\/ins>\n<script> \n(adsbygoogle = window.adsbygoogle || []).push({}); \n<\/script>\n<\/div>\n<p><strong>\u201cD\u00f6neklik\u201d<\/strong> konumuza devam edece\u011fiz. Hedefimiz k\u00f6klerini birer birer analiz edip sebeplerini ortadan kald\u0131rmakt\u0131r. D\u00fc\u015fman bildi\u011fimiz g\u00fc\u00e7lerin yeni y\u00f6ntemlerini ortaya \u00e7\u0131karmaya ve g\u00fcn \u0131\u015f\u0131\u011f\u0131nda sergilemeye \u00e7al\u0131\u015faca\u011f\u0131z. Ba\u015far\u0131m\u0131z\u0131n g\u00fc\u00e7 kayna\u011f\u0131 birlik ve beraberli\u011fimiz, karde\u015fli\u011fimiz ve kader ortakl\u0131\u011f\u0131m\u0131zd\u0131r.<\/p>\n<p>Sa\u011fl\u0131cakla kal\u0131n\u0131z.<\/p>\n<p>L\u00fctfen payla\u015f\u0131n\u0131z.<\/p>\n<p>&nbsp;<\/p>\n<div id=\"bghab-781234954\" class=\"bghab-yazi-altinda bghab-entity-placement\"><div class=\"bghab-adlabel\">Reklamlar<\/div><script async src=\"https:\/\/pagead2.googlesyndication.com\/pagead\/js\/adsbygoogle.js\"><\/script>\r\n<!-- bghaber-yaz\u0131-sonu -->\r\n<ins class=\"adsbygoogle\"\r\n     style=\"display:block\"\r\n     data-ad-client=\"ca-pub-6203283170189293\"\r\n     data-ad-slot=\"4222328180\"\r\n     data-ad-format=\"auto\"\r\n     data-full-width-responsive=\"true\"><\/ins>\r\n<script>\r\n     (adsbygoogle = window.adsbygoogle || []).push({});\r\n<\/script><\/div><br style=\"clear: both; display: block; float: none;\"\/>","protected":false},"excerpt":{"rendered":"<p>Yazan: Muh. Mehmet \u00c7AKIR Tarih: 22\u00a0 Mart 2018 Konu: Oyunlar\u0131n\u0131z\u0131n devam\u0131n\u0131 g\u00f6r\u00fcyoruz bug\u00fcn de bizler \u00a0\u00a0\u00a0\u00a0\u00a0\u00a0\u00a0\u00a0\u00a0\u00a0\u00a0 Kaleyi i\u00e7erden alma \u00e7abalar\u0131n\u0131z da ta\u015fa vuracak! Bu sabah<\/p>\n","protected":false},"author":13,"featured_media":28568,"comment_status":"closed","ping_status":"closed","sticky":false,"template":"","format":"standard","meta":{"advanced_seo_description":"","jetpack_seo_html_title":"","jetpack_seo_noindex":false,"_jetpack_memberships_contains_paid_content":false,"footnotes":""},"categories":[6],"tags":[],"class_list":["post-28695","post","type-post","status-publish","format-standard","has-post-thumbnail","hentry","category-yorum"],"jetpack_featured_media_url":"https:\/\/i0.wp.com\/www.bghaber.org\/bghaber\/wp-content\/uploads\/2018\/03\/Mehmet-Cakir2.jpg?fit=267%2C336&ssl=1","jetpack_sharing_enabled":true,"jetpack_likes_enabled":true,"jetpack-related-posts":[],"jetpack_shortlink":"https:\/\/wp.me\/pc2PfJ-7sP","_links":{"self":[{"href":"https:\/\/www.bghaber.org\/bghaber\/wp-json\/wp\/v2\/posts\/28695","targetHints":{"allow":["GET"]}}],"collection":[{"href":"https:\/\/www.bghaber.org\/bghaber\/wp-json\/wp\/v2\/posts"}],"about":[{"href":"https:\/\/www.bghaber.org\/bghaber\/wp-json\/wp\/v2\/types\/post"}],"author":[{"embeddable":true,"href":"https:\/\/www.bghaber.org\/bghaber\/wp-json\/wp\/v2\/users\/13"}],"replies":[{"embeddable":true,"href":"https:\/\/www.bghaber.org\/bghaber\/wp-json\/wp\/v2\/comments?post=28695"}],"version-history":[{"count":0,"href":"https:\/\/www.bghaber.org\/bghaber\/wp-json\/wp\/v2\/posts\/28695\/revisions"}],"wp:featuredmedia":[{"embeddable":true,"href":"https:\/\/www.bghaber.org\/bghaber\/wp-json\/wp\/v2\/media\/28568"}],"wp:attachment":[{"href":"https:\/\/www.bghaber.org\/bghaber\/wp-json\/wp\/v2\/media?parent=28695"}],"wp:term":[{"taxonomy":"category","embeddable":true,"href":"https:\/\/www.bghaber.org\/bghaber\/wp-json\/wp\/v2\/categories?post=28695"},{"taxonomy":"post_tag","embeddable":true,"href":"https:\/\/www.bghaber.org\/bghaber\/wp-json\/wp\/v2\/tags?post=28695"}],"curies":[{"name":"wp","href":"https:\/\/api.w.org\/{rel}","templated":true}]}}