{"id":28693,"date":"2018-03-22T01:19:53","date_gmt":"2018-03-21T22:19:53","guid":{"rendered":"http:\/\/www.bghaber.org\/bghaber\/?p=28693"},"modified":"2018-03-22T01:19:53","modified_gmt":"2018-03-21T22:19:53","slug":"kefene-sarilamayanlar","status":"publish","type":"post","link":"https:\/\/www.bghaber.org\/bghaber\/kefene-sarilamayanlar\/","title":{"rendered":"Kefene Sar\u0131lamayanlar"},"content":{"rendered":"<p>BGSAM -2 \/ 21 03 2018<\/p>\n<p>Kaynak: Fakti. Bg, tarih 19 Mart 2018. Sofya<\/p>\n<p>Bulgar dilinden T\u00fcrk\u00e7ele\u015ftirilmi\u015ftir.<\/p>\n<p>Konu:\u00a0 <strong>Dosyalar\u0131n i\u00e7inden<\/strong><\/p>\n<p>&nbsp;<\/p><div id=\"bghab-1258200749\" class=\"bghab-icerik-icine bghab-entity-placement\"><script async src=\"\/\/pagead2.googlesyndication.com\/pagead\/js\/adsbygoogle.js?client=ca-pub-6203283170189293\" crossorigin=\"anonymous\"><\/script><ins class=\"adsbygoogle\" style=\"display:block; text-align:center;\" data-ad-client=\"ca-pub-6203283170189293\" \ndata-ad-slot=\"7303146466\" \ndata-ad-layout=\"in-article\"\ndata-ad-format=\"fluid\" data-full-width-responsive=\"true\"><\/ins>\n<script> \n(adsbygoogle = window.adsbygoogle || []).push({}); \n<\/script>\n<\/div>\n<p>\u015eu dosyalardan anlat\u0131lanlar t\u00fcyler \u00fcrpertiyor. Bize y\u0131llarca sosyalizmde cinayet i\u015flenmedi\u011fi a\u015f\u0131lanm\u0131\u015ft\u0131. Nedir bu \u00f6l\u00fcm cezalar\u0131, infazlar, seri cinayetler?!\u00a0 Bir ninenin torununu oca\u011fa att\u0131\u011f\u0131n\u0131, bir kad\u0131n\u0131n kocas\u0131n\u0131 kesip kavanoza doldurdu\u011funu, \u00f6l\u00fcm odalar\u0131n\u0131 ve seri infazlar\u0131 ilk kez i\u015fittim. Ne oluyor. Hem de hen\u00fcz politik cinayetlere ge\u00e7medik!<\/p>\n<p><strong>Bulgaristan\u2019da \u00f6l\u00fcm cezas\u0131 vard\u0131.<\/strong><\/p>\n<p>\u00d6l\u00fcm cezas\u0131na kar\u015f\u0131 olanlar\u0131n elindeki en g\u00fc\u00e7l\u00fc delil, devletin insan can\u0131n\u0131 almaya hakk\u0131 olmamas\u0131 iste\u011fiydi. \u0130nsanlar yeni zamanlarda \u201c<strong>g\u00f6z g\u00f6ze, di\u015f di\u015fe<\/strong>\u201d h\u0131rs\u0131ndan s\u0131yr\u0131lmam\u0131z\u0131 istiyorlard\u0131.<\/p>\n<p>\u0130nsan haklar\u0131 \u00f6rg\u00fctlerinin y\u00fckselen sesinde \u015fu vard\u0131: \u201c<strong>Bir adam bir evi ate\u015fe verdiyse, ceza olarak onun evini yakm\u0131yorlar<\/strong>.\u201d Onlar, \u00f6l\u00fcm cezas\u0131n\u0131n kald\u0131r\u0131lmas\u0131 i\u00e7in direnirken verdikleri \u00f6rneklerde, Birle\u015fik Amerika\u2019n\u0131n baz\u0131 eyaletlerinde de \u00f6l\u00fcm cezas\u0131 var, infazlar yap\u0131l\u0131yor, fakat i\u015flenen su\u00e7larda azalma olmuyor, diyorlard\u0131. Bu konu \u00fczerinde ara\u015ft\u0131rma yapan psikologlar ise, do\u011fu\u015ftan katil olan ki\u015filerin kendi hayatlar\u0131n\u0131 telef ederken oldu\u011fu gibi, ba\u015fkalar\u0131n\u0131 hayat\u0131na sald\u0131r\u0131rken de, asla d\u00fc\u015f\u00fcnmediklerine hep vurgu yapt\u0131lar.<\/p>\n<p>Ne de olsa, \u00f6l\u00fcm cezas\u0131 verilmesine kar\u015f\u0131 en g\u00fc\u00e7l\u00fc kan\u0131r her zaman \u201c<strong>yarg\u0131 yanl\u0131\u015f\u0131<\/strong>\u201d oldu.<\/p><div id=\"bghab-1326346036\" class=\"bghab-icerik-icine-10-paragraf bghab-entity-placement\"><script async src=\"\/\/pagead2.googlesyndication.com\/pagead\/js\/adsbygoogle.js?client=ca-pub-6203283170189293\" crossorigin=\"anonymous\"><\/script><ins class=\"adsbygoogle\" style=\"display:block; text-align:center;\" data-ad-client=\"ca-pub-6203283170189293\" \ndata-ad-slot=\"7303146466\" \ndata-ad-layout=\"in-article\"\ndata-ad-format=\"fluid\" data-full-width-responsive=\"true\"><\/ins>\n<script> \n(adsbygoogle = window.adsbygoogle || []).push({}); \n<\/script>\n<\/div>\n<p>Bir ki\u015fi haks\u0131z yere yarg\u0131lan\u0131p \u00f6l\u00fcm cezas\u0131na \u00e7arpt\u0131r\u0131ld\u0131\u011f\u0131nda, \u201cyarg\u0131 yanl\u0131\u015f\u0131\u201d art\u0131k mezar\u0131n dibindedir.<\/p>\n<p>Bulgaristan\u2019da bug\u00fcn de sosyalizm y\u0131llar\u0131nda \u00f6l\u00fcm cezas\u0131 alanlar\u0131n, k\u0131sa yoldan \u00f6ld\u00fcr\u00fcleceklerine, uran madenlerine g\u00f6nderildi\u011fi anlat\u0131l\u0131r. Mahk\u00fbmlara madenci elbisesi bile verilmeden, 14\u201315 saat \u00e7al\u0131\u015ft\u0131r\u0131ld\u0131klar\u0131 bilinir. Sabahlar\u0131 \u0131s\u0131t\u0131lm\u0131\u015f su ve ekmek kenar\u0131, \u00f6\u011flen ve ak\u015faml\u0131k olarak da bulama\u00e7 gibi \u00e7orba yedikleri unutulmam\u0131\u015ft\u0131r. Madende \u015fuala\u015fanlar 3-4 ayda hastalan\u0131p \u00f6l\u00fcrlerdi. Onlardan kurtulmak i\u00e7in devletin bu yolu se\u00e7mesinin nedeni ise devlet b\u00fct\u00e7esi i\u00e7in masrafs\u0131z olmas\u0131yd\u0131.<\/p>\n<p>A\u011f\u0131zdan a\u011fza dola\u015fanlar aras\u0131nda, Birinci b\u00f6l\u00fcmde anlatt\u0131\u011f\u0131m\u0131z \u201c<strong>deh\u015fet odas\u0131<\/strong>\u201d uygulamas\u0131n\u0131n asl\u0131nda g\u00f6steri\u015f olsun ve ger\u00e7ekleri gizlemek i\u00e7in 10 Kas\u0131m 1989\u2019dan sonra kuruldu\u011fu da var. O zamana kadar idam cezas\u0131 alm\u0131\u015f olanlar\u0131n k\u00f6y kenar\u0131nda, dere boylar\u0131nda kuduz k\u00f6pek gibi kur\u015funa dizilip kenara itildi\u011fi anlat\u0131l\u0131r. Olaylar, i\u00e7erdekiler aras\u0131nda \u00e7\u0131kan bir kavga sonucu olarak g\u00f6sterilmek suretiyle, idaml\u0131klar i\u00e7erde \u00f6ld\u00fcr\u00fcld\u00fckten sonra, ara\u00e7 r\u00f6morka at\u0131larak k\u0131rlara \u00e7\u0131kar\u0131l\u0131yor ve derelere tekerleniyordu. \u00d6l\u00fcm cezas\u0131na \u00e7arpt\u0131r\u0131lan kad\u0131nlar ise yolunu bulup i\u00e7erde hamile kal\u0131yor ve cezan\u0131n kald\u0131r\u0131lmas\u0131n\u0131 ve af beklemeye ba\u015fl\u0131yordu.<\/p>\n<p><strong>\u201cLove\u00e7\u201d, \u201cBelene\u201d ve Skrevena\u201d<\/strong> Kamplar\u0131nda i\u015flenen vah\u015fi su\u00e7lar\u0131n unutulmayan ac\u0131lar\u0131 hala u\u011fultularda ya\u015f\u0131yor. Buralardaki gaddarl\u0131\u011f\u0131n ad\u0131 sadizm zulm\u00fcd\u00fcr. Gardiyanlar insanlar\u0131 odunla d\u00f6v\u00fcyor, cesetlerini domuzlara at\u0131yordu. Hi\u00e7 su\u00e7u olmayan vatanda\u015flar\u0131n \u201c<strong>ko\u015fullar\u0131 \u00e7ok a\u011f\u0131r olan toplama kamplar\u0131na g\u00f6ndermek<\/strong>\u201d \u00f6l\u00fcm cezas\u0131na e\u015fde\u011fer bir uygulamayd\u0131. Kamplardaki tutuklular\u0131n sa\u011f kalmas\u0131na ya k\u0131smetleri ya da yukar\u0131dan birisinin m\u00fcdahale etmesi \u015fans olurdu.<\/p>\n<p>Bulgaristan\u2019da kur\u015funa dizilerek \u00f6ld\u00fcr\u00fclen en gen\u00e7 kurban, Tepeler \u015fehri (Filibe) Katolik Kilisesi Papaz\u0131 <strong>Pavel Cicev<\/strong>\u2019tir. O, 1952\u2019de casus su\u00e7lamas\u0131yla tutuklanm\u0131\u015ft\u0131r. Filibe kasaplar\u0131n\u0131n birinde \u201c<strong>Etlerin iyisi Moskova\u2019ya gidiyor, kalan da bize sat\u0131l\u0131yor<\/strong>\u201d s\u00f6zleri tutuklan\u0131p yarg\u0131lanmas\u0131na gerek\u00e7e olmu\u015ftur. Tutuklan\u0131r tutuklanmaz kur\u015funa dizilmi\u015ftir. Yak\u0131nlar\u0131na haber verilmemi\u015ftir.\u00a0 1952 y\u0131l\u0131n\u0131n g\u00fcz\u00fcnde, Cicev\u2019in g\u00f6rev yapt\u0131\u011f\u0131 Kilisedeki kad\u0131n ke\u015fi\u015flerden biri olan Tsanka Ron\u00e7eva, \u00fczerinde \u201c<strong>K\u0131zarde\u015fime teslim edilsin<\/strong>\u201d yazan bir koli alm\u0131\u015f ve i\u00e7inden bir \u00e7ift \u00e7ar\u0131k ve papaz\u0131n elbiseleri \u00e7\u0131km\u0131\u015ft\u0131r.\u201d<\/p><div id=\"bghab-2950041651\" class=\"bghab-icerik-icine-15-paragraf bghab-entity-placement\"><script async src=\"\/\/pagead2.googlesyndication.com\/pagead\/js\/adsbygoogle.js?client=ca-pub-6203283170189293\" crossorigin=\"anonymous\"><\/script><ins class=\"adsbygoogle\" style=\"display:block; text-align:center;\" data-ad-client=\"ca-pub-6203283170189293\" \ndata-ad-slot=\"7303146466\" \ndata-ad-layout=\"in-article\"\ndata-ad-format=\"fluid\" data-full-width-responsive=\"true\"><\/ins>\n<script> \n(adsbygoogle = window.adsbygoogle || []).push({}); \n<\/script>\n<\/div>\n<p><strong>Cicevi ailesi \u00f6l\u00fcm haberini 1996 y\u0131l\u0131nda alm\u0131\u015ft\u0131r.<\/strong><\/p>\n<p>Kur\u015funa dizilen papaz\u0131n ye\u011feni olan Pet\u0131r Cicov payla\u015f\u0131yor: \u201c Y\u0131llar y\u0131l\u0131 bir\u00e7ok erkek ve bayan teyzemin kap\u0131s\u0131n\u0131 \u00e7ald\u0131, karde\u015finin hapishanede oldu\u011funu iddia ederek, i\u00e7eri g\u00f6t\u00fcr\u00fcp vereceklerini vaat ederek, para ve yiyecek istediler.\u201d Yak\u0131nlar\u0131 Pavel Cicev\u2019ten hi\u00e7 bir haber gelmeyince art\u0131k hayatta olanlar aras\u0131nda olmad\u0131\u011f\u0131n\u0131 duyumsayarak vermemi\u015flerdir.<\/p>\n<p><strong>O zaman kalem k\u0131rmak kolayd\u0131.<\/strong><\/p>\n<p>Mahkemelerin verdi\u011fi yanl\u0131\u015f kararlar anlat\u0131l\u0131rken, \u015fu olay da her defas\u0131nda hat\u0131rlan\u0131r.<\/p>\n<p>Sosyalizm y\u0131llar\u0131nda, daha do\u011frusu 1970\u2019lern sonlar\u0131nda Sofya\u2019da bir evde kar\u0131 koca aras\u0131nda bir kavga \u00e7\u0131kar. Kad\u0131n kap\u0131y\u0131 \u00e7ekip gider. Kocas\u0131 bir g\u00fcn be\u015f g\u00fcn beklese de, kad\u0131n d\u00f6nmez. \u00dcst\u00fc ba\u015f\u0131 y\u0131rt\u0131lm\u0131\u015f, \u015fiddet g\u00f6rm\u00fc\u015f, kanlar i\u00e7inde yatan ve daha sonra \u015fiddetle bo\u011fuldu\u011fu tespit edilen kad\u0131n ba\u015fkent yak\u0131nlar\u0131ndaki \u201c<strong>Lozen<\/strong>\u201d k\u00f6y\u00fc k\u0131r\u0131nda bulunmu\u015ftur. Polisler kocas\u0131n\u0131 tutuklam\u0131\u015f ve kom\u015fulardan toplad\u0131klar\u0131 derme \u00e7atma delillerle yarg\u0131lanan kocaya \u201cidam cezas\u0131\u201d kesilmi\u015f ve k\u0131sa bir s\u00fcre sonra kur\u015funlanarak \u00f6ld\u00fcr\u00fclm\u00fc\u015ft\u00fcr.\u00a0 Aradan bir ay ge\u00e7er ge\u00e7mez olay \u00e7orap gibi s\u00f6k\u00fclmeye ba\u015flam\u0131\u015f ve katilin Sofya k\u00f6ylerinde bir i\u015fkenceci oldu\u011fu ortaya \u00e7\u0131km\u0131\u015f. 3 y\u0131l sonra o da \u00f6l\u00fcm cezas\u0131 alsa da, olan toprak alt\u0131nda \u00e7\u00fcr\u00fcyene olmu\u015f.<\/p><div id=\"bghab-2742075716\" class=\"bghab-icerik-icine-20-paragraf bghab-entity-placement\"><script async src=\"\/\/pagead2.googlesyndication.com\/pagead\/js\/adsbygoogle.js?client=ca-pub-6203283170189293\" crossorigin=\"anonymous\"><\/script><ins class=\"adsbygoogle\" style=\"display:block; text-align:center;\" data-ad-client=\"ca-pub-6203283170189293\" \ndata-ad-slot=\"7303146466\" \ndata-ad-layout=\"in-article\"\ndata-ad-format=\"fluid\" data-full-width-responsive=\"true\"><\/ins>\n<script> \n(adsbygoogle = window.adsbygoogle || []).push({}); \n<\/script>\n<\/div>\n<p>1990\u2019da idaml\u0131klara s\u00fcre erteleme uygulanmazdan \u00f6nce, kur\u015funa dizilerek \u00f6ld\u00fcr\u00fclenlerden biri olan ve bir\u00e7ok ki\u015finin can\u0131na k\u0131yan Nikolay Tsaykin, i\u015fledi\u011fi son cinayetlerden sonra tutuklansa da, polisin elinden ka\u00e7arak, Karlovo \u015fehrinde 4 katl\u0131 bir apartmana saklanm\u0131\u015ft\u0131r. Olacak i\u015fte, katil Tsaykin\u2019in sakland\u0131\u011f\u0131 dairenin bir alt\u0131ndaki dairede, birka\u00e7 hafta \u00f6nce do\u011fum yapan ve bebesiyle birlikte oturan gardiyan <strong>Geno Yunako<\/strong>v\u2019un k\u0131z\u0131d\u0131r. Bir g\u00fcn kuca\u011f\u0131ndaki bebekle birlikte balkonuna \u00e7\u0131kar, apartman\u0131 ku\u015fatan polisler kap\u0131lar\u0131 k\u0131r\u0131p i\u00e7eri giri\u015fini ve caniyi nas\u0131l yakalad\u0131klar\u0131n\u0131 izler, vah\u015fetten s\u00fctt\u00fc kesilir.<\/p>\n<p>Ertesi g\u00fcn Filibe (Plovdiv) lokantalar\u0131ndan birinde Yunakov katil Tsaykin\u2019i nas\u0131l tutuklad\u0131\u011f\u0131n\u0131 balland\u0131ra balland\u0131ra anlat\u0131rken, kar\u015f\u0131 masadan bir Bayan seyreder. O, 100 US Dolar verseler hemen gidip can\u0131na k\u0131yar\u0131m dedi\u011finde, kad\u0131n y\u00fcksek sesle \u00e7\u0131\u011fl\u0131k atmaya ba\u015flar. Oysa oturan Bayan katilin e\u015fiymi\u015f.<\/p>\n<p><strong>Bulgaristan<\/strong><\/p>\n<p><strong>Not:<\/strong> Avrupa Birli\u011fi\u2019ne \u00fcye al\u0131n\u0131rken Bulgaristan\u2019a ko\u015fulan \u015fartlardan birisinde, \u201cBelene\u201d \u00d6l\u00fcm Kamp\u0131, di\u011fer toplama kamplar\u0131 ve hapishane dosyalar\u0131n\u0131 a\u00e7mas\u0131 istendi. Fakat hen\u00fcz bu dosyalar\u0131n hi\u00e7 biri a\u00e7\u0131lmad\u0131. D\u00f6nmeyen tutuklular\u0131n kaderi bilinmiyor.<\/p>\n<p>Yazd\u0131klar\u0131m\u0131z hapishanelerde gardiyan ve cell\u00e2tlar\u0131n ve bug\u00fcn\u00fcn muhtarlar\u0131n\u0131n k\u00f6y meyhanelerinde anlatt\u0131klar\u0131ndan se\u00e7melerdir.<\/p><div id=\"bghab-927481299\" class=\"bghab-icerik-icine-25-paragraf bghab-entity-placement\"><script async src=\"\/\/pagead2.googlesyndication.com\/pagead\/js\/adsbygoogle.js?client=ca-pub-6203283170189293\" crossorigin=\"anonymous\"><\/script><ins class=\"adsbygoogle\" style=\"display:block; text-align:center;\" data-ad-client=\"ca-pub-6203283170189293\" \ndata-ad-slot=\"7303146466\" \ndata-ad-layout=\"in-article\"\ndata-ad-format=\"fluid\" data-full-width-responsive=\"true\"><\/ins>\n<script> \n(adsbygoogle = window.adsbygoogle || []).push({}); \n<\/script>\n<\/div>\n<p>Bulgaristan toplumunda b\u00fcy\u00fck bir s\u0131k\u0131nt\u0131 ve huzursuzluk var. Bunun temelindeki ate\u015f oca\u011f\u0131 toplumun i\u00e7inde bulundu\u011fu ve kalkmayan karanl\u0131kt\u0131r. Ge\u00e7mi\u015fin konu\u015fulmamas\u0131 isteniyor. \u00c7\u00fcnk\u00fc totalitarizm y\u0131llar\u0131 ejderhas\u0131ndan korkmayan vatanda\u015f yok.\u00a0 \u201cBelene\u201d kahramanlar\u0131m\u0131z\u0131n neden sustu\u011funu sanki anlamaya ba\u015flad\u0131k. Fakat politikac\u0131lar\u0131m\u0131z\u0131n yere bak\u0131p yutkunmalar\u0131na hen\u00fcz bir anlam veremiyoruz.<\/p>\n<div id=\"bghab-1553623624\" class=\"bghab-yazi-altinda bghab-entity-placement\"><div class=\"bghab-adlabel\">Reklamlar<\/div><script async src=\"https:\/\/pagead2.googlesyndication.com\/pagead\/js\/adsbygoogle.js\"><\/script>\r\n<!-- bghaber-yaz\u0131-sonu -->\r\n<ins class=\"adsbygoogle\"\r\n     style=\"display:block\"\r\n     data-ad-client=\"ca-pub-6203283170189293\"\r\n     data-ad-slot=\"4222328180\"\r\n     data-ad-format=\"auto\"\r\n     data-full-width-responsive=\"true\"><\/ins>\r\n<script>\r\n     (adsbygoogle = window.adsbygoogle || []).push({});\r\n<\/script><\/div><br style=\"clear: both; display: block; float: none;\"\/>","protected":false},"excerpt":{"rendered":"<p>BGSAM -2 \/ 21 03 2018 Kaynak: Fakti. Bg, tarih 19 Mart 2018. Sofya Bulgar dilinden T\u00fcrk\u00e7ele\u015ftirilmi\u015ftir. Konu:\u00a0 Dosyalar\u0131n i\u00e7inden &nbsp; \u015eu dosyalardan anlat\u0131lanlar t\u00fcyler<\/p>\n","protected":false},"author":13,"featured_media":24178,"comment_status":"closed","ping_status":"closed","sticky":false,"template":"","format":"standard","meta":{"advanced_seo_description":"","jetpack_seo_html_title":"","jetpack_seo_noindex":false,"_jetpack_memberships_contains_paid_content":false,"footnotes":""},"categories":[6],"tags":[],"class_list":["post-28693","post","type-post","status-publish","format-standard","has-post-thumbnail","hentry","category-yorum"],"jetpack_featured_media_url":"https:\/\/i0.wp.com\/www.bghaber.org\/bghaber\/wp-content\/uploads\/2017\/09\/bgsam.png?fit=793%2C599&ssl=1","jetpack_sharing_enabled":true,"jetpack_likes_enabled":true,"jetpack-related-posts":[],"jetpack_shortlink":"https:\/\/wp.me\/pc2PfJ-7sN","_links":{"self":[{"href":"https:\/\/www.bghaber.org\/bghaber\/wp-json\/wp\/v2\/posts\/28693","targetHints":{"allow":["GET"]}}],"collection":[{"href":"https:\/\/www.bghaber.org\/bghaber\/wp-json\/wp\/v2\/posts"}],"about":[{"href":"https:\/\/www.bghaber.org\/bghaber\/wp-json\/wp\/v2\/types\/post"}],"author":[{"embeddable":true,"href":"https:\/\/www.bghaber.org\/bghaber\/wp-json\/wp\/v2\/users\/13"}],"replies":[{"embeddable":true,"href":"https:\/\/www.bghaber.org\/bghaber\/wp-json\/wp\/v2\/comments?post=28693"}],"version-history":[{"count":0,"href":"https:\/\/www.bghaber.org\/bghaber\/wp-json\/wp\/v2\/posts\/28693\/revisions"}],"wp:featuredmedia":[{"embeddable":true,"href":"https:\/\/www.bghaber.org\/bghaber\/wp-json\/wp\/v2\/media\/24178"}],"wp:attachment":[{"href":"https:\/\/www.bghaber.org\/bghaber\/wp-json\/wp\/v2\/media?parent=28693"}],"wp:term":[{"taxonomy":"category","embeddable":true,"href":"https:\/\/www.bghaber.org\/bghaber\/wp-json\/wp\/v2\/categories?post=28693"},{"taxonomy":"post_tag","embeddable":true,"href":"https:\/\/www.bghaber.org\/bghaber\/wp-json\/wp\/v2\/tags?post=28693"}],"curies":[{"name":"wp","href":"https:\/\/api.w.org\/{rel}","templated":true}]}}