{"id":28683,"date":"2018-03-22T10:00:31","date_gmt":"2018-03-22T07:00:31","guid":{"rendered":"http:\/\/www.bghaber.org\/bghaber\/?p=28683"},"modified":"2019-07-04T20:41:30","modified_gmt":"2019-07-04T17:41:30","slug":"avrupanin-sosyal-politikasi-guclu-fonlara-dayanmali","status":"publish","type":"post","link":"https:\/\/www.bghaber.org\/bghaber\/avrupanin-sosyal-politikasi-guclu-fonlara-dayanmali\/","title":{"rendered":"Avrupa&#8217;n\u0131n sosyal politikas\u0131 g\u00fc\u00e7l\u00fc fonlara dayanmal\u0131"},"content":{"rendered":"<p>Ba\u015fbakan\u00a0 Boyko Borisov Briksel\u2019de \u00dc\u00e7l\u00fc Sosyal Kalk\u0131nma ve \u0130stihdam zirvesinde, &#8216;Avrupa\u2019n\u0131n g\u00fc\u00e7l\u00fc Sosyal ve Koheziyon fonuna sahip olmas\u0131 gerekti\u011fini s\u00f6yledi.<\/p>\n<p>Borisov,\u00a0 Bulgaristan\u2019\u0131n Avrupa\u2019n\u0131n sosyal boyutlar\u0131n\u0131n g\u00fc\u00e7lendirilmesi i\u00e7in yo\u011fun \u00e7al\u0131\u015fmalar y\u00fcr\u00fctt\u00fc\u011f\u00fcn\u00fc, bunun\u00a0 Estonya, Bulgaristan ve Avusturya\u00a0 Ba\u015fkanl\u0131k \u00fc\u00e7l\u00fcs\u00fcn\u00fcn \u00f6ncelikleri aras\u0131nda yer ald\u0131\u011f\u0131n\u0131 s\u00f6yledi.<\/p>\n<p>Borisov , i\u015f piyasas\u0131nda e\u015fitsizli\u011fin giderilmesi, \u00f6zellikle kad\u0131nlar ve erkekler aras\u0131nda maa\u015f ay\u0131r\u0131m\u0131n\u0131n ortadan kald\u0131r\u0131lmas\u0131 , Avrupa vatanda\u015flar\u0131n\u0131n esas sosyal haklar\u0131n\u0131n\u00a0 g\u00fc\u00e7lendirilmesi\u00a0 ve konkre olarak engelli insanlar\u0131n topluma kazand\u0131r\u0131lmas\u0131 y\u00f6n\u00fcnde \u00e7al\u0131\u015fmalar\u0131n yo\u011funla\u015fmas\u0131 gerekti\u011fini ileri s\u00fcrd\u00fc.<\/p>\n<p>&nbsp;<\/p>\n<p>BNR<\/p><div id=\"bghab-1247412820\" class=\"bghab-icerik-icine bghab-entity-placement\"><script async src=\"\/\/pagead2.googlesyndication.com\/pagead\/js\/adsbygoogle.js?client=ca-pub-6203283170189293\" crossorigin=\"anonymous\"><\/script><ins class=\"adsbygoogle\" style=\"display:block; text-align:center;\" data-ad-client=\"ca-pub-6203283170189293\" \ndata-ad-slot=\"7303146466\" \ndata-ad-layout=\"in-article\"\ndata-ad-format=\"fluid\" data-full-width-responsive=\"true\"><\/ins>\n<script> \n(adsbygoogle = window.adsbygoogle || []).push({}); \n<\/script>\n<\/div>\n<div id=\"bghab-962429076\" class=\"bghab-yazi-altinda bghab-entity-placement\"><div class=\"bghab-adlabel\">Reklamlar<\/div><script async src=\"https:\/\/pagead2.googlesyndication.com\/pagead\/js\/adsbygoogle.js\"><\/script>\r\n<!-- bghaber-yaz\u0131-sonu -->\r\n<ins class=\"adsbygoogle\"\r\n     style=\"display:block\"\r\n     data-ad-client=\"ca-pub-6203283170189293\"\r\n     data-ad-slot=\"4222328180\"\r\n     data-ad-format=\"auto\"\r\n     data-full-width-responsive=\"true\"><\/ins>\r\n<script>\r\n     (adsbygoogle = window.adsbygoogle || []).push({});\r\n<\/script><\/div><br style=\"clear: both; display: block; float: none;\"\/>","protected":false},"excerpt":{"rendered":"<p>Ba\u015fbakan\u00a0 Boyko Borisov Briksel\u2019de \u00dc\u00e7l\u00fc Sosyal Kalk\u0131nma ve \u0130stihdam zirvesinde, &#8216;Avrupa\u2019n\u0131n g\u00fc\u00e7l\u00fc Sosyal ve Koheziyon fonuna sahip olmas\u0131 gerekti\u011fini s\u00f6yledi. Borisov,\u00a0 Bulgaristan\u2019\u0131n Avrupa\u2019n\u0131n sosyal boyutlar\u0131n\u0131n<\/p>\n","protected":false},"author":29,"featured_media":28684,"comment_status":"closed","ping_status":"closed","sticky":false,"template":"","format":"standard","meta":{"advanced_seo_description":"","jetpack_seo_html_title":"","jetpack_seo_noindex":false,"_jetpack_memberships_contains_paid_content":false,"footnotes":""},"categories":[1,4],"tags":[],"class_list":["post-28683","post","type-post","status-publish","format-standard","has-post-thumbnail","hentry","category-haberler","category-siyaset"],"jetpack_featured_media_url":"https:\/\/i0.wp.com\/www.bghaber.org\/bghaber\/wp-content\/uploads\/2018\/03\/borisov-avrupa-fonlari.jpg?fit=850%2C478&ssl=1","jetpack_sharing_enabled":true,"jetpack_likes_enabled":true,"jetpack-related-posts":[],"jetpack_shortlink":"https:\/\/wp.me\/pc2PfJ-7sD","_links":{"self":[{"href":"https:\/\/www.bghaber.org\/bghaber\/wp-json\/wp\/v2\/posts\/28683","targetHints":{"allow":["GET"]}}],"collection":[{"href":"https:\/\/www.bghaber.org\/bghaber\/wp-json\/wp\/v2\/posts"}],"about":[{"href":"https:\/\/www.bghaber.org\/bghaber\/wp-json\/wp\/v2\/types\/post"}],"author":[{"embeddable":true,"href":"https:\/\/www.bghaber.org\/bghaber\/wp-json\/wp\/v2\/users\/29"}],"replies":[{"embeddable":true,"href":"https:\/\/www.bghaber.org\/bghaber\/wp-json\/wp\/v2\/comments?post=28683"}],"version-history":[{"count":0,"href":"https:\/\/www.bghaber.org\/bghaber\/wp-json\/wp\/v2\/posts\/28683\/revisions"}],"wp:featuredmedia":[{"embeddable":true,"href":"https:\/\/www.bghaber.org\/bghaber\/wp-json\/wp\/v2\/media\/28684"}],"wp:attachment":[{"href":"https:\/\/www.bghaber.org\/bghaber\/wp-json\/wp\/v2\/media?parent=28683"}],"wp:term":[{"taxonomy":"category","embeddable":true,"href":"https:\/\/www.bghaber.org\/bghaber\/wp-json\/wp\/v2\/categories?post=28683"},{"taxonomy":"post_tag","embeddable":true,"href":"https:\/\/www.bghaber.org\/bghaber\/wp-json\/wp\/v2\/tags?post=28683"}],"curies":[{"name":"wp","href":"https:\/\/api.w.org\/{rel}","templated":true}]}}