{"id":28660,"date":"2018-03-21T21:45:02","date_gmt":"2018-03-21T18:45:02","guid":{"rendered":"http:\/\/www.bghaber.org\/bghaber\/?p=28660"},"modified":"2019-07-04T20:41:31","modified_gmt":"2019-07-04T17:41:31","slug":"bulgaristan-ve-sirbistan-arasinda-ticaret-rekor-duzeye-ulasti","status":"publish","type":"post","link":"https:\/\/www.bghaber.org\/bghaber\/bulgaristan-ve-sirbistan-arasinda-ticaret-rekor-duzeye-ulasti\/","title":{"rendered":"Bulgaristan ve S\u0131rbistan aras\u0131nda ticaret rekor d\u00fczeye ula\u015ft\u0131"},"content":{"rendered":"<p>Ekonomi Bakan yard\u0131mc\u0131s\u0131 Aleksand\u0131r Manolev N\u0131\u015f \u015fehrinde 100 \u015firketin kat\u0131l\u0131m\u0131yla d\u00fczenlenen Bulgar-S\u0131rp forumda iki \u00fclke aras\u0131nda mal de\u011fi\u015fiminin 2017 y\u0131l\u0131nda rekor\u00a0 olan 1,075 milyar Avro\u2019ya ula\u015ft\u0131\u011f\u0131n\u0131, bir y\u0131lda %40 artt\u0131\u011f\u0131n\u0131 bildirdi.<\/p>\n<p>2017 y\u0131l\u0131n\u0131n sonlar\u0131nda\u00a0 S\u0131rbistan\u2019da Bulgar yat\u0131r\u0131mlar\u0131n toplam de\u011feri 183 milyon Avro\u2019nun \u00fcst\u00fcnde. Manolev tar\u0131m ve ormanc\u0131l\u0131k, g\u0131da sanayisinde, enerji , in\u015faat , kom\u00fcnikasyon, ula\u015ft\u0131rma hizmetleri alanlar\u0131nda i\u015fbirli\u011fi\u00a0 ve ortak i\u015fletmelerin olu\u015fturulmas\u0131 imkanlar\u0131n var oldu\u011funu s\u00f6yledi.<\/p>\n<p>&nbsp;<\/p>\n<p>BNR<\/p>\n<div id=\"bghab-1419700860\" class=\"bghab-yazi-altinda bghab-entity-placement\"><div class=\"bghab-adlabel\">Reklamlar<\/div><script async src=\"https:\/\/pagead2.googlesyndication.com\/pagead\/js\/adsbygoogle.js\"><\/script>\r\n<!-- bghaber-yaz\u0131-sonu -->\r\n<ins class=\"adsbygoogle\"\r\n     style=\"display:block\"\r\n     data-ad-client=\"ca-pub-6203283170189293\"\r\n     data-ad-slot=\"4222328180\"\r\n     data-ad-format=\"auto\"\r\n     data-full-width-responsive=\"true\"><\/ins>\r\n<script>\r\n     (adsbygoogle = window.adsbygoogle || []).push({});\r\n<\/script><\/div><br style=\"clear: both; display: block; float: none;\"\/>","protected":false},"excerpt":{"rendered":"<p>Ekonomi Bakan yard\u0131mc\u0131s\u0131 Aleksand\u0131r Manolev N\u0131\u015f \u015fehrinde 100 \u015firketin kat\u0131l\u0131m\u0131yla d\u00fczenlenen Bulgar-S\u0131rp forumda iki \u00fclke aras\u0131nda mal de\u011fi\u015fiminin 2017 y\u0131l\u0131nda rekor\u00a0 olan 1,075 milyar Avro\u2019ya<\/p>\n","protected":false},"author":29,"featured_media":25234,"comment_status":"closed","ping_status":"closed","sticky":false,"template":"","format":"standard","meta":{"advanced_seo_description":"","jetpack_seo_html_title":"","jetpack_seo_noindex":false,"_jetpack_memberships_contains_paid_content":false,"footnotes":""},"categories":[1,4],"tags":[],"class_list":["post-28660","post","type-post","status-publish","format-standard","has-post-thumbnail","hentry","category-haberler","category-siyaset"],"jetpack_featured_media_url":"https:\/\/i0.wp.com\/www.bghaber.org\/bghaber\/wp-content\/uploads\/2017\/12\/grafik-ekonomi.jpg?fit=850%2C478&ssl=1","jetpack_sharing_enabled":true,"jetpack_likes_enabled":true,"jetpack-related-posts":[],"jetpack_shortlink":"https:\/\/wp.me\/pc2PfJ-7sg","_links":{"self":[{"href":"https:\/\/www.bghaber.org\/bghaber\/wp-json\/wp\/v2\/posts\/28660","targetHints":{"allow":["GET"]}}],"collection":[{"href":"https:\/\/www.bghaber.org\/bghaber\/wp-json\/wp\/v2\/posts"}],"about":[{"href":"https:\/\/www.bghaber.org\/bghaber\/wp-json\/wp\/v2\/types\/post"}],"author":[{"embeddable":true,"href":"https:\/\/www.bghaber.org\/bghaber\/wp-json\/wp\/v2\/users\/29"}],"replies":[{"embeddable":true,"href":"https:\/\/www.bghaber.org\/bghaber\/wp-json\/wp\/v2\/comments?post=28660"}],"version-history":[{"count":0,"href":"https:\/\/www.bghaber.org\/bghaber\/wp-json\/wp\/v2\/posts\/28660\/revisions"}],"wp:featuredmedia":[{"embeddable":true,"href":"https:\/\/www.bghaber.org\/bghaber\/wp-json\/wp\/v2\/media\/25234"}],"wp:attachment":[{"href":"https:\/\/www.bghaber.org\/bghaber\/wp-json\/wp\/v2\/media?parent=28660"}],"wp:term":[{"taxonomy":"category","embeddable":true,"href":"https:\/\/www.bghaber.org\/bghaber\/wp-json\/wp\/v2\/categories?post=28660"},{"taxonomy":"post_tag","embeddable":true,"href":"https:\/\/www.bghaber.org\/bghaber\/wp-json\/wp\/v2\/tags?post=28660"}],"curies":[{"name":"wp","href":"https:\/\/api.w.org\/{rel}","templated":true}]}}