{"id":28654,"date":"2018-03-21T21:15:51","date_gmt":"2018-03-21T18:15:51","guid":{"rendered":"http:\/\/www.bghaber.org\/bghaber\/?p=28654"},"modified":"2019-07-04T20:41:43","modified_gmt":"2019-07-04T17:41:43","slug":"egridere-toplumsal-destek-merkezinde-acik-kapilar-gunu","status":"publish","type":"post","link":"https:\/\/www.bghaber.org\/bghaber\/egridere-toplumsal-destek-merkezinde-acik-kapilar-gunu\/","title":{"rendered":"E\u011fridere Toplumsal Destek Merkezi\u2019nde A\u00e7\u0131k Kap\u0131lar G\u00fcn\u00fc"},"content":{"rendered":"<p>20 Mart D\u00fcnya Sosyal Hizmet G\u00fcn\u00fc dolay\u0131s\u0131yla Ardino (E\u011fridere) Toplumsal Destek Merkezi, 19 ve 20 Mart tarihlerinde A\u00e7\u0131k Kap\u0131lar G\u00fcn\u00fc ger\u00e7ekle\u015ftirdi.<\/p>\n<p>\u0130nisiyatif \u00e7er\u00e7evesinde Toplumsal Destek Merkezi binas\u0131, Brezi\u00e7ka Anaokulu \u00e7ocuklar\u0131 ve Vasil Levski Lisesi \u00f6\u011frencileri ve vatanda\u015flar taraf\u0131ndan ziyaret edildi.<\/p>\n<p>Toplumsal Destek Merkezinde g\u00f6revli pedagoji uzman\u0131 T\u00fcrkan Durmu\u015f, multimedya sunumuyla merkezin faaliyetlerinin y\u00f6nelik oldu\u011fu hedef gruplar, uzmanlar ve sa\u011flanan faaliyetler ile hizmetlerin kullan\u0131m ko\u015fullar\u0131 olmak \u00fczere merkezin \u00e7al\u0131\u015fmalar\u0131 hakk\u0131nda ayr\u0131nt\u0131l\u0131 bilgi verdi.<\/p>\n<p>\u00c7ocuklar, en \u00e7ok &#8220;sihirli oda&#8221; dedikleri Sens\u00f6r Odas\u0131&#8217;ndan etkilendi.<\/p>\n<p>&nbsp;<\/p><div id=\"bghab-3758361258\" class=\"bghab-icerik-icine bghab-entity-placement\"><script async src=\"\/\/pagead2.googlesyndication.com\/pagead\/js\/adsbygoogle.js?client=ca-pub-6203283170189293\" crossorigin=\"anonymous\"><\/script><ins class=\"adsbygoogle\" style=\"display:block; text-align:center;\" data-ad-client=\"ca-pub-6203283170189293\" \ndata-ad-slot=\"7303146466\" \ndata-ad-layout=\"in-article\"\ndata-ad-format=\"fluid\" data-full-width-responsive=\"true\"><\/ins>\n<script> \n(adsbygoogle = window.adsbygoogle || []).push({}); \n<\/script>\n<\/div>\n<p>K\u0131rcaali Haber<\/p>\n<div id=\"bghab-3301153106\" class=\"bghab-yazi-altinda bghab-entity-placement\"><div class=\"bghab-adlabel\">Reklamlar<\/div><script async src=\"https:\/\/pagead2.googlesyndication.com\/pagead\/js\/adsbygoogle.js\"><\/script>\r\n<!-- bghaber-yaz\u0131-sonu -->\r\n<ins class=\"adsbygoogle\"\r\n     style=\"display:block\"\r\n     data-ad-client=\"ca-pub-6203283170189293\"\r\n     data-ad-slot=\"4222328180\"\r\n     data-ad-format=\"auto\"\r\n     data-full-width-responsive=\"true\"><\/ins>\r\n<script>\r\n     (adsbygoogle = window.adsbygoogle || []).push({});\r\n<\/script><\/div><br style=\"clear: both; display: block; float: none;\"\/>","protected":false},"excerpt":{"rendered":"<p>20 Mart D\u00fcnya Sosyal Hizmet G\u00fcn\u00fc dolay\u0131s\u0131yla Ardino (E\u011fridere) Toplumsal Destek Merkezi, 19 ve 20 Mart tarihlerinde A\u00e7\u0131k Kap\u0131lar G\u00fcn\u00fc ger\u00e7ekle\u015ftirdi. \u0130nisiyatif \u00e7er\u00e7evesinde Toplumsal Destek<\/p>\n","protected":false},"author":29,"featured_media":28655,"comment_status":"closed","ping_status":"closed","sticky":false,"template":"","format":"standard","meta":{"advanced_seo_description":"","jetpack_seo_html_title":"","jetpack_seo_noindex":false,"_jetpack_memberships_contains_paid_content":false,"footnotes":""},"categories":[1,10],"tags":[],"class_list":["post-28654","post","type-post","status-publish","format-standard","has-post-thumbnail","hentry","category-haberler","category-kultur-sanat"],"jetpack_featured_media_url":"https:\/\/i0.wp.com\/www.bghaber.org\/bghaber\/wp-content\/uploads\/2018\/03\/egridere-toplumsal-Destek-Merkezinde-Acik-Kapilar-Gunu.jpg?fit=1024%2C768&ssl=1","jetpack_sharing_enabled":true,"jetpack_likes_enabled":true,"jetpack-related-posts":[],"jetpack_shortlink":"https:\/\/wp.me\/pc2PfJ-7sa","_links":{"self":[{"href":"https:\/\/www.bghaber.org\/bghaber\/wp-json\/wp\/v2\/posts\/28654","targetHints":{"allow":["GET"]}}],"collection":[{"href":"https:\/\/www.bghaber.org\/bghaber\/wp-json\/wp\/v2\/posts"}],"about":[{"href":"https:\/\/www.bghaber.org\/bghaber\/wp-json\/wp\/v2\/types\/post"}],"author":[{"embeddable":true,"href":"https:\/\/www.bghaber.org\/bghaber\/wp-json\/wp\/v2\/users\/29"}],"replies":[{"embeddable":true,"href":"https:\/\/www.bghaber.org\/bghaber\/wp-json\/wp\/v2\/comments?post=28654"}],"version-history":[{"count":0,"href":"https:\/\/www.bghaber.org\/bghaber\/wp-json\/wp\/v2\/posts\/28654\/revisions"}],"wp:featuredmedia":[{"embeddable":true,"href":"https:\/\/www.bghaber.org\/bghaber\/wp-json\/wp\/v2\/media\/28655"}],"wp:attachment":[{"href":"https:\/\/www.bghaber.org\/bghaber\/wp-json\/wp\/v2\/media?parent=28654"}],"wp:term":[{"taxonomy":"category","embeddable":true,"href":"https:\/\/www.bghaber.org\/bghaber\/wp-json\/wp\/v2\/categories?post=28654"},{"taxonomy":"post_tag","embeddable":true,"href":"https:\/\/www.bghaber.org\/bghaber\/wp-json\/wp\/v2\/tags?post=28654"}],"curies":[{"name":"wp","href":"https:\/\/api.w.org\/{rel}","templated":true}]}}