{"id":28645,"date":"2018-03-21T20:30:08","date_gmt":"2018-03-21T17:30:08","guid":{"rendered":"http:\/\/www.bghaber.org\/bghaber\/?p=28645"},"modified":"2019-07-04T20:41:43","modified_gmt":"2019-07-04T17:41:43","slug":"tarkim-deliormanda-fabrika-acmak-istiyor","status":"publish","type":"post","link":"https:\/\/www.bghaber.org\/bghaber\/tarkim-deliormanda-fabrika-acmak-istiyor\/","title":{"rendered":"Tarkim, Deliorman\u2019da fabrika a\u00e7mak istiyor"},"content":{"rendered":"<p>Razgrad (Hazargrat) Valili\u011finden verilen bilgiye g\u00f6re Razgrad Valisi G\u00fcnay H\u00fcsmen, Vali Yard\u0131mc\u0131s\u0131 Evgeni Draganov ve Valilik Genel Sekreteri Mihail Todorov, Genel M\u00fcd\u00fcr Ahmet T\u00fcz\u00fcn ba\u015fkanl\u0131\u011f\u0131nda T\u00fcrk firmas\u0131 Tarkim heyeti ile bir araya geldiler.<\/p>\n<p>T\u00fcrkiye&#8217;nin en b\u00fcy\u00fck biyoetanol \u00fcreticisinin yat\u0131r\u0131m hedefi, Kuzeydo\u011fu Bulgaristan&#8217;da m\u0131s\u0131r\u0131n i\u015flenmesine dayanan \u00fcr\u00fcnler \u00fcretecek bir tesis kurmakt\u0131r. Yat\u0131r\u0131m yakla\u015f\u0131k 35 milyon avro olacak, 200 i\u015f pozisyonu a\u00e7\u0131lmas\u0131 planlan\u0131yor, \u00fcretim s\u00fcreci kesintisiz olacak. \u0130\u015fletmede modifiye ni\u015fasta ve yem \u00fcretilecek. Bu i\u015fletmenin ihtiya\u00e7 duyaca\u011f\u0131 hammadde y\u0131lda 100 000 ton m\u0131s\u0131r ve g\u00fcnde 3000 metrek\u00fcp su olacakt\u0131r.<\/p>\n<p>Say\u0131n H\u00fcsmen, Deliorman\u2019da potansiyel bir yat\u0131r\u0131m i\u00e7in tam deste\u011fini dile getirdi. B\u00f6lgenin kom\u015fu b\u00f6lgelere kar\u015f\u0131 avantajlar\u0131n\u0131 vurgulad\u0131. Vali\u2019nin ifadelerine g\u00f6re Razgrad b\u00f6lgesi yat\u0131r\u0131mc\u0131lar i\u00e7in el de\u011fmemi\u015f bir b\u00f6lgedir, burada i\u015fg\u00fcc\u00fc vard\u0131r, ayr\u0131ca Rus\u00e7uk \u00dcniversitesi \u015eubesi ve b\u00f6lgedeki liselerden mezun uzmanlar da vard\u0131r, yak\u0131n mesafede bir liman vard\u0131r, yol altyap\u0131s\u0131 iyidir ve hen\u00fcz iyi olmayan ise modernize edilmektedir.<\/p>\n<p>Say\u0131n H\u00fcsmen, yat\u0131r\u0131mc\u0131lara devlete ait Razgrad\u2019daki \u0130\u00e7i\u015fleri Bakanl\u0131\u011f\u0131 b\u00fcnyesindeki eski Tehlikeli Maddeler B\u00fcrosu binas\u0131 ve \u0130sperih (Kemaller) kasabas\u0131nda birka\u00e7 belediye arazisi olmak \u00fczere potansiyel m\u00fclkleri g\u00f6rmelerini teklif etti.<\/p>\n<p>Genel Sekreter Mihail Todorov heyete ilk m\u00fclk\u00fc g\u00f6rmeye gitti\u011fi s\u0131rada e\u015flik etti.<\/p><div id=\"bghab-3407367439\" class=\"bghab-icerik-icine bghab-entity-placement\"><script async src=\"\/\/pagead2.googlesyndication.com\/pagead\/js\/adsbygoogle.js?client=ca-pub-6203283170189293\" crossorigin=\"anonymous\"><\/script><ins class=\"adsbygoogle\" style=\"display:block; text-align:center;\" data-ad-client=\"ca-pub-6203283170189293\" \ndata-ad-slot=\"7303146466\" \ndata-ad-layout=\"in-article\"\ndata-ad-format=\"fluid\" data-full-width-responsive=\"true\"><\/ins>\n<script> \n(adsbygoogle = window.adsbygoogle || []).push({}); \n<\/script>\n<\/div>\n<p>B\u00f6lgede bulunduklar\u0131 temaslara dayanarak, heyet \u00fcyeleri Bulgaristan&#8217;a ve tam olarak nerede yat\u0131r\u0131m yap\u0131p yapmamaya karar verecek Tarkim hissedarlar\u0131n\u0131n dikkatine sunulacak bir rapor haz\u0131rlayacaklar.<\/p>\n<p>&nbsp;<\/p>\n<p>K\u0131rcaali Haber<\/p>\n<div id=\"bghab-2545698416\" class=\"bghab-yazi-altinda bghab-entity-placement\"><div class=\"bghab-adlabel\">Reklamlar<\/div><script async src=\"https:\/\/pagead2.googlesyndication.com\/pagead\/js\/adsbygoogle.js\"><\/script>\r\n<!-- bghaber-yaz\u0131-sonu -->\r\n<ins class=\"adsbygoogle\"\r\n     style=\"display:block\"\r\n     data-ad-client=\"ca-pub-6203283170189293\"\r\n     data-ad-slot=\"4222328180\"\r\n     data-ad-format=\"auto\"\r\n     data-full-width-responsive=\"true\"><\/ins>\r\n<script>\r\n     (adsbygoogle = window.adsbygoogle || []).push({});\r\n<\/script><\/div><br style=\"clear: both; display: block; float: none;\"\/>","protected":false},"excerpt":{"rendered":"<p>Razgrad (Hazargrat) Valili\u011finden verilen bilgiye g\u00f6re Razgrad Valisi G\u00fcnay H\u00fcsmen, Vali Yard\u0131mc\u0131s\u0131 Evgeni Draganov ve Valilik Genel Sekreteri Mihail Todorov, Genel M\u00fcd\u00fcr Ahmet T\u00fcz\u00fcn ba\u015fkanl\u0131\u011f\u0131nda<\/p>\n","protected":false},"author":29,"featured_media":28646,"comment_status":"closed","ping_status":"closed","sticky":false,"template":"","format":"standard","meta":{"advanced_seo_description":"","jetpack_seo_html_title":"","jetpack_seo_noindex":false,"_jetpack_memberships_contains_paid_content":false,"footnotes":""},"categories":[9,1],"tags":[],"class_list":["post-28645","post","type-post","status-publish","format-standard","has-post-thumbnail","hentry","category-ekonomi","category-haberler"],"jetpack_featured_media_url":"https:\/\/i0.wp.com\/www.bghaber.org\/bghaber\/wp-content\/uploads\/2018\/03\/Tarkim-Deliormanda-fabrika.jpg?fit=991%2C660&ssl=1","jetpack_sharing_enabled":true,"jetpack_likes_enabled":true,"jetpack-related-posts":[],"jetpack_shortlink":"https:\/\/wp.me\/pc2PfJ-7s1","_links":{"self":[{"href":"https:\/\/www.bghaber.org\/bghaber\/wp-json\/wp\/v2\/posts\/28645","targetHints":{"allow":["GET"]}}],"collection":[{"href":"https:\/\/www.bghaber.org\/bghaber\/wp-json\/wp\/v2\/posts"}],"about":[{"href":"https:\/\/www.bghaber.org\/bghaber\/wp-json\/wp\/v2\/types\/post"}],"author":[{"embeddable":true,"href":"https:\/\/www.bghaber.org\/bghaber\/wp-json\/wp\/v2\/users\/29"}],"replies":[{"embeddable":true,"href":"https:\/\/www.bghaber.org\/bghaber\/wp-json\/wp\/v2\/comments?post=28645"}],"version-history":[{"count":0,"href":"https:\/\/www.bghaber.org\/bghaber\/wp-json\/wp\/v2\/posts\/28645\/revisions"}],"wp:featuredmedia":[{"embeddable":true,"href":"https:\/\/www.bghaber.org\/bghaber\/wp-json\/wp\/v2\/media\/28646"}],"wp:attachment":[{"href":"https:\/\/www.bghaber.org\/bghaber\/wp-json\/wp\/v2\/media?parent=28645"}],"wp:term":[{"taxonomy":"category","embeddable":true,"href":"https:\/\/www.bghaber.org\/bghaber\/wp-json\/wp\/v2\/categories?post=28645"},{"taxonomy":"post_tag","embeddable":true,"href":"https:\/\/www.bghaber.org\/bghaber\/wp-json\/wp\/v2\/tags?post=28645"}],"curies":[{"name":"wp","href":"https:\/\/api.w.org\/{rel}","templated":true}]}}