{"id":28642,"date":"2018-03-21T22:00:38","date_gmt":"2018-03-21T19:00:38","guid":{"rendered":"http:\/\/www.bghaber.org\/bghaber\/?p=28642"},"modified":"2019-07-04T20:41:31","modified_gmt":"2019-07-04T17:41:31","slug":"kircaalide-zavodska-sokaginin-onarim-calismalarina-baslandi","status":"publish","type":"post","link":"https:\/\/www.bghaber.org\/bghaber\/kircaalide-zavodska-sokaginin-onarim-calismalarina-baslandi\/","title":{"rendered":"K\u0131rcaali&#8217;de Zavodska soka\u011f\u0131n\u0131n onar\u0131m \u00e7al\u0131\u015fmalar\u0131na ba\u015fland\u0131"},"content":{"rendered":"<p>K\u0131rcaali Belediye Ba\u015fkan\u0131 Hasan Azis, d\u00fczenledi\u011fi bas\u0131n toplant\u0131s\u0131nda, \u201cP\u0131tstroyengineering \u015eirketi, K\u0131rcaali Belediyesi ile yapaca\u011f\u0131 s\u00f6zle\u015fme kapsam\u0131nda 12 ay i\u00e7erisinde K\u0131rcaali&#8217;nin yol a\u011f\u0131nda yatay i\u015faretleme ve bak\u0131m onar\u0131m faaliyetleri yapacakt\u0131r. Bunun i\u00e7in ayr\u0131lan kaynaklar, katma de\u011fer vergisi (KDV) ile 280 bin leva tutar\u0131ndad\u0131r. Proje, y\u00fcklenici firmaya verildi ve hava \u015fartlar\u0131 elverdi\u011finde a\u015famal\u0131 olarak sokaklarda yama \u00e7al\u0131\u015fmalar\u0131na ba\u015flanacak\u201d diye bildirdi. Muh. Azis, Zavodska soka\u011f\u0131n\u0131n yeniden yap\u0131land\u0131r\u0131lmas\u0131 ve onar\u0131m\u0131 i\u00e7in kamu ihalesinin sonland\u0131r\u0131ld\u0131\u011f\u0131n\u0131, kamu ihalesinin Karaman \u015eirketi taraf\u0131ndan kazan\u0131ld\u0131\u011f\u0131n\u0131 s\u00f6zlerine ekledi.<\/p>\n<p>Belediye Ba\u015fkan\u0131, \u201cSokaktaki in\u015faat \u00e7al\u0131\u015fmalar\u0131 aras\u0131nda kald\u0131r\u0131m\u0131n temizlenmesiyle eski kald\u0131r\u0131m d\u00f6\u015femesinin s\u00f6k\u00fclmesi, temel katmanlar\u0131n yeniden at\u0131lmas\u0131 ve asfalt yol yata\u011f\u0131n\u0131n \u015fekillendirilmesi ve asfalt\u0131n s\u0131k\u0131\u015ft\u0131r\u0131lmas\u0131 ve \u00e7ift kat asfalt d\u00f6\u015fenmesi yer al\u0131yor. Onar\u0131m i\u00e7in sa\u011flanan fonlar KDV ile 220 bin leva de\u011ferindedir\u201d diye belirtti.<\/p>\n<p>Hasan Azis, \u201cBu onar\u0131mdan sonra ana caddelerdeki trafi\u011fin ve Zavodska soka\u011f\u0131 \u00e7evresindeki alan\u0131n tozlanmas\u0131 da dahil olmak \u00fczere a\u011f\u0131r y\u00fck ta\u015f\u0131tlar\u0131n\u0131n trafi\u011fi a\u00e7\u0131s\u0131ndan karayolu trafi\u011finin kat kat rahatlayaca\u011f\u0131ndan eminim\u201d dedi.<\/p>\n<p>M\u00fch. Azis, ayr\u0131ca yukar\u0131daki tutarlar haricinde belediyenin sokak a\u011f\u0131n\u0131n onar\u0131m\u0131 i\u00e7in 660 bin leva tutar\u0131nda ilave bir finansman ay\u0131rd\u0131\u011f\u0131n\u0131 ve bunun sonu\u00e7lar\u0131n\u0131n herkes taraf\u0131ndan hissedilece\u011fini s\u00f6yledi.<\/p>\n<p>&nbsp;<\/p><div id=\"bghab-1585992959\" class=\"bghab-icerik-icine bghab-entity-placement\"><script async src=\"\/\/pagead2.googlesyndication.com\/pagead\/js\/adsbygoogle.js?client=ca-pub-6203283170189293\" crossorigin=\"anonymous\"><\/script><ins class=\"adsbygoogle\" style=\"display:block; text-align:center;\" data-ad-client=\"ca-pub-6203283170189293\" \ndata-ad-slot=\"7303146466\" \ndata-ad-layout=\"in-article\"\ndata-ad-format=\"fluid\" data-full-width-responsive=\"true\"><\/ins>\n<script> \n(adsbygoogle = window.adsbygoogle || []).push({}); \n<\/script>\n<\/div>\n<p>K\u0131rcaali Haber<\/p>\n<div id=\"bghab-40458123\" class=\"bghab-yazi-altinda bghab-entity-placement\"><div class=\"bghab-adlabel\">Reklamlar<\/div><script async src=\"https:\/\/pagead2.googlesyndication.com\/pagead\/js\/adsbygoogle.js\"><\/script>\r\n<!-- bghaber-yaz\u0131-sonu -->\r\n<ins class=\"adsbygoogle\"\r\n     style=\"display:block\"\r\n     data-ad-client=\"ca-pub-6203283170189293\"\r\n     data-ad-slot=\"4222328180\"\r\n     data-ad-format=\"auto\"\r\n     data-full-width-responsive=\"true\"><\/ins>\r\n<script>\r\n     (adsbygoogle = window.adsbygoogle || []).push({});\r\n<\/script><\/div><br style=\"clear: both; display: block; float: none;\"\/>","protected":false},"excerpt":{"rendered":"<p>K\u0131rcaali Belediye Ba\u015fkan\u0131 Hasan Azis, d\u00fczenledi\u011fi bas\u0131n toplant\u0131s\u0131nda, \u201cP\u0131tstroyengineering \u015eirketi, K\u0131rcaali Belediyesi ile yapaca\u011f\u0131 s\u00f6zle\u015fme kapsam\u0131nda 12 ay i\u00e7erisinde K\u0131rcaali&#8217;nin yol a\u011f\u0131nda yatay i\u015faretleme ve<\/p>\n","protected":false},"author":29,"featured_media":28643,"comment_status":"closed","ping_status":"closed","sticky":false,"template":"","format":"standard","meta":{"advanced_seo_description":"","jetpack_seo_html_title":"","jetpack_seo_noindex":false,"_jetpack_memberships_contains_paid_content":false,"footnotes":""},"categories":[5],"tags":[],"class_list":["post-28642","post","type-post","status-publish","format-standard","has-post-thumbnail","hentry","category-yasam"],"jetpack_featured_media_url":"https:\/\/i0.wp.com\/www.bghaber.org\/bghaber\/wp-content\/uploads\/2018\/03\/kircaali-Zavodska-sokagi-onarimi.jpg?fit=650%2C422&ssl=1","jetpack_sharing_enabled":true,"jetpack_likes_enabled":true,"jetpack-related-posts":[],"jetpack_shortlink":"https:\/\/wp.me\/pc2PfJ-7rY","_links":{"self":[{"href":"https:\/\/www.bghaber.org\/bghaber\/wp-json\/wp\/v2\/posts\/28642","targetHints":{"allow":["GET"]}}],"collection":[{"href":"https:\/\/www.bghaber.org\/bghaber\/wp-json\/wp\/v2\/posts"}],"about":[{"href":"https:\/\/www.bghaber.org\/bghaber\/wp-json\/wp\/v2\/types\/post"}],"author":[{"embeddable":true,"href":"https:\/\/www.bghaber.org\/bghaber\/wp-json\/wp\/v2\/users\/29"}],"replies":[{"embeddable":true,"href":"https:\/\/www.bghaber.org\/bghaber\/wp-json\/wp\/v2\/comments?post=28642"}],"version-history":[{"count":0,"href":"https:\/\/www.bghaber.org\/bghaber\/wp-json\/wp\/v2\/posts\/28642\/revisions"}],"wp:featuredmedia":[{"embeddable":true,"href":"https:\/\/www.bghaber.org\/bghaber\/wp-json\/wp\/v2\/media\/28643"}],"wp:attachment":[{"href":"https:\/\/www.bghaber.org\/bghaber\/wp-json\/wp\/v2\/media?parent=28642"}],"wp:term":[{"taxonomy":"category","embeddable":true,"href":"https:\/\/www.bghaber.org\/bghaber\/wp-json\/wp\/v2\/categories?post=28642"},{"taxonomy":"post_tag","embeddable":true,"href":"https:\/\/www.bghaber.org\/bghaber\/wp-json\/wp\/v2\/tags?post=28642"}],"curies":[{"name":"wp","href":"https:\/\/api.w.org\/{rel}","templated":true}]}}