{"id":28636,"date":"2018-03-21T23:00:14","date_gmt":"2018-03-21T20:00:14","guid":{"rendered":"http:\/\/www.bghaber.org\/bghaber\/?p=28636"},"modified":"2019-07-04T20:41:31","modified_gmt":"2019-07-04T17:41:31","slug":"sincets-koyunde-kurtlar-kecilere-saldirdi","status":"publish","type":"post","link":"https:\/\/www.bghaber.org\/bghaber\/sincets-koyunde-kurtlar-kecilere-saldirdi\/","title":{"rendered":"Sin\u00e7ets K\u00f6y\u00fc&#8217;nde kurtlar, ke\u00e7ilere sald\u0131rd\u0131"},"content":{"rendered":"<p>Ardino\u2019nun (E\u011fridere) Sin\u00e7ets (Durabeyler) k\u00f6y\u00fc muhtar\u0131 H\u0131lmi Mustafa, k\u00f6y\u00fcn arazilerinde otlayan d\u00f6rt ke\u00e7iye g\u00fcpeg\u00fcnd\u00fcz sald\u0131ran kurtlar\u0131n onlar\u0131 bo\u011farak \u00f6ld\u00fcrd\u00fc\u011f\u00fcn\u00fc bildirdi. Bu hayvanlar\u0131n sahibi Hamitler Mahallesi\u2019nden Sunay M\u00fcm\u00fcn, \u201cGe\u00e7imimi hayvanc\u0131l\u0131kla sa\u011fl\u0131yorum. S\u00fcrekli onlar\u0131n bak\u0131m i\u015flerini yap\u0131yorum. G\u00fcpeg\u00fcnd\u00fcz kurtlar s\u00fcr\u00fcme sald\u0131rd\u0131 ve g\u00f6zlerim \u00f6n\u00fcnde d\u00f6rt ke\u00e7iyi \u00f6ld\u00fcrd\u00fc. Yetkili makamlar\u0131n bu t\u00fcr sald\u0131r\u0131lar\u0131n olmamas\u0131 i\u00e7in acil tedbirler almas\u0131n\u0131 umuyorum\u201d diye kaydetti.<\/p>\n<p>Sin\u00e7ets k\u00f6y\u00fc muhtar\u0131 H\u0131lmi Mustafa, \u201cBu, bir y\u0131l i\u00e7inde y\u0131rt\u0131c\u0131 hayvanlar\u0131n ikinci sald\u0131r\u0131s\u0131d\u0131r. Talihsiz olay\u0131 Ardino Devlet Orman \u0130\u015fletmesi\u2019ne bildirdim, ancak \u015fimdiye kadar her hangi bir tedbir al\u0131nmad\u0131. Hayvanlar \u00e7ok tehlikeli, insanlar evinden d\u0131\u015far\u0131 \u00e7\u0131kmaya korkuyor. Sald\u0131r\u0131lar\u0131n durmas\u0131 amac\u0131yla Ardino Avc\u0131l\u0131k Derne\u011finden kurt av\u0131 i\u00e7in izin isteyece\u011fim. \u0130nek, koyun ve ke\u00e7i sahipleri, hayvanlar\u0131n\u0131 otlatmak i\u00e7in d\u0131\u015far\u0131 \u00e7\u0131karmaya korkuyorlar\u201d diye anlatt\u0131. Muhtar, bu olaydan dolay\u0131 \u00e7ok endi\u015feli, \u00e7\u00fcnk\u00fc hayvan yeti\u015ftiricili\u011fi yerli halk\u0131n temel ge\u00e7im kayna\u011f\u0131d\u0131r.<\/p>\n<p>&nbsp;<\/p>\n<p>G\u00fcner \u015e\u00fckr\u00fc, K\u0131rcaali Haber<\/p>\n<div id=\"bghab-2438707817\" class=\"bghab-yazi-altinda bghab-entity-placement\"><div class=\"bghab-adlabel\">Reklamlar<\/div><script async src=\"https:\/\/pagead2.googlesyndication.com\/pagead\/js\/adsbygoogle.js\"><\/script>\r\n<!-- bghaber-yaz\u0131-sonu -->\r\n<ins class=\"adsbygoogle\"\r\n     style=\"display:block\"\r\n     data-ad-client=\"ca-pub-6203283170189293\"\r\n     data-ad-slot=\"4222328180\"\r\n     data-ad-format=\"auto\"\r\n     data-full-width-responsive=\"true\"><\/ins>\r\n<script>\r\n     (adsbygoogle = window.adsbygoogle || []).push({});\r\n<\/script><\/div><br style=\"clear: both; display: block; float: none;\"\/>","protected":false},"excerpt":{"rendered":"<p>Ardino\u2019nun (E\u011fridere) Sin\u00e7ets (Durabeyler) k\u00f6y\u00fc muhtar\u0131 H\u0131lmi Mustafa, k\u00f6y\u00fcn arazilerinde otlayan d\u00f6rt ke\u00e7iye g\u00fcpeg\u00fcnd\u00fcz sald\u0131ran kurtlar\u0131n onlar\u0131 bo\u011farak \u00f6ld\u00fcrd\u00fc\u011f\u00fcn\u00fc bildirdi. Bu hayvanlar\u0131n sahibi Hamitler Mahallesi\u2019nden<\/p>\n","protected":false},"author":29,"featured_media":28637,"comment_status":"closed","ping_status":"closed","sticky":false,"template":"","format":"standard","meta":{"advanced_seo_description":"","jetpack_seo_html_title":"","jetpack_seo_noindex":false,"_jetpack_memberships_contains_paid_content":false,"footnotes":""},"categories":[5],"tags":[],"class_list":["post-28636","post","type-post","status-publish","format-standard","has-post-thumbnail","hentry","category-yasam"],"jetpack_featured_media_url":"https:\/\/i0.wp.com\/www.bghaber.org\/bghaber\/wp-content\/uploads\/2018\/03\/kurtlar-doga.jpg?fit=990%2C660&ssl=1","jetpack_sharing_enabled":true,"jetpack_likes_enabled":true,"jetpack-related-posts":[],"jetpack_shortlink":"https:\/\/wp.me\/pc2PfJ-7rS","_links":{"self":[{"href":"https:\/\/www.bghaber.org\/bghaber\/wp-json\/wp\/v2\/posts\/28636","targetHints":{"allow":["GET"]}}],"collection":[{"href":"https:\/\/www.bghaber.org\/bghaber\/wp-json\/wp\/v2\/posts"}],"about":[{"href":"https:\/\/www.bghaber.org\/bghaber\/wp-json\/wp\/v2\/types\/post"}],"author":[{"embeddable":true,"href":"https:\/\/www.bghaber.org\/bghaber\/wp-json\/wp\/v2\/users\/29"}],"replies":[{"embeddable":true,"href":"https:\/\/www.bghaber.org\/bghaber\/wp-json\/wp\/v2\/comments?post=28636"}],"version-history":[{"count":0,"href":"https:\/\/www.bghaber.org\/bghaber\/wp-json\/wp\/v2\/posts\/28636\/revisions"}],"wp:featuredmedia":[{"embeddable":true,"href":"https:\/\/www.bghaber.org\/bghaber\/wp-json\/wp\/v2\/media\/28637"}],"wp:attachment":[{"href":"https:\/\/www.bghaber.org\/bghaber\/wp-json\/wp\/v2\/media?parent=28636"}],"wp:term":[{"taxonomy":"category","embeddable":true,"href":"https:\/\/www.bghaber.org\/bghaber\/wp-json\/wp\/v2\/categories?post=28636"},{"taxonomy":"post_tag","embeddable":true,"href":"https:\/\/www.bghaber.org\/bghaber\/wp-json\/wp\/v2\/tags?post=28636"}],"curies":[{"name":"wp","href":"https:\/\/api.w.org\/{rel}","templated":true}]}}