{"id":28633,"date":"2018-03-21T20:00:59","date_gmt":"2018-03-21T17:00:59","guid":{"rendered":"http:\/\/www.bghaber.org\/bghaber\/?p=28633"},"modified":"2019-07-04T20:41:43","modified_gmt":"2019-07-04T17:41:43","slug":"kircaalide-geleneksel-canakkale-sehitlerini-anma-etkinligi","status":"publish","type":"post","link":"https:\/\/www.bghaber.org\/bghaber\/kircaalide-geleneksel-canakkale-sehitlerini-anma-etkinligi\/","title":{"rendered":"K\u0131rcaali\u2019de Geleneksel \u00c7anakkale \u015eehitlerini Anma Etkinli\u011fi"},"content":{"rendered":"<p>K\u0131rcaali T\u00fcrk K\u00fclt\u00fcr ve Sanat Derne\u011fi (T\u00dcRKSAD) ve \u00d6mer L\u00fctfi K\u00fclt\u00fcr Derne\u011fi, d\u00fcn ak\u015fam \u00c7anakkale Zaferi\u2019nin 103.y\u0131ld\u00f6n\u00fcm\u00fc dolay\u0131s\u0131yla geleneksel \u00c7anakkale \u015eehitlerini Anma Etkinli\u011fi ger\u00e7ekle\u015ftirdi.<\/p>\n<p>T\u00fcrkiye\u2019den ve Yunanistan\u2019dan gelen \u00e7ok say\u0131da misafir olmak \u00fczere K\u0131rcaalilerin t\u0131kl\u0131m t\u0131kl\u0131m doldurdu\u011fu \u00d6mer L\u00fctfi K\u00fclt\u00fcr Derne\u011fi salonunda yap\u0131lan bu y\u0131lki anma etkinli\u011finin konuklar\u0131 T\u00fcrkiye\u2019den Edirne Trakya \u00dcniversitesi Balkan Ara\u015ft\u0131rma Enstit\u00fcs\u00fc M\u00fcd\u00fcr Yard\u0131mc\u0131s\u0131 Yrd. Do\u00e7. Dr. Sabri Can Sannav \u00c7anakale Sava\u015flar\u0131 konusunda konferans verdi, ara\u015ft\u0131rma g\u00f6revlisi Erhan Vatansever ise Birinci D\u00fcnya Sava\u015f\u0131 ve \u00c7anakkale Muharebelerinde Bulgaristan\u2019dan ve \u00f6zellikle de K\u0131rcaali b\u00f6lgesinden tespit ettikleri \u015fehitlerle ilgili bilgi verdi.<\/p>\n<p>Anma t\u00f6reninde resmi konuklar aras\u0131nda T.C. Filibe Ba\u015fkonsoloslu\u011fu Muavin Konsolos Volkan Tany\u0131ld\u0131z, Filibe Ticaret Ata\u015fesi Mehmet Ali Erdem, K\u0131rcaali Belediye Ba\u015fkan\u0131 M\u00fch. Hasan Azis, K\u0131rcaali B\u00f6lge M\u00fcft\u00fcs\u00fc Beyhan Mehmet, Bat\u0131 Trakya\u2019dan gazeteci yazar \u0130brahim Baltal\u0131, K\u0131rcaali b\u00f6lgesinden \u015fehit ve gazi yak\u0131nlar\u0131, siyasi parti ve STK temsilcileri yer ald\u0131.<\/p>\n<p>Program\u0131n sunuculu\u011funu yapan M\u00fczekki Ahmet, K\u0131rcaali\u2019de geleneksel olarak d\u00fczenledikleri anma etkinli\u011fine gelen herkesi selamlayarak, Balkan Sava\u015flar\u0131 ve \u00c7anakkale \u015fehitleri an\u0131s\u0131na bir dakikal\u0131k sayg\u0131 duru\u015funa davet etti. Ard\u0131ndan B\u00f6lge M\u00fcft\u00fcs\u00fc Beyhan Mehmet \u015fehitlerin ruhu i\u00e7in dua etti.<\/p>\n<p>Selamlama konu\u015fmas\u0131nda Muavin Konsolos Volkan Tany\u0131ld\u0131z, anma etkinli\u011fini d\u00fczenleyen iki derne\u011fe te\u015fekk\u00fcr etti. Ba\u015fkonsol H\u00fcseyin Ergani\u2019ni selamlar\u0131n\u0131 ileten Tany\u0131ld\u0131z, kendilerinin rahats\u0131zl\u0131\u011f\u0131ndan dolay\u0131 etkinli\u011fe kat\u0131lamad\u0131klar\u0131n\u0131 belirtti. Muavin Konsolos, \u201c\u00c7anakkale Zaferi, sadece askeri bir ba\u015far\u0131 de\u011fil. \u0130zzeti, nefsi ve haysiyeti ile oynanmak istenen b\u00fcy\u00fck T\u00fcrk Milleti\u2019nin topluca aya\u011fa kalkt\u0131\u011f\u0131 bir dirili\u015f ve y\u00fckseli\u015f abidesidir. \u00c7anakkale Zaferi zor \u015fartlar alt\u0131nda binlerce \u015fehit verilerek, kazan\u0131lm\u0131\u015f mukaddes bir zafer olarak tarihteki yerini alm\u0131\u015ft\u0131r. Bu sava\u015f Kurtulu\u015f Sava\u015f\u0131m\u0131z\u0131n da bir provas\u0131 olmu\u015ftur. Bulgaristan ile Birinci D\u00fcnya Sava\u015f\u0131\u2019nda ayn\u0131 ittifak i\u00e7inde yer ald\u0131\u011f\u0131m\u0131z i\u00e7in bu b\u00f6lgeden de \u015fehitlerimiz olmu\u015ftur. Yurt d\u0131\u015f\u0131nda g\u00f6revli olduklar\u0131 s\u0131rada menfur sald\u0131r\u0131lara u\u011frayarak, \u015fehit edilen D\u0131\u015fi\u015fleri Bakanl\u0131\u011f\u0131 mensuplar\u0131n\u0131 da burada anmay\u0131 bir bor\u00e7 biliyorum. Onlar\u0131n aziz hat\u0131ralar\u0131 \u00f6n\u00fcnde sayg\u0131yla e\u011filiyoruz\u201d diye konu\u015ftu. Tany\u0131ld\u0131z, konu\u015fmas\u0131na \u015f\u00f6yle devam etti: \u201c\u00c7anakkale Zaferi\u2019yle T\u00fcrk Milleti, vatan savunmas\u0131ndaki azmi ve mertli\u011finin yan\u0131 s\u0131ra insani yakla\u015f\u0131m\u0131yla da \u00f6rnek ve asil bir davran\u0131\u015f sergilemi\u015ftir. T\u00fcrk askeri, sava\u015f\u0131n merhamet boyutunu ve d\u00fc\u015fmanl\u0131\u011f\u0131n nas\u0131l dostlu\u011fa d\u00f6n\u00fc\u015ft\u00fc\u011f\u00fcn\u00fc b\u00fct\u00fcn d\u00fcnyaya g\u00f6stermi\u015ftir. Cumhuriyetimizin kurucusu Ulu \u00d6nder Gazi Mustafa Kemal Atat\u00fcrk, uzak diyarlardan \u00e7ocuklar\u0131n\u0131 sava\u015fa g\u00f6nderen annelere seslenirken, \u201cEvlatlar\u0131n\u0131z art\u0131k bizim ba\u011fr\u0131m\u0131zdad\u0131r, onlar bu topraklarda canlar\u0131n\u0131 verdikten sonra, art\u0131k bizim evlatlar\u0131m\u0131z olmu\u015flard\u0131r\u201d s\u00f6z\u00fcyle \u00c7anakkale\u2019de ya\u015fanan insanl\u0131k \u00f6yk\u00fcs\u00fcn\u00fc ve bar\u0131\u015f \u00f6zlemini t\u00fcm d\u00fcnyaya duyurmu\u015ftur\u201d. Muavin Konsolos, konu\u015fmas\u0131n\u0131 \u015fu s\u00f6zlerle tamamlad\u0131: \u201dBa\u015fta b\u00fcy\u00fck \u00d6nder Mustafa Kemal Atat\u00fcrk olmak \u00fczere \u00fclkemizin ba\u011f\u0131ms\u0131zl\u0131\u011f\u0131, refah\u0131 ve h\u00fcrriyeti u\u011fruna g\u00f6zlerini k\u0131rpmadan hayatlar\u0131n\u0131 feda eden t\u00fcm \u015fehitlerimizi bir kez daha rahmet ve minnetle an\u0131yor, aziz hat\u0131ralar\u0131 \u00f6n\u00fcnde sayg\u0131yla e\u011filiyoruz. Mekanlar\u0131 cennet, ruhlar\u0131 \u015fad olsun\u201d.<\/p><div id=\"bghab-3887306033\" class=\"bghab-icerik-icine bghab-entity-placement\"><script async src=\"\/\/pagead2.googlesyndication.com\/pagead\/js\/adsbygoogle.js?client=ca-pub-6203283170189293\" crossorigin=\"anonymous\"><\/script><ins class=\"adsbygoogle\" style=\"display:block; text-align:center;\" data-ad-client=\"ca-pub-6203283170189293\" \ndata-ad-slot=\"7303146466\" \ndata-ad-layout=\"in-article\"\ndata-ad-format=\"fluid\" data-full-width-responsive=\"true\"><\/ins>\n<script> \n(adsbygoogle = window.adsbygoogle || []).push({}); \n<\/script>\n<\/div>\n<p>G\u00fcn\u00fcn anlam ve \u00f6nemini belirten bir konu\u015fma yapan K\u0131rcaali Belediye Ba\u015fkan\u0131 Hasan Aziz, uzun y\u0131llardan beri K\u0131rcaali\u2019de \u00c7anakkale Zaferi ve \u015fehitlerini anma etkinlikleri d\u00fczenlediklerini an\u0131msatt\u0131. Bu tarihi olaylar\u0131 anlamaya \u00e7al\u0131\u015ft\u0131klar\u0131n\u0131 ve ya\u015fanan o g\u00fcnlerin t\u00fcm d\u00fcnyadaki insanlar i\u00e7in bir \u00f6rnek oldu\u011funu ifade eden Ba\u015fkan Aziz, \u201d\u00c7anakkale\u2019de ya\u015fanan olaylar s\u0131ras\u0131nda orada insan ruhunun ne kadar y\u00fcksek oldu\u011funu, orada d\u00fc\u015fmana bile bir T\u00fcrk askerinin el uzatt\u0131\u011f\u0131n\u0131 g\u00f6rebilirsiniz. \u00c7anakkale\u2019de o zamanda T\u00fcrk olmak, T\u00fcrk askeri olmak ve devlet\u00e7ilik g\u00f6rd\u00fck. T\u00fcrk olan T\u00fcrk \u00c7anakkale\u2019yi anlamas\u0131 gerekir. Herkes \u00c7anakkale\u2019yi kendi \u00f6l\u00e7\u00fcs\u00fcne g\u00f6re anlar ve o a\u00e7\u0131dan kendisine de bakabilir. \u00c7anakkale, her zaman i\u00e7in T\u00fcrk toplumunun bir ruh \u00f6l\u00e7\u00fcs\u00fc olacakt\u0131r\u201d diye konu\u015ftu.<\/p>\n<p>Gazeteci yazar \u0130brahim Baltal\u0131, G\u00fcm\u00fclcine&#8217;nin Kurcal\u0131 k\u00f6y\u00fcnden \u00c7anakkale gazisi olan dedesi \u0130bram Onba\u015f\u0131\u2019n\u0131n hikayesini anlatt\u0131. Baltal\u0131, dedesinin hikayesini anlatmaya \u015fu s\u00f6zlerle ba\u015flad\u0131: \u201dBiz, tarih\u00e7i de\u011filiz. Bu y\u00fczden bu g\u00fcn burada sizlere ger\u00e7ek bir \u00c7anakkale hikayesi sunmak istiyorum. Bu hikaye Bat\u0131 Trakya T\u00fcrkleri ile Bulgaristan\u2019daki T\u00fcrklerin ge\u00e7mi\u015fte \u00e7ok yak\u0131n ili\u015fki i\u00e7erisinde oldu\u011funu bizlere ispatlamaktad\u0131r. Rodop Da\u011flar\u0131\u2019n\u0131n ay\u0131rd\u0131\u011f\u0131, her \u015feyiyle birbirine benzeyen bu iki toplumun g\u00f6n\u00fcl s\u0131n\u0131rlar\u0131 ise hi\u00e7bir zaman ayr\u0131lmam\u0131\u015ft\u0131r. Nitekim Makas S\u0131n\u0131r Kap\u0131s\u0131 a\u00e7\u0131ld\u0131ktan sonra bir \u00e7ok akraba yeniden kavu\u015fmu\u015ftur\u201d. Gazeteci yazar, yakla\u015f\u0131k 4 y\u0131l Osmanl\u0131 ordusunda g\u00f6rev yapan \u0130bram Onba\u015f\u0131\u2019n\u0131n 1960 y\u0131l\u0131nda tedavi i\u00e7in gitti\u011fi \u0130stanbul\u2019daki Guraba Hastanesinde hayata g\u00f6zlerini yumdu\u011funu ve Anadolu topraklar\u0131na defnedildi\u011fini belirtti.<\/p>\n<p>Ard\u0131ndan s\u00f6z\u00fc K\u0131rcaali\u2019nin Gluhar (Sa\u011f\u0131rlar) k\u00f6y\u00fcnden gazi torunu Hasan Sad\u0131k ald\u0131. 1896 y\u0131l\u0131nda o zaman Krumovgrad (Ko\u015fukavak) \u0130l\u00e7esi\u2019ne ba\u011fl\u0131 Raven (Bayramlar) k\u00f6y\u00fcnde do\u011fan annesinin babas\u0131 Elles Mehmet\u2019in de g\u00f6n\u00fcll\u00fc olarak \u00c7anakkale Sava\u015f\u0131\u2019na kat\u0131ld\u0131\u011f\u0131n\u0131 anlatt\u0131. \u00c7anakkale Sava\u015f\u0131\u2019ndan k\u00f6y\u00fcne d\u00f6nerken Hayrabolu\u2019da \u015fehit han\u0131m\u0131 olan Hat\u00e7e ile tan\u0131\u015f\u0131p evlendiklerini ve bir o\u011flan ve iki k\u0131z \u00e7ocu\u011funa sahip olduklar\u0131n\u0131 belirtti. Han\u0131m\u0131n\u0131n \u00f6l\u00fcm\u00fcnden sonra k\u00f6y\u00fcne d\u00f6nen gazi dedesinin 1958 y\u0131l\u0131nda vefat etti\u011fini ifade eden Hasan sad\u0131k, gazinin bir foto\u011fraf\u0131n\u0131 ve bir \u00c7anakkale sil\u00fcetli kupa bardak g\u00f6sterdi. Karde\u015fleriyle birlikte dedesinin mezar ta\u015f\u0131n\u0131 yenilediklerini kaydeden gazi torunu, dedesini onlarla hat\u0131rlad\u0131klar\u0131n\u0131 s\u00f6yledi.<\/p>\n<p>Kirkovo (K\u0131z\u0131la\u011fa\u00e7) Fotinovo (Hatipo\u011fullar\u0131) Hristo Smirnenski Lisesinde 4.s\u0131n\u0131f \u00f6\u011frencisi Sevil Hasan ve 7.s\u0131n\u0131f \u00f6\u011frencisi Ne\u015fe Ahmet, T\u00fcrk\u00e7e \u00f6\u011fretmenleri Zekiye Hasan\u2019\u0131n y\u00f6netmenli\u011finde haz\u0131rlad\u0131klar\u0131 g\u00fcn\u00fcn anlam ve \u00f6nemini belirten birer \u015fiiri muhte\u015fem bir \u015fekilde seslendirdiler.<\/p>\n<p>K\u0131rcaali\u2019de d\u00fczenlenen programdan \u00e7ok etkilendi\u011fini ifade eden Yrd. Do\u00e7. Dr. Sabri Can Sannav, \u00c7anakkale Sava\u015flar\u0131 slayt g\u00f6sterisi e\u015fli\u011finde konferans verdi. Dedesinin de d\u00f6rt karde\u015fini \u00c7anakkale Muharebeleri sonucunda kaybetti\u011fini belirten Yrd. Do\u00e7. Dr. Sabri Can Sannav, konu\u015fmas\u0131n\u0131n ba\u015f\u0131nda Gazi Mustafa Kemal ve silah arkada\u015flar\u0131n\u0131 bir kere daha rahmet ve minnetle anmak istedi\u011fini dile getirdi. Zaferle sonu\u00e7lanan hem karada, hem denizde 8, 5 ay devam eden \u00c7anakkale Muharebelerinin \u00fczerinden 103 y\u0131l ge\u00e7mi\u015f olmas\u0131na ra\u011fmen bug\u00fcn de yank\u0131lar\u0131n\u0131n devam etti\u011fini ve T\u00fcrk milletinin azim ve kararl\u0131l\u0131\u011f\u0131n\u0131 ortaya koyan ve bunu b\u00fct\u00fcn d\u00fcnyaya g\u00f6steren tarihi bir d\u00f6n\u00fcm noktas\u0131 oldu\u011funun alt\u0131n\u0131 \u00e7izen Yrd. Do\u00e7. Dr. Sabri Can Sannav, Avustralya Devleti\u2019ne kar\u015f\u0131 \u00c7anakkale Muharebeleri \u2019ne \u0130ngiltere ad\u0131na Avustralya\u2019n\u0131n asker g\u00f6ndermesi nedeniyle bu \u00fclkeye sava\u015f ilan eden iki kahraman T\u00fcrk evlad\u0131 ile ilgili bir olay\u0131 anlatt\u0131. T\u00fcrk k\u00f6kenli Afganlardan oldu\u011fu da iddia edilen bu iki T\u00fcrk askerinden birisinin dondurmac\u0131l\u0131k yapan Molla Abdullah, di\u011ferinin ise kasap ve ayn\u0131 zamanda imam olan G\u00fcl Mehmet oldu\u011fu anla\u015f\u0131ld\u0131. Yrd. Do\u00e7. Dr. Sabri Can Sannav, \u015funlar\u0131 belirtti: \u201cBu sava\u015f Avustralya\u2019n\u0131n ilk resmi sava\u015f\u0131 olarak tarihe ge\u00e7ecektir. D\u00fc\u015fman askeri ile k\u0131yas\u0131ya bir m\u00fccadele ba\u015flar. G\u00fcnlerce s\u00fcrer. Pek \u00e7ok Avustralya askerini \u00f6ld\u00fcren bu iki T\u00fcrk askeri nihayet beyaz kayal\u0131klarda \u015fehit edilirler. Bu iki askerimizin hat\u0131ras\u0131na ve yi\u011fitli\u011fine sayg\u0131 i\u00e7in eskiden Beyaz Kayal\u0131k denilen o b\u00f6lgeye g\u00fcn\u00fcm\u00fczde T\u00fcrk Kayal\u0131klar\u0131 denilmektedir\u201d.<\/p><div id=\"bghab-2107463934\" class=\"bghab-icerik-icine-10-paragraf bghab-entity-placement\"><script async src=\"\/\/pagead2.googlesyndication.com\/pagead\/js\/adsbygoogle.js?client=ca-pub-6203283170189293\" crossorigin=\"anonymous\"><\/script><ins class=\"adsbygoogle\" style=\"display:block; text-align:center;\" data-ad-client=\"ca-pub-6203283170189293\" \ndata-ad-slot=\"7303146466\" \ndata-ad-layout=\"in-article\"\ndata-ad-format=\"fluid\" data-full-width-responsive=\"true\"><\/ins>\n<script> \n(adsbygoogle = window.adsbygoogle || []).push({}); \n<\/script>\n<\/div>\n<p>Yrd. Do\u00e7. Dr. Sabri Can Sannav, ara\u015ft\u0131rma g\u00f6revlisi Erhan Vatansever ile beraber yapt\u0131klar\u0131 ara\u015ft\u0131rmalar sonucunda Birinci D\u00fcnya Sava\u015f\u0131 ve \u00c7anakkale Muharebeleri\u2019nde Bulgaristan\u2019dan ve \u00e7o\u011funun K\u0131rcaali b\u00f6lgesinden olan 222 \u015fehit tespit ettiklerini bildirdi.<\/p>\n<p>Daha nice \u015fehitlerin isimlerinin bilinmedi\u011finin alt\u0131n\u0131 \u00e7izen Erhan Vatansever, K\u0131rcaali b\u00f6lgesi \u015fehitleri aras\u0131ndan 52\u2019sinin subay oldu\u011funu belirtti. Erkan Vatansever, \u201cEn \u00e7ok 55 ki\u015fi olmak \u00fczere \u00c7anakkale\u2019de \u015fehit veriyoruz. Daha sonra Romanya Cephesi geliyor. Romanya yak\u0131n oldu\u011fu i\u00e7in buradan gelen g\u00f6n\u00fcll\u00fc birlikler, askerler yard\u0131m etmek i\u00e7in bu b\u00f6lgeye kayd\u0131r\u0131ld\u0131. En \u00e7ok \u015fehit verdi\u011fimiz cepheler aras\u0131nda Kafkas Cephesi, Filistin Cephesi, Kut&#8217;\u00fcl Amare Cephesi bulunuyor. Tabii ki, sadece bunlarla kalm\u0131yor. Mesela, 57. Alay\u0131 hepimiz biliyoruz, kahramanl\u0131k yaz\u0131yor resmen ve hepsi \u015fehit d\u00fc\u015f\u00fcyor. 57. Alay Komutan\u0131 H\u00fcseyin Avni Bey Makedonyal\u0131d\u0131r, Balkan T\u00fcrk\u00fcd\u00fcr. O d\u00f6nemde Birinci D\u00fcnya Sava\u015f\u0131\u2019nda Mekke ve Medine m\u00fcdafaas\u0131 kahraman\u0131 Fahrettin Pa\u015fa Rus\u00e7uklu, Bulgaristan T\u00fcrk\u00fcd\u00fcr. Ba\u015fta Mustafa Kemal Atat\u00fcrk, Balkan T\u00fcrk\u00fcd\u00fcr\u201d diye bildirdi. En b\u00fcy\u00fck sava\u015f tecr\u00fcbesi olan subaylar\u0131 oldu\u011fu i\u00e7in Balkan T\u00fcrkeri\u2019nin \u00e7ok \u015fehit verdi\u011fini belirten ara\u015ft\u0131rmac\u0131, kendisinin de K\u0131rcaalili oldu\u011fu i\u00e7in b\u00f6yle bir konu\u015fma yapma imkan\u0131 veren M\u00fczekki Ahmet\u2019e te\u015fekk\u00fcr etti. Erhan Vatansever, bu 222 \u015fehit aras\u0131nda 55 ki\u015fi ile en \u00e7ok \u015fehit veren b\u00f6lge K\u0131rcaali\u2019den sonra K\u0131rcaali iline ba\u011fl\u0131 Ardino (E\u011fridere) b\u00f6lgesinin 45 \u015fehitle ikinci s\u0131rada yer ald\u0131\u011f\u0131n\u0131 kaydetti. Ara\u015ft\u0131rmac\u0131, Ardino\u2019nun \u00f6nceden G\u00fcm\u00fclcine Vilayeti\u2019ne ba\u011fl\u0131 oldu\u011fu i\u00e7in onlar\u0131n listede G\u00fcm\u00fclcine \u015fehitleri diye ge\u00e7ti\u011fine dikkat \u00e7ekti.<\/p>\n<p>Ard\u0131ndan Yrd. Do\u00e7. Dr. Sabri Can Sannav ve Erhan Vatansever\u2019e iki dernek taraf\u0131ndan birer te\u015fekk\u00fcr belgesi sunuldu.<\/p>\n<p>Program, M\u00fczekki Ahmet taraf\u0131ndan sunulan \u00c7anakkale Sava\u015flar\u0131 slayt g\u00f6sterisiyle sona erdi.<\/p>\n<p>&nbsp;<\/p><div id=\"bghab-4154018108\" class=\"bghab-icerik-icine-15-paragraf bghab-entity-placement\"><script async src=\"\/\/pagead2.googlesyndication.com\/pagead\/js\/adsbygoogle.js?client=ca-pub-6203283170189293\" crossorigin=\"anonymous\"><\/script><ins class=\"adsbygoogle\" style=\"display:block; text-align:center;\" data-ad-client=\"ca-pub-6203283170189293\" \ndata-ad-slot=\"7303146466\" \ndata-ad-layout=\"in-article\"\ndata-ad-format=\"fluid\" data-full-width-responsive=\"true\"><\/ins>\n<script> \n(adsbygoogle = window.adsbygoogle || []).push({}); \n<\/script>\n<\/div>\n<p>&nbsp;<\/p>\n<p>K\u0131rcaali Haber<\/p>\n<div id=\"bghab-1956539630\" class=\"bghab-yazi-altinda bghab-entity-placement\"><div class=\"bghab-adlabel\">Reklamlar<\/div><script async src=\"https:\/\/pagead2.googlesyndication.com\/pagead\/js\/adsbygoogle.js\"><\/script>\r\n<!-- bghaber-yaz\u0131-sonu -->\r\n<ins class=\"adsbygoogle\"\r\n     style=\"display:block\"\r\n     data-ad-client=\"ca-pub-6203283170189293\"\r\n     data-ad-slot=\"4222328180\"\r\n     data-ad-format=\"auto\"\r\n     data-full-width-responsive=\"true\"><\/ins>\r\n<script>\r\n     (adsbygoogle = window.adsbygoogle || []).push({});\r\n<\/script><\/div><br style=\"clear: both; display: block; float: none;\"\/>","protected":false},"excerpt":{"rendered":"<p>K\u0131rcaali T\u00fcrk K\u00fclt\u00fcr ve Sanat Derne\u011fi (T\u00dcRKSAD) ve \u00d6mer L\u00fctfi K\u00fclt\u00fcr Derne\u011fi, d\u00fcn ak\u015fam \u00c7anakkale Zaferi\u2019nin 103.y\u0131ld\u00f6n\u00fcm\u00fc dolay\u0131s\u0131yla geleneksel \u00c7anakkale \u015eehitlerini Anma Etkinli\u011fi ger\u00e7ekle\u015ftirdi. T\u00fcrkiye\u2019den<\/p>\n","protected":false},"author":29,"featured_media":28634,"comment_status":"closed","ping_status":"closed","sticky":false,"template":"","format":"standard","meta":{"advanced_seo_description":"","jetpack_seo_html_title":"","jetpack_seo_noindex":false,"_jetpack_memberships_contains_paid_content":false,"footnotes":""},"categories":[1,10],"tags":[],"class_list":["post-28633","post","type-post","status-publish","format-standard","has-post-thumbnail","hentry","category-haberler","category-kultur-sanat"],"jetpack_featured_media_url":"https:\/\/i0.wp.com\/www.bghaber.org\/bghaber\/wp-content\/uploads\/2018\/03\/kircaalide-canakkale-sehitlerini-anma-etkinligi.jpg?fit=1024%2C768&ssl=1","jetpack_sharing_enabled":true,"jetpack_likes_enabled":true,"jetpack-related-posts":[],"jetpack_shortlink":"https:\/\/wp.me\/pc2PfJ-7rP","_links":{"self":[{"href":"https:\/\/www.bghaber.org\/bghaber\/wp-json\/wp\/v2\/posts\/28633","targetHints":{"allow":["GET"]}}],"collection":[{"href":"https:\/\/www.bghaber.org\/bghaber\/wp-json\/wp\/v2\/posts"}],"about":[{"href":"https:\/\/www.bghaber.org\/bghaber\/wp-json\/wp\/v2\/types\/post"}],"author":[{"embeddable":true,"href":"https:\/\/www.bghaber.org\/bghaber\/wp-json\/wp\/v2\/users\/29"}],"replies":[{"embeddable":true,"href":"https:\/\/www.bghaber.org\/bghaber\/wp-json\/wp\/v2\/comments?post=28633"}],"version-history":[{"count":0,"href":"https:\/\/www.bghaber.org\/bghaber\/wp-json\/wp\/v2\/posts\/28633\/revisions"}],"wp:featuredmedia":[{"embeddable":true,"href":"https:\/\/www.bghaber.org\/bghaber\/wp-json\/wp\/v2\/media\/28634"}],"wp:attachment":[{"href":"https:\/\/www.bghaber.org\/bghaber\/wp-json\/wp\/v2\/media?parent=28633"}],"wp:term":[{"taxonomy":"category","embeddable":true,"href":"https:\/\/www.bghaber.org\/bghaber\/wp-json\/wp\/v2\/categories?post=28633"},{"taxonomy":"post_tag","embeddable":true,"href":"https:\/\/www.bghaber.org\/bghaber\/wp-json\/wp\/v2\/tags?post=28633"}],"curies":[{"name":"wp","href":"https:\/\/api.w.org\/{rel}","templated":true}]}}