{"id":28447,"date":"2018-03-15T18:30:02","date_gmt":"2018-03-15T15:30:02","guid":{"rendered":"http:\/\/www.bghaber.org\/bghaber\/?p=28447"},"modified":"2019-07-05T00:21:37","modified_gmt":"2019-07-04T21:21:37","slug":"bulgaristanda-roman-kadinlarina-meslek-edindirecek","status":"publish","type":"post","link":"https:\/\/www.bghaber.org\/bghaber\/bulgaristanda-roman-kadinlarina-meslek-edindirecek\/","title":{"rendered":"Bulgaristan&#8217;da Roman kad\u0131nlar\u0131na meslek edindirecek"},"content":{"rendered":"<p>Razgrad \u015fehri, \u0130sperih Belediyesine ba\u011fl\u0131 Vazovo k\u00f6y\u00fc ve Byala Slatina kasabas\u0131ndan 16 ile 55 ya\u015f aras\u0131nda 600 Roman kad\u0131n\u0131na sosyal ile meslek beceriler kazand\u0131rmak \u00fczere bir yard\u0131m program\u0131 ba\u015fl\u0131yor. \u201cDezavantajl\u0131 Roman kad\u0131nlar\u0131n\u0131n daha etkin sosyal kat\u0131l\u0131m\u0131 i\u00e7in sosyal yenilikler\u201d projesi bu ama\u00e7la yola \u00e7\u0131karak, faaliyete ge\u00e7iyor.<\/p>\n<p>\u201c\u0130ntegro\u201d Derne\u011fi\u2019nden Kamen Makaveev projenin teknik boyutuyla ilgili bilgi verdi: 2017 y\u0131l\u0131 sonunda ba\u015flayan projeyi Razgrad\u2019dan \u201c\u0130ntegro\u201d adl\u0131 STK ve Almanya, Shtutgart \u201cAnne Merkezleri- (M\u0130NE) Uluslararas\u0131 Himaye A\u011f\u0131\u201d ortakl\u0131\u011f\u0131nda yap\u0131l\u0131yor. AB\u2019nin 2014- 2020 y\u0131l\u0131 \u0130nsan Kaynaklar\u0131 Geli\u015fimi adl\u0131 programa ba\u011fl\u0131 \u201c\u0130stihdam ve b\u00fcy\u00fcme i\u00e7in uluslar \u00f6tesi ve Tuna b\u00f6lgesi ortakl\u0131\u011f\u0131\u201d program\u0131 \u00e7er\u00e7evesinde ger\u00e7ekle\u015fiyor. 199 600 leval\u0131k mali yard\u0131m tamamen kar\u015f\u0131l\u0131ks\u0131z olarak sunuldu. Program bu y\u0131l sonuna kadar devam edecek.<\/p>\n<p>Kurulacak olan \u00fc\u00e7 Topluluk Merkezinde Roman kad\u0131nlar\u0131na sosyal ve mesleki beceriler kazand\u0131r\u0131lacak. Makaveev, Roman kad\u0131nlar\u0131n\u0131n yo\u011fun olarak ayr\u0131mc\u0131l\u0131\u011fa maruz kald\u0131klar\u0131 g\u00f6r\u00fc\u015f\u00fcn\u00fc payla\u015ft\u0131. Razgrad merkezinde kuaf\u00f6rl\u00fck kurslar\u0131 verilecek, di\u011fer iki merkezde ise Roman kad\u0131nlar\u0131na a\u015f\u00e7\u0131l\u0131k dersleri sunulacak. \u00dc\u00e7 merkeze de iki\u015fer ki\u015fi personel tayin edilecek, gereken ara\u00e7 gere\u00e7ler de sa\u011flanacak. Razgrad merkezli bu STK projeyi ger\u00e7ekle\u015ftirmek i\u00e7in Almanya\u2019daki STK\u2019lar\u0131n deneyiminden yararlan\u0131yor.<\/p>\n<p>Kamen Makaveev, devamla \u015funlar\u0131 de belirtti: \u201cAlman derne\u011fiyle bizi yak\u0131nla\u015ft\u0131ran \u00e7ok \u015fey var. Ayn\u0131 hedeflerimiz var, ikimiz de Roman kad\u0131nlar\u0131n\u0131n sosyal kat\u0131l\u0131m\u0131 i\u00e7in \u00e7aba sarf ediyoruz. Proje kapsam\u0131nda Bat\u0131 Avrupa\u2019da m\u00fcltecilere y\u00f6nelik sosyal entegrasyon merkezlerinin deneyimini de inceliyoruz\u201d.<\/p>\n<p>Programa Bulgaristan\u2019dan \u00fc\u00e7 yerle\u015fim yeri dahil edildi- Razgrad, Vazovo k\u00f6y\u00fc be Byala Slatina kasabas\u0131. Bu \u00fc\u00e7 yerden 200\u2019\u015fer kad\u0131n e\u011fitime kat\u0131lacak. Bunlar e\u011fitimsiz, \u00e7ocuklu, okumayan, i\u015fsiz olan veya ge\u00e7ici i\u015flerde \u00e7al\u0131\u015fan Roman kad\u0131nlar\u0131d\u0131r.<\/p><div id=\"bghab-2612212158\" class=\"bghab-icerik-icine bghab-entity-placement\"><script async src=\"\/\/pagead2.googlesyndication.com\/pagead\/js\/adsbygoogle.js?client=ca-pub-6203283170189293\" crossorigin=\"anonymous\"><\/script><ins class=\"adsbygoogle\" style=\"display:block; text-align:center;\" data-ad-client=\"ca-pub-6203283170189293\" \ndata-ad-slot=\"7303146466\" \ndata-ad-layout=\"in-article\"\ndata-ad-format=\"fluid\" data-full-width-responsive=\"true\"><\/ins>\n<script> \n(adsbygoogle = window.adsbygoogle || []).push({}); \n<\/script>\n<\/div>\n<p>\u201cTopluluk Merkezleri Mart sonunda faaliyete ge\u00e7ecek. Proje bittikten sonra ise bu merkezlerin belediyelerin finansman\u0131yla \u00e7al\u0131\u015fmaya devam etmesi ama\u00e7lan\u0131yor. \u201cBu sosyal yenilik\u00e7i y\u00f6ntemin yerel idare taraf\u0131ndan da kullan\u0131lmas\u0131 ve Roman kad\u0131nlar\u0131na has problemlerin \u00e7\u00f6z\u00fcm\u00fc ve sosyal entegrasyonundaki belediye hedeflerine dahil edilmesini istiyoruz\u201d dedi Kamen Makaveev.<\/p>\n<p>Razgrad ilinin Romanlar\u0131n 2012- 2020 Entegrasyon Stratejisine g\u00f6re \u00e7al\u0131\u015f\u0131r ya\u015f ve konumda olan Romanlar\u0131n say\u0131s\u0131 1392. Romanlar\u0131n %81.8\u2019i i\u015fsizdir. D\u00fc\u015f\u00fck e\u011fitim ve mesleki ihtisas bu i\u015fsizlik ve ekonomik d\u0131\u015flanman\u0131n ana nedeni olarak g\u00f6steriliyor. Kay\u0131t d\u0131\u015f\u0131 ekonomide \u00e7al\u0131\u015fanlar\u0131n say\u0131s\u0131 da y\u00fcksek ve bu ki\u015filer yo\u011fun olarak i\u015f aram\u0131yor, \u0130\u015f ve \u0130\u015f\u00e7i Bulma Kurumlar\u0131na kay\u0131tlar\u0131n\u0131 yapt\u0131rm\u0131yor. \u00c7al\u0131\u015fabilir ya\u015fta olan Romanlar\u0131n b\u00fcy\u00fck b\u00f6l\u00fcm\u00fc ise yurtd\u0131\u015f\u0131nda \u00e7al\u0131\u015f\u0131yor ve onlar\u0131n g\u00f6nderdikleri paralar genelde aileleri i\u00e7in temel ge\u00e7im kayna\u011f\u0131 oluyor.<\/p>\n<p>&nbsp;<\/p>\n<p>\u00c7eviri: Sevda D\u00fckkanc\u0131, BNR<\/p>\n<div id=\"bghab-4118170679\" class=\"bghab-yazi-altinda bghab-entity-placement\"><div class=\"bghab-adlabel\">Reklamlar<\/div><script async src=\"https:\/\/pagead2.googlesyndication.com\/pagead\/js\/adsbygoogle.js\"><\/script>\r\n<!-- bghaber-yaz\u0131-sonu -->\r\n<ins class=\"adsbygoogle\"\r\n     style=\"display:block\"\r\n     data-ad-client=\"ca-pub-6203283170189293\"\r\n     data-ad-slot=\"4222328180\"\r\n     data-ad-format=\"auto\"\r\n     data-full-width-responsive=\"true\"><\/ins>\r\n<script>\r\n     (adsbygoogle = window.adsbygoogle || []).push({});\r\n<\/script><\/div><br style=\"clear: both; display: block; float: none;\"\/>","protected":false},"excerpt":{"rendered":"<p>Razgrad \u015fehri, \u0130sperih Belediyesine ba\u011fl\u0131 Vazovo k\u00f6y\u00fc ve Byala Slatina kasabas\u0131ndan 16 ile 55 ya\u015f aras\u0131nda 600 Roman kad\u0131n\u0131na sosyal ile meslek beceriler kazand\u0131rmak \u00fczere<\/p>\n","protected":false},"author":29,"featured_media":28448,"comment_status":"closed","ping_status":"closed","sticky":false,"template":"","format":"standard","meta":{"advanced_seo_description":"","jetpack_seo_html_title":"","jetpack_seo_noindex":false,"_jetpack_memberships_contains_paid_content":false,"footnotes":""},"categories":[5],"tags":[],"class_list":["post-28447","post","type-post","status-publish","format-standard","has-post-thumbnail","hentry","category-yasam"],"jetpack_featured_media_url":"https:\/\/i0.wp.com\/www.bghaber.org\/bghaber\/wp-content\/uploads\/2018\/03\/roman-kadinlara-meslek.jpg?fit=850%2C478&ssl=1","jetpack_sharing_enabled":true,"jetpack_likes_enabled":true,"jetpack-related-posts":[],"jetpack_shortlink":"https:\/\/wp.me\/pc2PfJ-7oP","_links":{"self":[{"href":"https:\/\/www.bghaber.org\/bghaber\/wp-json\/wp\/v2\/posts\/28447","targetHints":{"allow":["GET"]}}],"collection":[{"href":"https:\/\/www.bghaber.org\/bghaber\/wp-json\/wp\/v2\/posts"}],"about":[{"href":"https:\/\/www.bghaber.org\/bghaber\/wp-json\/wp\/v2\/types\/post"}],"author":[{"embeddable":true,"href":"https:\/\/www.bghaber.org\/bghaber\/wp-json\/wp\/v2\/users\/29"}],"replies":[{"embeddable":true,"href":"https:\/\/www.bghaber.org\/bghaber\/wp-json\/wp\/v2\/comments?post=28447"}],"version-history":[{"count":0,"href":"https:\/\/www.bghaber.org\/bghaber\/wp-json\/wp\/v2\/posts\/28447\/revisions"}],"wp:featuredmedia":[{"embeddable":true,"href":"https:\/\/www.bghaber.org\/bghaber\/wp-json\/wp\/v2\/media\/28448"}],"wp:attachment":[{"href":"https:\/\/www.bghaber.org\/bghaber\/wp-json\/wp\/v2\/media?parent=28447"}],"wp:term":[{"taxonomy":"category","embeddable":true,"href":"https:\/\/www.bghaber.org\/bghaber\/wp-json\/wp\/v2\/categories?post=28447"},{"taxonomy":"post_tag","embeddable":true,"href":"https:\/\/www.bghaber.org\/bghaber\/wp-json\/wp\/v2\/tags?post=28447"}],"curies":[{"name":"wp","href":"https:\/\/api.w.org\/{rel}","templated":true}]}}