{"id":28442,"date":"2018-03-15T14:05:06","date_gmt":"2018-03-15T11:05:06","guid":{"rendered":"http:\/\/www.bghaber.org\/bghaber\/?p=28442"},"modified":"2018-03-15T14:05:06","modified_gmt":"2018-03-15T11:05:06","slug":"okul-zilleri-turkce-calmali","status":"publish","type":"post","link":"https:\/\/www.bghaber.org\/bghaber\/okul-zilleri-turkce-calmali\/","title":{"rendered":"Okul Zilleri T\u00fcrk\u00e7e \u00c7almal\u0131"},"content":{"rendered":"<p>\u0130brahim SOYT\u00dcRK<\/p>\n<p>Tarih: 15 Mart 2018<\/p>\n<p>Konu: <strong>K\u0131rcaali\u2019de \u201cT\u00fcrk Ya\u015f\u0131yor\u201d demek yeterli de\u011fildir.<\/strong><\/p>\n<p>Biz art\u0131k kendimizden utan\u0131r duruma geldik. \u015eu Avrupa\u2019n\u0131n en fakir, en paras\u0131z, i\u015fi g\u00fcc\u00fc olmayan, \u00e7ocuklar\u0131 okula gitmeyen, gitseler anadilde \u00f6\u011fretmenleri olmayan, anaokullar\u0131nda \u00e7ocu\u011fumuz \u201c<strong>\u00e7i\u015f<\/strong>\u201d, \u201c<strong>su<\/strong>\u201d, \u201c<strong>ac\u0131m<\/strong>\u201d dedi\u011finde \u00f6\u011fretmenin b\u00f6n b\u00f6n bakt\u0131\u011f\u0131 bir \u00fclke olduk. Bu sabah gazetelere bakt\u0131m, Avrupa\u2019da \u00f6l\u00fcm oran\u0131 en fazla olan \u00fclke de bizmi\u015fiz. \u00d6lelim de biz de kurtulal\u0131m, onlarda kurtulsun deyenlerimiz her ge\u00e7en g\u00fcnle art\u0131yor. Ya\u015famaktan nefret eder duruma geldik.<\/p>\n<p>\u201c<strong>\u0130ki taraf\u0131 da boklu bir de\u011fnek<\/strong>\u201d dedi\u011fimiz hayat\u0131 de\u011fi\u015ftirmek i\u00e7in1989 May\u0131s\u0131nda ayakland\u0131k. Hapislerin kap\u0131s\u0131n\u0131 kopard\u0131k. Tanklar\u0131n \u00fczerine \u00e7\u0131kt\u0131k. Bulgar devletinin bize hi\u00e7bir \u015fey vermek niyetinde olmad\u0131\u011f\u0131n\u0131, verecek bir \u015feyi de olmad\u0131\u011f\u0131n\u0131 sezince boh\u00e7alar\u0131m\u0131z\u0131 s\u0131kt\u0131k ve g\u00f6\u00e7 ettik. Ama arkam\u0131zda kalanlar var. Bulgar devletiyle birlikte onlar da bat\u0131yor bug\u00fcn. Ak\u015fam Bulgar TV a\u00e7\u0131nca ve makyajl\u0131 s\u00f6zc\u00fcleri, kravatl\u0131 gen\u00e7leri g\u00f6rd\u00fc\u011f\u00fcmde, hele de g\u00f6beklerini ta\u015f\u0131makta zorlanan siyaset\u00e7ileri g\u00f6rd\u00fc\u011f\u00fcmde kendimden utan\u0131yorum. Kafama dank deyen hep, \u201c<strong>ya bunlar\u0131 besleyen biziz<\/strong>\u201d, \u201c<strong>kuyumuzu kazanlar\u0131 besliyoruz<\/strong>\u201d fikri oluyor ve \u00e7\u0131ld\u0131raca\u011f\u0131m. Yalan s\u00f6ylediklerini bile bile dinliyorum onlar\u0131 ve \u00f6fkemi kendimden, kar\u0131mdan, \u00e7ocuklar\u0131mdan \u00e7\u0131kar\u0131yorum. \u201c<strong>Bu ne bahts\u0131z bir kader<\/strong>\u201d deyim kendi ellerimle kendi yakama yap\u0131\u015f\u0131yorum.<\/p><div id=\"bghab-452590723\" class=\"bghab-icerik-icine bghab-entity-placement\"><script async src=\"\/\/pagead2.googlesyndication.com\/pagead\/js\/adsbygoogle.js?client=ca-pub-6203283170189293\" crossorigin=\"anonymous\"><\/script><ins class=\"adsbygoogle\" style=\"display:block; text-align:center;\" data-ad-client=\"ca-pub-6203283170189293\" \ndata-ad-slot=\"7303146466\" \ndata-ad-layout=\"in-article\"\ndata-ad-format=\"fluid\" data-full-width-responsive=\"true\"><\/ins>\n<script> \n(adsbygoogle = window.adsbygoogle || []).push({}); \n<\/script>\n<\/div>\n<p>Hayat bize fakl\u0131 diller konu\u015fan, farkl\u0131 dinleri olan, farkl\u0131 ya\u015fam tarz\u0131 olan, farkl\u0131 aile d\u00fczeni ve farkl\u0131 hayat anlay\u0131\u015f\u0131 olan insanlar\u0131n ancak kamu ortam\u0131nda, genel ge\u00e7erli kurallar \u00e7er\u00e7evesi i\u00e7inde sokakta, meydanda, kamu etkinliklerinde uyum sa\u011flayabildiklerini ve bunun ancak yasalar\u0131n \u00fcst\u00fcnl\u00fc\u011f\u00fcnde ve ge\u00e7erli\u011fi oldu\u011fu yerde olanakl\u0131 oldu\u011funu her g\u00fcn g\u00f6steriyor.<\/p>\n<p>Evet, art\u0131k Bulgar devletinin bize ilgi g\u00f6stermek istemedi\u011fini, bizim i\u00e7in yat\u0131r\u0131m yapmak istemedi\u011fini, T\u00fcrk\u00e7e derslerinin normal okul saatleri i\u00e7inde bile olmas\u0131na tahamm\u00fcl edemez duruma geldi\u011fini, bizden rahats\u0131zland\u0131\u011f\u0131n\u0131 g\u00f6r\u00fcyoruz, buna inand\u0131k. Fakat son y\u0131llarda b\u00fcy\u00fck bir sahtek\u00e2rl\u0131k da ba\u015flam\u0131\u015f bulunuyor. Bulgaristan\u2019da ya\u015fayan n\u00fcfusun en dinamik kesimi olan Romen ve M\u00fcsl\u00fcman \u00c7ingene n\u00fcfus devletin t\u00fcm kurumlar\u0131n\u0131 tamamen reddediyor. Davalar\u0131n\u0131 kendi aralar\u0131nda, me\u015ferelerde (\u00c7ingene mahkemelerinde) \u00e7\u00f6z\u00fcyor, evlilikler Kiliselerde veya M\u00fcft\u00fcl\u00fcklerde yap\u0131l\u0131yor, evden \u00e7\u0131k\u0131p okula gitmeyen \u00e7ocuklar g\u00fcn\u00fc mahalle aras\u0131nda sokaklarda ge\u00e7iriyor. Hemen hemen yar\u0131s\u0131 Bulgar okulunu tamamen kabul etmiyor. Okula gitmiyorlar, gitseler bile Bulgar \u00e7ocuklar\u0131 onlarla ayn\u0131 s\u0131rada oturmak, ayn\u0131 dersi g\u00f6rmek istemiyorlar. Bulgar devletinin e\u011fitim sistemiyle dayatt\u0131\u011f\u0131 de\u011ferler sistemi galk ve \u00f6zellikle de gen\u00e7 ku\u015fak taraf\u0131ndan kabul edilmiyor. \u00c7ingene dili yaln\u0131z mahallelerde ve kapal\u0131 ya\u015fam s\u00fcrmeye zorlanan gettolarda de\u011fil,, sokakta, otob\u00fcste, troley ve tramvayda, kamu ya\u015fam\u0131n\u0131n kesi\u015fti\u011fi yerde tamamen hakim durumdad\u0131r. \u0130\u015fsiz, mals\u0131z m\u00fclks\u00fcz ve a\u00e7 \u00c7ingene kitlesi yasalar\u0131n \u00fcst\u00fcnl\u00fc\u011f\u00fcn\u00fc, \u00f6zel m\u00fclkiyetin dokunulmazl\u0131\u011f\u0131n\u0131 ve ba\u015fka kanun ve kurallar\u0131 tan\u0131m\u0131yor. Buna kar\u015f\u0131 koymak isteyen ve Bulgar k\u00f6ylerini koruma yollar\u0131 arayan Bulgar devleti ise, Bulgar k\u00f6ylerinin, Bulgar k\u0131r m\u00fclk\u00fcn\u00fcn ve evlerinin korunmas\u0131 i\u015flerinin \u00f6zel koruma \u015firketlerine devretmeyi ve bunu yasayla d\u00fczenlemeyi tart\u0131\u015f\u0131yor. Halen Bulgaristan\u2019da tescilli 100 bin koruma \u015firketi var. Bunlar\u0131n her birinde kay\u0131tl\u0131 5 ki\u015fi olsa, silahl\u0131, me\u015fru koruyucular\u0131n say\u0131s\u0131 500\u00a0000 (be\u015f y\u00fcz) bin ki\u015fidir. Bu memlekette hi\u00e7bir kimse i\u015fine bakmad\u0131\u011f\u0131 gibi onlarda i\u015fine bakm\u0131yor ve batakl\u0131k yay\u0131lmaya devam ediyor. Bu durumun bir ba\u015fka anlam\u0131 da var. Eli sopal\u0131, beli silahl\u0131, \u00e7enesi k\u00fcf\u00fcrl\u00fc Bulgar \u201cbek\u00e7i s\u00fcr\u00fcs\u00fc\u201d yeni kanunlarda k\u0131rsal alandaki duruma hakim olur ve zulm\u00fc artt\u0131r\u0131rsa, a\u00e7lar ve sefiller, s\u00fcr\u00fcnmek ve yetersizlikten \u00f6lmek istemeyenler ayakland\u0131\u011f\u0131nda kar\u015f\u0131lar\u0131nda kimi bulacak? Bu i\u015fleri yasal olarak \u00fcstlenen h\u0131rs\u0131 k\u00f6p\u00fcrm\u00fc\u015f sopac\u0131lar\u0131 m\u0131, yoksa onlar\u0131 arkalayan devleti mi? \u00dczerinde d\u00fc\u015f\u00fcn\u00fclmesi gereken sorun budur. Bulgar devletinde en ilkel, en ka\u00e7\u0131n\u0131lmaz ve ertelenmez insan haklar\u0131 i\u00e7in, isimleri ve ibadet haklar\u0131 u\u011fruna \u015fehit d\u00fc\u015fenlerin hi\u00e7 birisi bulunmad\u0131 ve tutuklan\u0131p, yarg\u0131lanmad\u0131. G\u00f6z\u00fc ve ruhu kanl\u0131 yeni \u201cbek\u00e7i\u201d g\u00fc\u00e7ler devlet korumas\u0131nda kald\u0131k\u00e7a, bu memlekette adalet sa\u011flanamaz, adalet ve demokrasiden, insan haklar\u0131ndan, sivil toplumda insanlar\u0131n e\u015fitli\u011finden vb s\u00f6z edilemez.<\/p>\n<p><strong>T\u00fcrklerin en ilkel haklar\u0131 da verilmiyor.<\/strong><\/p>\n<p>Bu hak bizin anadilimizi okullar\u0131m\u0131zda \u00f6\u011frenme hakk\u0131m\u0131zd\u0131r. 1878\u2019de Bulgar devleti kuruldu\u011fu g\u00fcn bizim 2\u00a0700 (iki bin yedi y\u00fcz) okulumuz vard\u0131.\u00a0 <strong>60 y\u0131ldan beri hi\u00e7bir k\u00f6yde<\/strong> ve kasabada anadilimizde ders veren, kadro yeti\u015ftiren, k\u00fclt\u00fcr yaratan bir tek e\u011fitim oca\u011f\u0131m\u0131z yok. Bu durum hemen \u00e7\u00f6z\u00fclmelidir.<\/p>\n<p>***<\/p><div id=\"bghab-1704222425\" class=\"bghab-icerik-icine-10-paragraf bghab-entity-placement\"><script async src=\"\/\/pagead2.googlesyndication.com\/pagead\/js\/adsbygoogle.js?client=ca-pub-6203283170189293\" crossorigin=\"anonymous\"><\/script><ins class=\"adsbygoogle\" style=\"display:block; text-align:center;\" data-ad-client=\"ca-pub-6203283170189293\" \ndata-ad-slot=\"7303146466\" \ndata-ad-layout=\"in-article\"\ndata-ad-format=\"fluid\" data-full-width-responsive=\"true\"><\/ins>\n<script> \n(adsbygoogle = window.adsbygoogle || []).push({}); \n<\/script>\n<\/div>\n<p>Say\u0131n Recep Tayyib Erdo\u011fan\u2019\u0131n Sakarya\u2019da kalabal\u0131k g\u00f6\u00e7men kitlesi \u00f6n\u00fcnde \u201c<strong>Bizim Balkanlarda g\u00f6n\u00fcl ba\u011flar\u0131m\u0131z var, karde\u015flerimiz orada ya\u015f\u0131yor<\/strong>\u201d mesaj\u0131ndan sonra, Bulgaristan Ba\u015fbakan\u0131 Boyko Borisov, son 28 y\u0131lda ilk defa olmak \u00fczere, \u201c<strong>K\u0131rcaali\u2019de T\u00fcrkler ya\u015f\u0131yor<\/strong>.\u201d Demesi Bulgaristan\u2019da deprem etkisi yaratt\u0131. Bu defa \u201c<strong>onlar \u0130slamla\u015ft\u0131r\u0131lm\u0131\u015f Bulgarlar<\/strong>\u201d demeye cesaret bulamasalar da, a\u015f\u0131r\u0131 milliyet\u00e7i kesim i\u00e7ten i\u00e7e k\u00f6p\u00fcrd\u00fc.<\/p>\n<p>E\u011fitim ve Bilim Bakan\u0131 Krasimir V\u0131l\u00e7ev solu\u011fu K\u0131rcaali Belediyesinde ald\u0131. G\u00f6r\u00fc\u015fmeye K\u0131rcaali Belediye Ba\u015fkan\u0131 m\u00fchendis Hasan Aziz, E\u011firi Dere (Ardino) Belediye Ba\u015fkan\u0131 Resmi Murad, Mastanl\u0131 (Mom\u00e7igrad) Belediye Ba\u015fkan\u0131 Sunay Hasan, Karag\u00f6zler (\u00c7ernoo\u00e7ene) Belediye Ba\u015fkan\u0131 Ayd\u0131n Osman, Ko\u015fukavak (Krumovgrad) Belediye Ba\u015fkan\u0131 Sebihan Mehmet, Kirkovo Belediye Ba\u015fkan\u0131 \u015einasi S\u00fcleyman, Cebel Belediye Ba\u015fkan Yard\u0131mc\u0131s\u0131 H\u00fcseyin Mustafa ile Hak ve \u00d6zg\u00fcrl\u00fckler Partisi (DPS) milletvekillerinden Erol Mehmet ve eski E\u011fitim Bakan\u0131 Yard\u0131mc\u0131s\u0131 ve DPS milletvekili Mukaddes Nalbant kat\u0131ld\u0131lar.<\/p>\n<p>G\u00f6r\u00fc\u015f\u00fclen ana konu ve belediye ba\u015fkanlar\u0131n\u0131n son derece ciddi bir \u015fekilde ortaya koyduklar\u0131 mesele, anadilimiz olan T\u00fcrk dilinin Bulgaristan okullar\u0131nda zorunlu bir dil olarak okul programlar\u0131na al\u0131nmas\u0131 ve iyi sonu\u00e7 verecek bir \u015fekilde okutulmas\u0131 ve buna gerekli olan t\u00fcm ko\u015fullar\u0131n olu\u015fturulmas\u0131yd\u0131. Belediye ba\u015fkanlar\u0131, devlet ve E\u011fitim ve Bilim Bakanl\u0131\u011f\u0131\u00a0 taraf\u0131ndan bu konunun k\u00fc\u00e7\u00fcmsenmesi ve gerekli \u00f6nemin verilmemesi, sa\u011flanmas\u0131 ka\u00e7\u0131n\u0131lmaz ko\u015ful ve ortam\u0131n\u0131n yarat\u0131lmad\u0131\u011f\u0131ndan dolay\u0131 son 25 y\u0131lda Bulgaristan\u2019da T\u00fcrk dili e\u011fitiminin \u00e7ok k\u00f6t\u00fc sonu\u00e7lar verdi\u011fine vurgu yapt\u0131lar. T\u00fcrk\u00e7e \u00f6\u011frenimini engelleyen nedenlerin ba\u015f\u0131nda yasal s\u0131n\u0131rlama ve engellemelerin bulundu\u011fu vurguland\u0131.\u00a0 1992 \u2013 1993 ders y\u0131l\u0131nda Bulgaristan\u2019da 114\u00a0000 (y\u00fcz on d\u00f6rt bin) T\u00fcrk \u00f6\u011frenci anadilini okuyordu. Bug\u00fcn Bulgaristan okullar\u0131nda anadil e\u011fitimi alan T\u00fcrk \u00e7ocuklar\u0131n\u0131n say\u0131s\u0131 20 defa azalm\u0131\u015f ve 6\u00a0000 (alt\u0131 bine) d\u00fc\u015fm\u00fc\u015ft\u00fcr. Belediye Ba\u015fkan\u0131 Hasan Aziz, T\u00fcrk\u00e7emizi \u00f6\u011frenmemizi engelleyen problemlere yaln\u0131z K\u0131rcaali ilinde de\u011fil, T\u00fcrklerin ya\u015fad\u0131\u011f\u0131 b\u00fct\u00fcn k\u00f6y ve kasabalar\u0131m\u0131zda rastl\u0131yoruz ve onlar her y\u0131l biraz daha \u015fiddetleniyor, dedi.<\/p>\n<p>Belediye Ba\u015fkanlar\u0131, Bakana hitaben konu\u015fmalar\u0131nda \u201cT\u00fcrk dilinin se\u00e7meli ders olmaktan \u00e7\u0131kar\u0131lmas\u0131n\u0131\u201d ve okul programlar\u0131na zorunlu ders olarak al\u0131nmas\u0131n\u0131 istediler. Gerekli niteliklere sahip T\u00fcrk dili \u00f6\u011fretmenleri atanmas\u0131nda \u0131srar ettiler. Okul kitaplar\u0131 ve ek ve yard\u0131mc\u0131 kitaplar bas\u0131lmas\u0131n\u0131 ve \u00f6\u011frencilere da\u011f\u0131t\u0131lmas\u0131n\u0131 \u00f6nerdiler.\u00a0 T\u00fcrk dili kitaplar\u0131n\u0131n son bas\u0131m\u0131 1992\u2019de yap\u0131lm\u0131\u015ft\u0131r. Bulgar meclisinde 18 y\u0131l E\u011fitim ve \u00d6\u011fretim Komisyonu ba\u015fkan\u0131 ve \u00fcyesi olan DOST partisi lideri L. Mestan\u00a0 bu s\u00fcrede 1 tek T\u00fcrk\u00e7e kitap bas\u0131lmas\u0131na yard\u0131mc\u0131 olmam\u0131\u015ft\u0131r. Ayn\u0131 ger\u00e7ek H\u00d6H fahri lideri Ahmet Do\u011fan ve Kasim Dal i\u00e7in de s\u00f6ylenebilir.<\/p>\n<p>E\u011fitim ve Bilim Bakan\u0131 ile T\u00fcrk Belediye Bakanlar\u0131 aras\u0131ndaki K\u0131rcaali g\u00f6r\u00fc\u015fmesinde, Belediyelerde T\u00fcrk Dili e\u011fitimi denet\u00e7isi g\u00f6revine atamalar yap\u0131lmas\u0131 talep edilmi\u015ftir. T\u00fcrklerin ya\u015fad\u0131\u011f\u0131 28 belediyenin hi\u00e7 birinde T\u00fcrk dili m\u00fcfetti\u015fi olmad\u0131\u011f\u0131na dikkat \u00e7ekilmi\u015ftir.<\/p><div id=\"bghab-1710278965\" class=\"bghab-icerik-icine-15-paragraf bghab-entity-placement\"><script async src=\"\/\/pagead2.googlesyndication.com\/pagead\/js\/adsbygoogle.js?client=ca-pub-6203283170189293\" crossorigin=\"anonymous\"><\/script><ins class=\"adsbygoogle\" style=\"display:block; text-align:center;\" data-ad-client=\"ca-pub-6203283170189293\" \ndata-ad-slot=\"7303146466\" \ndata-ad-layout=\"in-article\"\ndata-ad-format=\"fluid\" data-full-width-responsive=\"true\"><\/ins>\n<script> \n(adsbygoogle = window.adsbygoogle || []).push({}); \n<\/script>\n<\/div>\n<p>G\u00f6r\u00fc\u015fmede, yerli sosyal ve ekonomik ya\u015fam\u0131n ihtiya\u00e7lar\u0131 dikkate al\u0131narak okul programlar\u0131n\u0131n yenilenmesi de ele al\u0131nm\u0131\u015ft\u0131r.<\/p>\n<p>Sanki t\u00fcm sorunlar\u0131m\u0131z aileden, anaokullar\u0131m\u0131z\u0131n kapal\u0131 olmas\u0131ndan, biz T\u00fcrklere ba\u015fka bir kimlik dayat\u0131lmak istenmesinden, anadilimizin k\u00f6k\u00fcn\u00fcn belle\u011fimizden kaz\u0131nmas\u0131na \u00e7al\u0131\u015f\u0131lmas\u0131ndan kaynaklan\u0131yor. 28 y\u0131l sonra K\u0131rcaali ili Belediye Ba\u015fkanlar\u0131n\u0131n tek a\u011f\u0131zdan sorunlar\u0131 g\u00fcndeme getirmesi yeni bir ba\u015flang\u0131ca vesile olaca\u011f\u0131na inan\u0131yoruz. Hay\u0131rl\u0131 olsun.<\/p>\n<div id=\"bghab-1426257994\" class=\"bghab-yazi-altinda bghab-entity-placement\"><div class=\"bghab-adlabel\">Reklamlar<\/div><script async src=\"https:\/\/pagead2.googlesyndication.com\/pagead\/js\/adsbygoogle.js\"><\/script>\r\n<!-- bghaber-yaz\u0131-sonu -->\r\n<ins class=\"adsbygoogle\"\r\n     style=\"display:block\"\r\n     data-ad-client=\"ca-pub-6203283170189293\"\r\n     data-ad-slot=\"4222328180\"\r\n     data-ad-format=\"auto\"\r\n     data-full-width-responsive=\"true\"><\/ins>\r\n<script>\r\n     (adsbygoogle = window.adsbygoogle || []).push({});\r\n<\/script><\/div><br style=\"clear: both; display: block; float: none;\"\/>","protected":false},"excerpt":{"rendered":"<p>\u0130brahim SOYT\u00dcRK Tarih: 15 Mart 2018 Konu: K\u0131rcaali\u2019de \u201cT\u00fcrk Ya\u015f\u0131yor\u201d demek yeterli de\u011fildir. Biz art\u0131k kendimizden utan\u0131r duruma geldik. \u015eu Avrupa\u2019n\u0131n en fakir, en paras\u0131z,<\/p>\n","protected":false},"author":13,"featured_media":15883,"comment_status":"closed","ping_status":"closed","sticky":false,"template":"","format":"standard","meta":{"advanced_seo_description":"","jetpack_seo_html_title":"","jetpack_seo_noindex":false,"_jetpack_memberships_contains_paid_content":false,"footnotes":""},"categories":[6],"tags":[],"class_list":["post-28442","post","type-post","status-publish","format-standard","has-post-thumbnail","hentry","category-yorum"],"jetpack_featured_media_url":"https:\/\/i0.wp.com\/www.bghaber.org\/bghaber\/wp-content\/uploads\/2015\/08\/ibo-soyt.jpg?fit=426%2C492&ssl=1","jetpack_sharing_enabled":true,"jetpack_likes_enabled":true,"jetpack-related-posts":[],"jetpack_shortlink":"https:\/\/wp.me\/pc2PfJ-7oK","_links":{"self":[{"href":"https:\/\/www.bghaber.org\/bghaber\/wp-json\/wp\/v2\/posts\/28442","targetHints":{"allow":["GET"]}}],"collection":[{"href":"https:\/\/www.bghaber.org\/bghaber\/wp-json\/wp\/v2\/posts"}],"about":[{"href":"https:\/\/www.bghaber.org\/bghaber\/wp-json\/wp\/v2\/types\/post"}],"author":[{"embeddable":true,"href":"https:\/\/www.bghaber.org\/bghaber\/wp-json\/wp\/v2\/users\/13"}],"replies":[{"embeddable":true,"href":"https:\/\/www.bghaber.org\/bghaber\/wp-json\/wp\/v2\/comments?post=28442"}],"version-history":[{"count":0,"href":"https:\/\/www.bghaber.org\/bghaber\/wp-json\/wp\/v2\/posts\/28442\/revisions"}],"wp:featuredmedia":[{"embeddable":true,"href":"https:\/\/www.bghaber.org\/bghaber\/wp-json\/wp\/v2\/media\/15883"}],"wp:attachment":[{"href":"https:\/\/www.bghaber.org\/bghaber\/wp-json\/wp\/v2\/media?parent=28442"}],"wp:term":[{"taxonomy":"category","embeddable":true,"href":"https:\/\/www.bghaber.org\/bghaber\/wp-json\/wp\/v2\/categories?post=28442"},{"taxonomy":"post_tag","embeddable":true,"href":"https:\/\/www.bghaber.org\/bghaber\/wp-json\/wp\/v2\/tags?post=28442"}],"curies":[{"name":"wp","href":"https:\/\/api.w.org\/{rel}","templated":true}]}}