{"id":28441,"date":"2018-03-15T14:04:47","date_gmt":"2018-03-15T11:04:47","guid":{"rendered":"http:\/\/www.bghaber.org\/bghaber\/?p=28441"},"modified":"2019-07-05T00:21:50","modified_gmt":"2019-07-04T21:21:50","slug":"avusturya-basbakani-bulgaristanda","status":"publish","type":"post","link":"https:\/\/www.bghaber.org\/bghaber\/avusturya-basbakani-bulgaristanda\/","title":{"rendered":"Avusturya Ba\u015fbakan\u0131 Bulgaristan&#8217;da&#8230;"},"content":{"rendered":"<p>Avusturya Ba\u015fbakan\u0131 Sebastian Kurz, Ba\u015fbakan Boyko Borisov ile g\u00f6r\u00fc\u015fmek i\u00e7in Bulgaristan&#8217;a geliyor.<\/p>\n<p>BNR&#8217;nin sitesinde yay\u0131nlanan habere g\u00f6re g\u00f6r\u00fc\u015fmenin konusu AB kapsam\u0131nda ikili ili\u015fkiler ve i\u015fbirli\u011fini derinle\u015ftirme imkanlar\u0131 olacakt\u0131r.<\/p>\n<p>AB Konseyi, Bulgaristan ve Avusturya d\u00f6nem ba\u015fkanl\u0131klar\u0131 aras\u0131ndaki devaml\u0131l\u0131\u011fa a\u011f\u0131rl\u0131k verilmesini istiyor.<\/p>\n<p>&nbsp;<\/p>\n<p>BG Haber<\/p><div id=\"bghab-3248747505\" class=\"bghab-icerik-icine bghab-entity-placement\"><script async src=\"\/\/pagead2.googlesyndication.com\/pagead\/js\/adsbygoogle.js?client=ca-pub-6203283170189293\" crossorigin=\"anonymous\"><\/script><ins class=\"adsbygoogle\" style=\"display:block; text-align:center;\" data-ad-client=\"ca-pub-6203283170189293\" \ndata-ad-slot=\"7303146466\" \ndata-ad-layout=\"in-article\"\ndata-ad-format=\"fluid\" data-full-width-responsive=\"true\"><\/ins>\n<script> \n(adsbygoogle = window.adsbygoogle || []).push({}); \n<\/script>\n<\/div>\n<div id=\"bghab-541570411\" class=\"bghab-yazi-altinda bghab-entity-placement\"><div class=\"bghab-adlabel\">Reklamlar<\/div><script async src=\"https:\/\/pagead2.googlesyndication.com\/pagead\/js\/adsbygoogle.js\"><\/script>\r\n<!-- bghaber-yaz\u0131-sonu -->\r\n<ins class=\"adsbygoogle\"\r\n     style=\"display:block\"\r\n     data-ad-client=\"ca-pub-6203283170189293\"\r\n     data-ad-slot=\"4222328180\"\r\n     data-ad-format=\"auto\"\r\n     data-full-width-responsive=\"true\"><\/ins>\r\n<script>\r\n     (adsbygoogle = window.adsbygoogle || []).push({});\r\n<\/script><\/div><br style=\"clear: both; display: block; float: none;\"\/>","protected":false},"excerpt":{"rendered":"<p>Avusturya Ba\u015fbakan\u0131 Sebastian Kurz, Ba\u015fbakan Boyko Borisov ile g\u00f6r\u00fc\u015fmek i\u00e7in Bulgaristan&#8217;a geliyor. BNR&#8217;nin sitesinde yay\u0131nlanan habere g\u00f6re g\u00f6r\u00fc\u015fmenin konusu AB kapsam\u0131nda ikili ili\u015fkiler ve i\u015fbirli\u011fini<\/p>\n","protected":false},"author":29,"featured_media":27432,"comment_status":"closed","ping_status":"closed","sticky":false,"template":"","format":"standard","meta":{"advanced_seo_description":"","jetpack_seo_html_title":"","jetpack_seo_noindex":false,"_jetpack_memberships_contains_paid_content":false,"footnotes":""},"categories":[1,4],"tags":[],"class_list":["post-28441","post","type-post","status-publish","format-standard","has-post-thumbnail","hentry","category-haberler","category-siyaset"],"jetpack_featured_media_url":"https:\/\/i0.wp.com\/www.bghaber.org\/bghaber\/wp-content\/uploads\/2018\/02\/Avusturya-Ba%C5%9Fbakan%C4%B1-Sebastian-Kurz.jpg?fit=1843%2C1037&ssl=1","jetpack_sharing_enabled":true,"jetpack_likes_enabled":true,"jetpack-related-posts":[],"jetpack_shortlink":"https:\/\/wp.me\/pc2PfJ-7oJ","_links":{"self":[{"href":"https:\/\/www.bghaber.org\/bghaber\/wp-json\/wp\/v2\/posts\/28441","targetHints":{"allow":["GET"]}}],"collection":[{"href":"https:\/\/www.bghaber.org\/bghaber\/wp-json\/wp\/v2\/posts"}],"about":[{"href":"https:\/\/www.bghaber.org\/bghaber\/wp-json\/wp\/v2\/types\/post"}],"author":[{"embeddable":true,"href":"https:\/\/www.bghaber.org\/bghaber\/wp-json\/wp\/v2\/users\/29"}],"replies":[{"embeddable":true,"href":"https:\/\/www.bghaber.org\/bghaber\/wp-json\/wp\/v2\/comments?post=28441"}],"version-history":[{"count":0,"href":"https:\/\/www.bghaber.org\/bghaber\/wp-json\/wp\/v2\/posts\/28441\/revisions"}],"wp:featuredmedia":[{"embeddable":true,"href":"https:\/\/www.bghaber.org\/bghaber\/wp-json\/wp\/v2\/media\/27432"}],"wp:attachment":[{"href":"https:\/\/www.bghaber.org\/bghaber\/wp-json\/wp\/v2\/media?parent=28441"}],"wp:term":[{"taxonomy":"category","embeddable":true,"href":"https:\/\/www.bghaber.org\/bghaber\/wp-json\/wp\/v2\/categories?post=28441"},{"taxonomy":"post_tag","embeddable":true,"href":"https:\/\/www.bghaber.org\/bghaber\/wp-json\/wp\/v2\/tags?post=28441"}],"curies":[{"name":"wp","href":"https:\/\/api.w.org\/{rel}","templated":true}]}}