{"id":28434,"date":"2018-03-15T18:00:42","date_gmt":"2018-03-15T15:00:42","guid":{"rendered":"http:\/\/www.bghaber.org\/bghaber\/?p=28434"},"modified":"2019-07-05T00:21:37","modified_gmt":"2019-07-04T21:21:37","slug":"bulgaristanda-barajlarin-yonetimi-hukumete-devredilecek","status":"publish","type":"post","link":"https:\/\/www.bghaber.org\/bghaber\/bulgaristanda-barajlarin-yonetimi-hukumete-devredilecek\/","title":{"rendered":"Bulgaristan&#8217;da barajlar\u0131n y\u00f6netimi h\u00fck\u00fcmete devredilecek"},"content":{"rendered":"<p>H\u00fck\u00fcmet belediyelerin bak\u0131m\u0131n\u0131 yapamad\u0131\u011f\u0131 barajlar\u0131n y\u00f6netiminin ticari i\u015fletme taraf\u0131ndan \u00fcstlenmesini \u00f6neriyor.<\/p>\n<p>Bak\u0131m paralar\u0131n\u0131n bir b\u00f6l\u00fcm\u00fc devlet b\u00fct\u00e7esinden sa\u011flanacak.\u00a0Yasa de\u011fi\u015fiklikleri barajlar\u0131n kategorize edilmesini i\u00e7erecek.<\/p>\n<p>Ekonomi Bakan\u0131 Emil Karanikolov baraj sahipleri ve i\u015fletmecilerin zorunlu olarak acil durum plan\u0131 haz\u0131rlamalar\u0131 gerekecek. Bulgaristan\u2019da 4 500\u2019den fazla belediye baraj\u0131 var.<\/p>\n<p>&nbsp;<\/p>\n<p>BNR<\/p><div id=\"bghab-2430947810\" class=\"bghab-icerik-icine bghab-entity-placement\"><script async src=\"\/\/pagead2.googlesyndication.com\/pagead\/js\/adsbygoogle.js?client=ca-pub-6203283170189293\" crossorigin=\"anonymous\"><\/script><ins class=\"adsbygoogle\" style=\"display:block; text-align:center;\" data-ad-client=\"ca-pub-6203283170189293\" \ndata-ad-slot=\"7303146466\" \ndata-ad-layout=\"in-article\"\ndata-ad-format=\"fluid\" data-full-width-responsive=\"true\"><\/ins>\n<script> \n(adsbygoogle = window.adsbygoogle || []).push({}); \n<\/script>\n<\/div>\n<div id=\"bghab-1189296249\" class=\"bghab-yazi-altinda bghab-entity-placement\"><div class=\"bghab-adlabel\">Reklamlar<\/div><script async src=\"https:\/\/pagead2.googlesyndication.com\/pagead\/js\/adsbygoogle.js\"><\/script>\r\n<!-- bghaber-yaz\u0131-sonu -->\r\n<ins class=\"adsbygoogle\"\r\n     style=\"display:block\"\r\n     data-ad-client=\"ca-pub-6203283170189293\"\r\n     data-ad-slot=\"4222328180\"\r\n     data-ad-format=\"auto\"\r\n     data-full-width-responsive=\"true\"><\/ins>\r\n<script>\r\n     (adsbygoogle = window.adsbygoogle || []).push({});\r\n<\/script><\/div><br style=\"clear: both; display: block; float: none;\"\/>","protected":false},"excerpt":{"rendered":"<p>H\u00fck\u00fcmet belediyelerin bak\u0131m\u0131n\u0131 yapamad\u0131\u011f\u0131 barajlar\u0131n y\u00f6netiminin ticari i\u015fletme taraf\u0131ndan \u00fcstlenmesini \u00f6neriyor. Bak\u0131m paralar\u0131n\u0131n bir b\u00f6l\u00fcm\u00fc devlet b\u00fct\u00e7esinden sa\u011flanacak.\u00a0Yasa de\u011fi\u015fiklikleri barajlar\u0131n kategorize edilmesini i\u00e7erecek. Ekonomi Bakan\u0131<\/p>\n","protected":false},"author":29,"featured_media":28437,"comment_status":"closed","ping_status":"closed","sticky":false,"template":"","format":"standard","meta":{"advanced_seo_description":"","jetpack_seo_html_title":"","jetpack_seo_noindex":false,"_jetpack_memberships_contains_paid_content":false,"footnotes":""},"categories":[1],"tags":[],"class_list":["post-28434","post","type-post","status-publish","format-standard","has-post-thumbnail","hentry","category-haberler"],"jetpack_featured_media_url":"https:\/\/i0.wp.com\/www.bghaber.org\/bghaber\/wp-content\/uploads\/2018\/03\/bulgaristan-Ekonomi-Bakani-Emil-Karanikolov.jpg?fit=610%2C339&ssl=1","jetpack_sharing_enabled":true,"jetpack_likes_enabled":true,"jetpack-related-posts":[],"jetpack_shortlink":"https:\/\/wp.me\/pc2PfJ-7oC","_links":{"self":[{"href":"https:\/\/www.bghaber.org\/bghaber\/wp-json\/wp\/v2\/posts\/28434","targetHints":{"allow":["GET"]}}],"collection":[{"href":"https:\/\/www.bghaber.org\/bghaber\/wp-json\/wp\/v2\/posts"}],"about":[{"href":"https:\/\/www.bghaber.org\/bghaber\/wp-json\/wp\/v2\/types\/post"}],"author":[{"embeddable":true,"href":"https:\/\/www.bghaber.org\/bghaber\/wp-json\/wp\/v2\/users\/29"}],"replies":[{"embeddable":true,"href":"https:\/\/www.bghaber.org\/bghaber\/wp-json\/wp\/v2\/comments?post=28434"}],"version-history":[{"count":0,"href":"https:\/\/www.bghaber.org\/bghaber\/wp-json\/wp\/v2\/posts\/28434\/revisions"}],"wp:featuredmedia":[{"embeddable":true,"href":"https:\/\/www.bghaber.org\/bghaber\/wp-json\/wp\/v2\/media\/28437"}],"wp:attachment":[{"href":"https:\/\/www.bghaber.org\/bghaber\/wp-json\/wp\/v2\/media?parent=28434"}],"wp:term":[{"taxonomy":"category","embeddable":true,"href":"https:\/\/www.bghaber.org\/bghaber\/wp-json\/wp\/v2\/categories?post=28434"},{"taxonomy":"post_tag","embeddable":true,"href":"https:\/\/www.bghaber.org\/bghaber\/wp-json\/wp\/v2\/tags?post=28434"}],"curies":[{"name":"wp","href":"https:\/\/api.w.org\/{rel}","templated":true}]}}