{"id":28430,"date":"2018-03-15T13:43:41","date_gmt":"2018-03-15T10:43:41","guid":{"rendered":"http:\/\/www.bghaber.org\/bghaber\/?p=28430"},"modified":"2018-03-16T09:21:05","modified_gmt":"2018-03-16T06:21:05","slug":"biz-turkuz-muslumaniz-boyle-de-kalacagiz","status":"publish","type":"post","link":"https:\/\/www.bghaber.org\/bghaber\/biz-turkuz-muslumaniz-boyle-de-kalacagiz\/","title":{"rendered":"Biz T\u00fcrk\u2019\u00fcz, M\u00fcsl\u00fcman\u0131z, b\u00f6yle de kalaca\u011f\u0131z."},"content":{"rendered":"<p>Rafet ULUT\u00dcRK<\/p>\n<p>Bulgaristan&#8217;da Siyasi Durum:<\/p>\n<p>Tarih: 13 Mart 2018<\/p>\n<p>Konu: <strong>K\u0131rcaali bizim g\u00f6n\u00fcl ba\u011f\u0131 s\u0131n\u0131rlar\u0131m\u0131z i\u00e7indedir.<\/strong><\/p>\n<p>T\u00fcrkiye Cumhuriyeti Devlet ve \u0130ktidar Partisi (AK Parti) <strong>Genel Ba\u015fkan\u0131 Say\u0131n Recep Tayyip Erdo\u011fan\u2019\u0131n<\/strong> Sakarya parti kurultay\u0131 ve halk mitinginde yapt\u0131\u011f\u0131 konu\u015fma Balkanlar\u0131 sallad\u0131. Sakarya bir g\u00f6\u00e7men \u015fehri ve diyar\u0131d\u0131r ve Say\u0131n Erdo\u011fan\u2019\u0131n konu\u015fmas\u0131 ola\u011fan\u00fcst\u00fc b\u00fcy\u00fck bir ilgi g\u00f6rd\u00fc, b\u00fcy\u00fck bir co\u015fku uyand\u0131rd\u0131.<\/p><div id=\"bghab-348727310\" class=\"bghab-icerik-icine bghab-entity-placement\"><script async src=\"\/\/pagead2.googlesyndication.com\/pagead\/js\/adsbygoogle.js?client=ca-pub-6203283170189293\" crossorigin=\"anonymous\"><\/script><ins class=\"adsbygoogle\" style=\"display:block; text-align:center;\" data-ad-client=\"ca-pub-6203283170189293\" \ndata-ad-slot=\"7303146466\" \ndata-ad-layout=\"in-article\"\ndata-ad-format=\"fluid\" data-full-width-responsive=\"true\"><\/ins>\n<script> \n(adsbygoogle = window.adsbygoogle || []).push({}); \n<\/script>\n<\/div>\n<p>\u201cBu topraklar ve \u015fehirler ba\u015fka devletlerin s\u0131n\u0131rlar\u0131 i\u00e7inde bulunsa da bizim s\u0131k\u0131 g\u00f6n\u00fcl ba\u011flar\u0131m\u0131zla ba\u011fl\u0131 oldu\u011fumuz yerlerdir, diyen Say\u0131n Erdo\u011fan, Kalbimizin bir yan\u0131 \u0130stanbul\u2019da ise \u00f6teki yan\u0131 Balkanlardad\u0131r. G\u00f6n\u00fcl ba\u011f\u0131 s\u0131n\u0131rlar\u0131 ile devlet s\u0131n\u0131rlar\u0131 farkl\u0131 \u015feylerdir. Bizim devlet s\u0131n\u0131rlar\u0131m\u0131z 780 bin kilometre kare ile s\u0131n\u0131rl\u0131 kalm\u0131\u015f olsa da, g\u00f6n\u00fcl ba\u011flar\u0131m\u0131z\u0131n s\u0131n\u0131rlar\u0131 \u00e7ok daha geni\u015ftir. K\u0131rcaali benim ve halk\u0131m\u0131n g\u00f6n\u00fcl ba\u011f\u0131 s\u0131n\u0131rlar\u0131m\u0131z\u0131n i\u00e7inde bulunmaktad\u0131r\u201d dedi. Sakarya AK Parti Kurultay\u0131\u2019ndan \u201cBalkan \u00fclkelerindeki karde\u015flerimize kucak dolusu selam g\u00f6nderiyorum\u201d, diyen Say\u0131n Erdo\u011fan T\u00fcrk ve M\u00fcsl\u00fcman ya\u015fayan b\u00fct\u00fcn Balkan \u00fclkelerinde \u00e7ok geni\u015f yank\u0131 uyand\u0131rd\u0131, b\u00fcy\u00fck destek buldu, co\u015fkuyla alk\u0131\u015fland\u0131. Ayn\u0131 destek ve \u00e7o\u015fkuyu g\u00f6\u00e7men dernekleri de ifade ettiler. Tek yumrukta birle\u015fme azmi dile getirildi.<\/p>\n<p>&nbsp;<\/p>\n<p><strong>T\u00fcrkiye\u2019den y\u00fckselen bu s\u0131cak \u00e7a\u011fr\u0131ya Balkan \u015fairlerimizin cevab\u0131 gecikmedi.<\/strong><\/p>\n<p><strong>Dedelerimizin atlar\u0131n\u0131 sulad\u0131\u011f\u0131 Tuna k\u0131y\u0131s\u0131ndan \u015fair Naim Bako\u011flu\u2019ndan selam geldi.<\/strong><\/p>\n<p>&nbsp;<\/p><div id=\"bghab-3985477045\" class=\"bghab-icerik-icine-10-paragraf bghab-entity-placement\"><script async src=\"\/\/pagead2.googlesyndication.com\/pagead\/js\/adsbygoogle.js?client=ca-pub-6203283170189293\" crossorigin=\"anonymous\"><\/script><ins class=\"adsbygoogle\" style=\"display:block; text-align:center;\" data-ad-client=\"ca-pub-6203283170189293\" \ndata-ad-slot=\"7303146466\" \ndata-ad-layout=\"in-article\"\ndata-ad-format=\"fluid\" data-full-width-responsive=\"true\"><\/ins>\n<script> \n(adsbygoogle = window.adsbygoogle || []).push({}); \n<\/script>\n<\/div>\n<p><strong>DALDAK\u0130 TOMURCUK<\/strong><\/p>\n<p>&nbsp;<\/p>\n<p>Mart ay\u0131 g\u00f6klere kondurdu bak g\u00fcne\u015fi<\/p>\n<p>Ar\u0131lar kovandan \u00e7\u0131km\u0131\u015f, \u00e7i\u00e7ek av\u0131nda!<\/p>\n<p>Ku\u015flar\u0131n sa\u00e7akta a\u015fk ile \u00f6ter e\u015fi<\/p><div id=\"bghab-1394350041\" class=\"bghab-icerik-icine-15-paragraf bghab-entity-placement\"><script async src=\"\/\/pagead2.googlesyndication.com\/pagead\/js\/adsbygoogle.js?client=ca-pub-6203283170189293\" crossorigin=\"anonymous\"><\/script><ins class=\"adsbygoogle\" style=\"display:block; text-align:center;\" data-ad-client=\"ca-pub-6203283170189293\" \ndata-ad-slot=\"7303146466\" \ndata-ad-layout=\"in-article\"\ndata-ad-format=\"fluid\" data-full-width-responsive=\"true\"><\/ins>\n<script> \n(adsbygoogle = window.adsbygoogle || []).push({}); \n<\/script>\n<\/div>\n<p>Bahara soyunan k\u00e2inat tam tav\u0131nda!<\/p>\n<p>&nbsp;<\/p>\n<p>K\u0131\u015f derdinden kurtulma s\u0131n\u0131r\u0131nda yoksul<\/p>\n<p>Y\u0131rt\u0131k abay\u0131 omuzdan atma zaman\u0131!<\/p>\n<p>El avu\u00e7 a\u00e7\u0131p k\u00f6\u015felerde olsa da kul<\/p><div id=\"bghab-2348380234\" class=\"bghab-icerik-icine-20-paragraf bghab-entity-placement\"><script async src=\"\/\/pagead2.googlesyndication.com\/pagead\/js\/adsbygoogle.js?client=ca-pub-6203283170189293\" crossorigin=\"anonymous\"><\/script><ins class=\"adsbygoogle\" style=\"display:block; text-align:center;\" data-ad-client=\"ca-pub-6203283170189293\" \ndata-ad-slot=\"7303146466\" \ndata-ad-layout=\"in-article\"\ndata-ad-format=\"fluid\" data-full-width-responsive=\"true\"><\/ins>\n<script> \n(adsbygoogle = window.adsbygoogle || []).push({}); \n<\/script>\n<\/div>\n<p>Bir ba\u015fka \u00f6t\u00fcyor dilencinin keman\u0131!<\/p>\n<p>&nbsp;<\/p>\n<p>Yar\u0131na ba\u015fka bir bak\u0131\u015f var g\u00f6zlerinde<\/p>\n<p>Sab\u0131rs\u0131zl\u0131kla sabah\u0131 bekliyor \u00e7ocuk!<\/p>\n<p>Uzun k\u0131\u015ftan kararm\u0131\u015f insan y\u00fczlerinde<\/p><div id=\"bghab-2421431921\" class=\"bghab-icerik-icine-25-paragraf bghab-entity-placement\"><script async src=\"\/\/pagead2.googlesyndication.com\/pagead\/js\/adsbygoogle.js?client=ca-pub-6203283170189293\" crossorigin=\"anonymous\"><\/script><ins class=\"adsbygoogle\" style=\"display:block; text-align:center;\" data-ad-client=\"ca-pub-6203283170189293\" \ndata-ad-slot=\"7303146466\" \ndata-ad-layout=\"in-article\"\ndata-ad-format=\"fluid\" data-full-width-responsive=\"true\"><\/ins>\n<script> \n(adsbygoogle = window.adsbygoogle || []).push({}); \n<\/script>\n<\/div>\n<p>Umut olup \u015fak\u0131yor daldaki tomurcuk!<\/p>\n<p>&nbsp;<\/p>\n<p>13 Mart 2018 \/ Silistre \/ Bulgaristan<\/p>\n<p>Naim Bako\u011flu<\/p>\n<p>&nbsp;<\/p><div id=\"bghab-2127004691\" class=\"bghab-icerik-icine-30-paragraf bghab-entity-placement\"><script async src=\"\/\/pagead2.googlesyndication.com\/pagead\/js\/adsbygoogle.js?client=ca-pub-6203283170189293\" crossorigin=\"anonymous\"><\/script><ins class=\"adsbygoogle\" style=\"display:block; text-align:center;\" data-ad-client=\"ca-pub-6203283170189293\" \ndata-ad-slot=\"7303146466\" \ndata-ad-layout=\"in-article\"\ndata-ad-format=\"fluid\" data-full-width-responsive=\"true\"><\/ins>\n<script> \n(adsbygoogle = window.adsbygoogle || []).push({}); \n<\/script>\n<\/div>\n<p>Bir halk \u00f6nderinin sesi ne kadar uzaklarda duyuluyorsa g\u00fcc\u00fc de o kadar b\u00fcy\u00fckt\u00fcr. Balkan \u00fclkelerinin yeni tarihinde T\u00fcrkiye halk\u0131 g\u00f6n\u00fcl dostlar\u0131n\u0131 karde\u015flerini bu kadar net bir \u015fekilde s\u0131ralamam\u0131\u015f, onlara bu kadar y\u00fcrekten selam g\u00f6ndermemi\u015fti.<\/p>\n<p>E\u011fer her insan\u0131n cenneti do\u011fdu\u011fu yerdeyse, vatan\u0131ndaysa ve hi\u00e7bir kimsenin vatan ve cennet hakk\u0131na ba\u015fka hi\u00e7 kimsenin m\u00fcdahale etmeye hakk\u0131 yoksa, bekledi\u011fimiz g\u00fcn yak\u0131nd\u0131r. Sava\u015ftan, bombalardan ka\u00e7an Suriyelilerin vatanlar\u0131na topraklar\u0131na d\u00f6nebilmeleri nekadar bir kutsal haksa, \u201cTanr\u0131n\u0131n \u201cAdaleti\u201d ise bizim Balkan Karde\u015flerimizin cennet hakk\u0131na kim el s\u00fcrebilir?<\/p>\n<p><strong>Soruyorum.<\/strong> Adalet yerini bulur diyenler hakl\u0131ym\u0131\u015f. O g\u00fcn yak\u0131nd\u0131r.<\/p>\n<p>Ekme\u011fini ta\u015ftan \u00e7\u0131karanlar\u0131n lokmas\u0131na sald\u0131rmaya kimin hakk\u0131 olabilir ki,<\/p>\n<p>Adalet g\u00fcn\u00fc yak\u0131nd\u0131r!<\/p><div id=\"bghab-2343920077\" class=\"bghab-icerik-icine-35-paragraf bghab-entity-placement\"><script async src=\"\/\/pagead2.googlesyndication.com\/pagead\/js\/adsbygoogle.js?client=ca-pub-6203283170189293\" crossorigin=\"anonymous\"><\/script><ins class=\"adsbygoogle\" style=\"display:block; text-align:center;\" data-ad-client=\"ca-pub-6203283170189293\" \ndata-ad-slot=\"7303146466\" \ndata-ad-layout=\"in-article\"\ndata-ad-format=\"fluid\" data-full-width-responsive=\"true\"><\/ins>\n<script> \n(adsbygoogle = window.adsbygoogle || []).push({}); \n<\/script>\n<\/div>\n<p>\u0130nsanlar\u0131n iyice ezilmesi, k\u00f6r do\u011fanlar\u0131n ve do\u011farken g\u00f6zleri k\u00f6r edilenlerin bile ger\u00e7ekleri, d\u00fcnyay\u0131 g\u00f6rebilmesi i\u00e7in 1 as\u0131r gerekti.<\/p>\n<p>Ne var ki zul\u00fcm asr\u0131 gelip ge\u00e7ti. Mutluluk g\u00fcn\u00fc yak\u0131nd\u0131r.<\/p>\n<p>Biz diktat\u00f6rleri sevin\u00e7 \u00e7\u0131\u011fl\u0131klar\u0131yla kar\u015f\u0131layan, bask\u0131, ter\u00f6r ve zulm\u00fc alk\u0131\u015flayanlar aras\u0131nda yeti\u015ftik ve o \u00e7\u0131\u011fl\u0131k atanlar\u0131n d\u00fc\u015f\u00fcr\u00fclen diktat\u00f6rlerin na\u015f\u0131na t\u00fck\u00fcrd\u00fcklerini g\u00f6rd\u00fck. Biz fa\u015fistlerin s\u00fcr\u00fc olup sald\u0131r\u0131\u015flar\u0131n\u0131 g\u00f6rd\u00fck. Biz ezildik ama teslim olmad\u0131k. Zafer g\u00fcn\u00fc yak\u0131nd\u0131r.<\/p>\n<p>Bizler bey (Ana ar\u0131) do\u011furamayan ar\u0131 kovan\u0131ndan gelen canlar yakan v\u0131z\u0131lt\u0131y\u0131 i\u015fittik. Bu bir f\u0131z\u0131lt\u0131 de\u011fil, u\u011fultudur ve hayat hakk\u0131n\u0131n sona erdi\u011finin habercisidir.<\/p>\n<p>Biz kendi kendini yenileyemeyenlerin kurban\u0131 olduk. Biz le\u015f bulmu\u015f s\u0131rtlar\u0131n sald\u0131r\u0131s\u0131na u\u011frad\u0131k, ama o g\u00fcnler ge\u00e7iyor. Halk\u0131m\u0131z ba\u015f\u0131n\u0131 kald\u0131rd\u0131. O g\u00fcnler yak\u0131nd\u0131r.<\/p><div id=\"bghab-2055420022\" class=\"bghab-icerik-icine-40-paragraf bghab-entity-placement\"><script async src=\"\/\/pagead2.googlesyndication.com\/pagead\/js\/adsbygoogle.js?client=ca-pub-6203283170189293\" crossorigin=\"anonymous\"><\/script><ins class=\"adsbygoogle\" style=\"display:block; text-align:center;\" data-ad-client=\"ca-pub-6203283170189293\" \ndata-ad-slot=\"7303146466\" \ndata-ad-layout=\"in-article\"\ndata-ad-format=\"fluid\" data-full-width-responsive=\"true\"><\/ins>\n<script> \n(adsbygoogle = window.adsbygoogle || []).push({}); \n<\/script>\n<\/div>\n<p>Biz be\u015fi\u011finde bilge, sokaklarda aksakall\u0131 olmayan aya\u015flar aras\u0131nda kald\u0131k. Deli aras\u0131nda dola\u015fana deli derler. Biz yok olmad\u0131k. Ba\u015f\u0131m\u0131z dik, anl\u0131m\u0131z ak. Biz b\u00fcy\u00fck bir dirili\u015fe haz\u0131rlan\u0131yoruz. O g\u00fcn ufuktad\u0131r.<\/p>\n<p>Biz bin bir par\u00e7aya, partiye, banda ve \u00e7etelere, reket (zorbac\u0131) gruplar\u0131na ve doland\u0131r\u0131c\u0131 tayfalar\u0131na, g\u00f6z k\u0131zartan k\u0131r\u0131nt\u0131ya par\u00e7alanm\u0131\u015f, b\u00f6l\u00fcnm\u00fc\u015f, birbirine amans\u0131z sald\u0131ran, birbirini par\u00e7alamaya haz\u0131rlanan ve bir daha bulu\u015fup birle\u015fmeleri imk\u00e2ns\u0131z olanlar\u0131n aras\u0131na s\u0131k\u0131\u015ft\u0131r\u0131ld\u0131k, \u00e7ok \u00e7ektik, \u00e7ekmeye devam ediyoruz.<\/p>\n<p>Bizi par\u00e7alad\u0131lar. Biz bu g\u00fcnlere par\u00e7alanma hakk\u0131m\u0131z\u0131 yolda b\u0131rakarak geldik.<\/p>\n<p>Biz biriz ve her zaman birlikte olaca\u011f\u0131z. Birlik \u00f6l\u00fcm hari\u00e7 her\u015feyi \u00e7\u00f6zer. Birlikte olursak bize hi\u00e7 bir \u015fey yapamazlar. 34 \u015fehit verdik.<\/p>\n<p>Ama bizi en fazla \u00fczen 2016\u2019da par\u00e7alanmam\u0131z a\u011f\u0131rd\u0131.<\/p><div id=\"bghab-4282097142\" class=\"bghab-icerik-icine-45-paragraf bghab-entity-placement\"><script async src=\"\/\/pagead2.googlesyndication.com\/pagead\/js\/adsbygoogle.js?client=ca-pub-6203283170189293\" crossorigin=\"anonymous\"><\/script><ins class=\"adsbygoogle\" style=\"display:block; text-align:center;\" data-ad-client=\"ca-pub-6203283170189293\" \ndata-ad-slot=\"7303146466\" \ndata-ad-layout=\"in-article\"\ndata-ad-format=\"fluid\" data-full-width-responsive=\"true\"><\/ins>\n<script> \n(adsbygoogle = window.adsbygoogle || []).push({}); \n<\/script>\n<\/div>\n<p>1985\u2019te isimlerimiz de\u011fi\u015ftirilirken, Bonovo tren gar\u0131nda \u00e7ocuk vagonu patlatt\u0131lar \u015fimdi bizi su\u00e7lamak istiyorlar. Bulgaristan\u2019a ate\u015f a\u00e7anlardan, karde\u015flerimizin kalbine ate\u015f a\u00e7anlardan, karde\u015flerimizi K\u0131rcaali MVT (Polis) bodrumunda d\u00f6v\u00fclenlerden \u00f6ld\u00fcrenlerden hala hesap sorulmad\u0131. Katillerin hepsi ise kahraman oldu ba\u015f tac\u0131 ediliyorlar. Bu ortamda birlik kurulamaz. Bu saman yeniden savrulacak bu hasat yeniden elenecektir. \u0130nan\u0131n. En g\u00fc\u00e7l\u00fc birli\u011fi biz kuraca\u011f\u0131z. O g\u00fcn \u00e7ok yak\u0131nd\u0131r.<\/p>\n<p>Ge\u00e7en hafta Plovdiv\u2019te meydana gelen olaylar \u00fczerinde d\u00fc\u015f\u00fcnmek zorunday\u0131z. Filibenin 80 bin karde\u015fimizin ya\u015fad\u0131\u011f\u0131 Yeni Mahalle\u2019den (Stolipenovo) \u201ciri fare\u201d lakab\u0131n\u0131 takt\u0131klar\u0131 bir karde\u015fimizi kur\u015funa dizen bir doktoru hakl\u0131 \u00e7\u0131karmak i\u00e7in VMRO olarak bilinen, \u201cAtaka\u201dc\u0131lar ve t\u00fcm sahte yurtseverler sokak ve meydanlar\u0131 doldurdu. Bulgaristan Cumhuriyetinde \u201canayasay\u0131\u201d, hukuk d\u00fczenini, ceza kanunu maddelerini, adaleti ayakalt\u0131na almak, rafa kald\u0131rmak, ge\u00e7ersiz k\u0131lmak istediler.<\/p>\n<p>Gerek\u00e7elerinde <strong><em>\u201cbir Bulgaristan az\u0131nl\u0131klardan birini kur\u015funlad\u0131\u011f\u0131nda, yasalar\u0131n i\u015flememesi, Bulgar\u2019\u0131n her zaman hakl\u0131 say\u0131lmas\u0131, polisin Bulgar katili tutuklama hakk\u0131 olmamas\u0131, mahkemenin Bulgar katili yarg\u0131lama hakk\u0131, hapis cezas\u0131 kesme hakk\u0131 olmamas\u0131 ve benzer\u201d<\/em><\/strong> haklar talep edildi\u011fi, sallanan yumruklarla, ba\u011f\u0131r\u0131p \u00e7a\u011f\u0131rmalar ve k\u00fcf\u00fcrl\u00fc s\u00f6ylemlerle ifade edildi.<\/p>\n<p>De\u011ferli dostlar Bulgar a\u015f\u0131r\u0131 milliyet\u00e7ilerinin bu iste\u011fi ! ( ve 19 yy Amerika\u2019s\u0131nda vard\u0131). Bu Beyaz derili bir zenciyi (siyah ciltliyi) \u00f6ld\u00fcrse, sopadan ge\u00e7irip k\u00f6t\u00fcr\u00fcm b\u0131raksa, g\u00f6z\u00fcn\u00fc \u00e7\u0131karsa, e\u015fini alsa, k\u0131zlar\u0131na sark\u0131nt\u0131l\u0131k yapsa, tecav\u00fcz etse bile, ona dokunulmuyordu, federal polisin beyaz\u0131 tutuklama, yarg\u0131lama ve i\u00e7eri atma hakk\u0131 yoktu.<\/p>\n<p>\u015eimdi de d\u0131\u015f \u00fclkelerde insan \u00f6ld\u00fcren, su\u00e7. \u0130\u015fleyenbir Amerikal\u0131n\u0131n yurt d\u0131\u015f\u0131nda yarg\u0131lan\u0131p i\u00e7eri at\u0131lam\u0131yor, iade edilecek ve ABD\u2019de yarg\u0131lanacak. Bu k\u00f6lelik \u00e7a\u011f\u0131 yasalar\u0131n\u0131n Bulgar sahte \u201cyurtseverleri\u201d \u00fclkemizde ya\u015fayan az\u0131nl\u0131klara kar\u015f\u0131 i\u015flenen su\u00e7larda uygulamaya \u00e7al\u0131\u015ft\u0131lar. Anayasa ve yasa, ceza kanunu de\u011fi\u015fikli\u011fi istediler, meclis geri \u00e7evirdi, ge\u00e7iremediler, ama denediler. G\u00f6n\u00fcllerinde olan, 1972-1989 y\u0131llar\u0131 aras\u0131nda \u201csoya d\u00f6n\u00fc\u015f s\u00fcreci\u201d zulm\u00fc esnas\u0131nda \u00f6ld\u00fcrd\u00fckleri T\u00fcrk, Pomak ve \u00c7ingene karde\u015flerimizin katillerinden hi\u00e7 birinin tutuklanmad\u0131\u011f\u0131 gibi \u015fimdi de ayn\u0131 haklar\u0131 elde etmek istiyorlar.<\/p><div id=\"bghab-998154924\" class=\"bghab-icerik-icine-50-paragraf bghab-entity-placement\"><script async src=\"\/\/pagead2.googlesyndication.com\/pagead\/js\/adsbygoogle.js?client=ca-pub-6203283170189293\" crossorigin=\"anonymous\"><\/script><ins class=\"adsbygoogle\" style=\"display:block; text-align:center;\" data-ad-client=\"ca-pub-6203283170189293\" \ndata-ad-slot=\"7303146466\" \ndata-ad-layout=\"in-article\"\ndata-ad-format=\"fluid\" data-full-width-responsive=\"true\"><\/ins>\n<script> \n(adsbygoogle = window.adsbygoogle || []).push({}); \n<\/script>\n<\/div>\n<p><strong>Biz buna fa\u015fizm \u00e7anlar\u0131 \u00e7al\u0131yor diyoruz. <\/strong><\/p>\n<p>\u201cYurtsever maskeli\u201d \u00fc\u00e7 partisi iktidardan \u00e7\u00f6p \u00e7uval\u0131 gibi atmak \u00f6nce gelen ba\u015fat vazifemizdir. B\u00fct\u00fcn az\u0131nl\u0131klar birle\u015fmek zorunday\u0131z. Ama Do\u011fan ve Mestan sakal\u0131 ard\u0131nda ve hayr\u0131na de\u011fil, ilkeler etraf\u0131nda bulu\u015fup birle\u015fmeliyiz, birle\u015fece\u011fiz. O d\u00fcn yak\u0131nd\u0131r.<\/p>\n<p>B\u00f6l\u00fcnm\u00fc\u015fler halk olamaz. B\u00f6l\u00fcnm\u00fc\u015fler adam olamaz. Onlar bin bir par\u00e7a oldular. Bir daha asla bulu\u015fup birle\u015femezler.<\/p>\n<p><strong>Bizi b\u00f6lenler haindir. Nasibimizi al\u0131p hakk\u0131m\u0131z\u0131 vermeyenler haindir. <\/strong><\/p>\n<p>Bizi aldatanlar, soyanlar, bo\u015f umutlarla aldatanlar, doland\u0131ranlar haindirler. Hain de kalacaklar.<\/p><div id=\"bghab-1524077757\" class=\"bghab-icerik-icine-55-paragraf bghab-entity-placement\"><script async src=\"\/\/pagead2.googlesyndication.com\/pagead\/js\/adsbygoogle.js?client=ca-pub-6203283170189293\" crossorigin=\"anonymous\"><\/script><ins class=\"adsbygoogle\" style=\"display:block; text-align:center;\" data-ad-client=\"ca-pub-6203283170189293\" \ndata-ad-slot=\"7303146466\" \ndata-ad-layout=\"in-article\"\ndata-ad-format=\"fluid\" data-full-width-responsive=\"true\"><\/ins>\n<script> \n(adsbygoogle = window.adsbygoogle || []).push({}); \n<\/script>\n<\/div>\n<p><strong>Bu d\u00fcnyada hainler mezarl\u0131\u011f\u0131 yoktur. Hepsi tarihin \u00e7\u00f6pl\u00fc\u011f\u00fcne at\u0131lacaklar.<\/strong><\/p>\n<p>T\u00fcrkiye Cumhuriyetimizin Cumhurba\u015fkan\u0131 Say\u0131n Erdo\u011fan\u2019\u0131n Sakarya k\u00fcrs\u00fcs\u00fcnden \u201cg\u00f6nl\u00fcm\u00fcz\u00fcn yar\u0131s\u0131 oradad\u0131r, oralardaki karde\u015flerimizin her s\u0131z\u0131s\u0131 bizimdir\u201d demesi Irk\u00e7\u0131lar\u0131 kudurttu.<\/p>\n<p>Bu kuduzlar\u0131n tarihin sessiz mahzenlerinde \u00e7\u00fcr\u00fcmeleri mukadderdir.<\/p>\n<p>Biz T\u00fcrk\u2019\u00fcz, M\u00fcsl\u00fcman\u0131z, b\u00f6yle de kalaca\u011f\u0131z.<\/p>\n<p>&nbsp;<\/p><div id=\"bghab-2643788499\" class=\"bghab-icerik-icine-60-paragraf bghab-entity-placement\"><script async src=\"\/\/pagead2.googlesyndication.com\/pagead\/js\/adsbygoogle.js?client=ca-pub-6203283170189293\" crossorigin=\"anonymous\"><\/script><ins class=\"adsbygoogle\" style=\"display:block; text-align:center;\" data-ad-client=\"ca-pub-6203283170189293\" \ndata-ad-slot=\"7303146466\" \ndata-ad-layout=\"in-article\"\ndata-ad-format=\"fluid\" data-full-width-responsive=\"true\"><\/ins>\n<script> \n(adsbygoogle = window.adsbygoogle || []).push({}); \n<\/script>\n<\/div>\n<div id=\"bghab-662425881\" class=\"bghab-yazi-altinda bghab-entity-placement\"><div class=\"bghab-adlabel\">Reklamlar<\/div><script async src=\"https:\/\/pagead2.googlesyndication.com\/pagead\/js\/adsbygoogle.js\"><\/script>\r\n<!-- bghaber-yaz\u0131-sonu -->\r\n<ins class=\"adsbygoogle\"\r\n     style=\"display:block\"\r\n     data-ad-client=\"ca-pub-6203283170189293\"\r\n     data-ad-slot=\"4222328180\"\r\n     data-ad-format=\"auto\"\r\n     data-full-width-responsive=\"true\"><\/ins>\r\n<script>\r\n     (adsbygoogle = window.adsbygoogle || []).push({});\r\n<\/script><\/div><br style=\"clear: both; display: block; float: none;\"\/>","protected":false},"excerpt":{"rendered":"<p>Rafet ULUT\u00dcRK Bulgaristan&#8217;da Siyasi Durum: Tarih: 13 Mart 2018 Konu: K\u0131rcaali bizim g\u00f6n\u00fcl ba\u011f\u0131 s\u0131n\u0131rlar\u0131m\u0131z i\u00e7indedir. T\u00fcrkiye Cumhuriyeti Devlet ve \u0130ktidar Partisi (AK Parti) Genel<\/p>\n","protected":false},"author":13,"featured_media":27944,"comment_status":"closed","ping_status":"closed","sticky":false,"template":"","format":"standard","meta":{"advanced_seo_description":"","jetpack_seo_html_title":"","jetpack_seo_noindex":false,"_jetpack_memberships_contains_paid_content":false,"footnotes":""},"categories":[6],"tags":[],"class_list":["post-28430","post","type-post","status-publish","format-standard","has-post-thumbnail","hentry","category-yorum"],"jetpack_featured_media_url":"https:\/\/i0.wp.com\/www.bghaber.org\/bghaber\/wp-content\/uploads\/2018\/03\/rafet-uluturktv.jpg?fit=414%2C407&ssl=1","jetpack_sharing_enabled":true,"jetpack_likes_enabled":true,"jetpack-related-posts":[],"jetpack_shortlink":"https:\/\/wp.me\/pc2PfJ-7oy","_links":{"self":[{"href":"https:\/\/www.bghaber.org\/bghaber\/wp-json\/wp\/v2\/posts\/28430","targetHints":{"allow":["GET"]}}],"collection":[{"href":"https:\/\/www.bghaber.org\/bghaber\/wp-json\/wp\/v2\/posts"}],"about":[{"href":"https:\/\/www.bghaber.org\/bghaber\/wp-json\/wp\/v2\/types\/post"}],"author":[{"embeddable":true,"href":"https:\/\/www.bghaber.org\/bghaber\/wp-json\/wp\/v2\/users\/13"}],"replies":[{"embeddable":true,"href":"https:\/\/www.bghaber.org\/bghaber\/wp-json\/wp\/v2\/comments?post=28430"}],"version-history":[{"count":0,"href":"https:\/\/www.bghaber.org\/bghaber\/wp-json\/wp\/v2\/posts\/28430\/revisions"}],"wp:featuredmedia":[{"embeddable":true,"href":"https:\/\/www.bghaber.org\/bghaber\/wp-json\/wp\/v2\/media\/27944"}],"wp:attachment":[{"href":"https:\/\/www.bghaber.org\/bghaber\/wp-json\/wp\/v2\/media?parent=28430"}],"wp:term":[{"taxonomy":"category","embeddable":true,"href":"https:\/\/www.bghaber.org\/bghaber\/wp-json\/wp\/v2\/categories?post=28430"},{"taxonomy":"post_tag","embeddable":true,"href":"https:\/\/www.bghaber.org\/bghaber\/wp-json\/wp\/v2\/tags?post=28430"}],"curies":[{"name":"wp","href":"https:\/\/api.w.org\/{rel}","templated":true}]}}