{"id":28424,"date":"2018-03-15T15:00:22","date_gmt":"2018-03-15T12:00:22","guid":{"rendered":"http:\/\/www.bghaber.org\/bghaber\/?p=28424"},"modified":"2019-07-05T00:21:49","modified_gmt":"2019-07-04T21:21:49","slug":"yalovadan-rafet-koru-egridereyi-egzotik-ciceklerle-guzellestiriyor","status":"publish","type":"post","link":"https:\/\/www.bghaber.org\/bghaber\/yalovadan-rafet-koru-egridereyi-egzotik-ciceklerle-guzellestiriyor\/","title":{"rendered":"Yalova\u2019dan Rafet Koru, E\u011fridere&#8217;yi egzotik \u00e7i\u00e7eklerle g\u00fczelle\u015ftiriyor"},"content":{"rendered":"<p>T\u00fcrkiye\u2019nin Yalova \u015fehrinde ya\u015fayan sporun emektar\u0131 Rafet Koru, her baharda Ardino (E\u011fridere) kasabas\u0131n\u0131 egzotik \u00e7i\u00e7eklerle g\u00fczelle\u015ftiriyor. Bahar \u00e7i\u00e7ekleri parklara ve sokaklara ekiliyor ve kasaba daha g\u00fczel ve ye\u015fil oluyor.<\/p>\n<p>Rafet Koru, 1948 y\u0131l\u0131nda Byal \u0130zvor (Akp\u0131nar) k\u00f6y\u00fcnde do\u011fdu. \u00c7ocukluk y\u0131llar\u0131 Ardino&#8217;nun Kabak\u00e7\u0131lar Mahallesi\u2019nde ge\u00e7ti. Filibe\u2019de Tar\u0131m Mekanizasyonu Lisesi\u2019ni bitirdi. Gorubso-Madan Fabrikas\u0131\u2019nda uzun y\u0131llar spor e\u011fitmenli\u011fi yapt\u0131. Ardino Agro End\u00fcstriyel Kompleksi (APK) Spor ve Turizm B\u00f6l\u00fcm Ba\u015fkan\u0131 ve Ardino Su ve Kanalizasyon \u015eirketi\u2019nde (V\u0130K) teknik y\u00f6netici g\u00f6revlerinde bulundu. 1978 y\u0131l\u0131nda Bursa&#8217;ya g\u00f6\u00e7 etti. Halen Yalova&#8217;da ya\u015famakta ve T\u00fcrkiye Devlet Su \u0130\u015fleri M\u00fcd\u00fcrl\u00fc\u011f\u00fcnde teknisyen olarak \u00e7al\u0131\u015fmaktad\u0131r. Yalova Belediye Masa Tenisi Spor Kul\u00fcb\u00fc Y\u00f6neticisi ve Yalova Balkan T\u00fcrkleri K\u00fclt\u00fcr ve Dayan\u0131\u015fma Derne\u011fi\u2019nin eski ba\u015fkan\u0131d\u0131r.<\/p>\n<p>&nbsp;<\/p>\n<p>G\u00fcner \u015e\u00fckr\u00fc, K\u0131rcaali Haber<\/p>\n<div id=\"bghab-1886672416\" class=\"bghab-yazi-altinda bghab-entity-placement\"><div class=\"bghab-adlabel\">Reklamlar<\/div><script async src=\"https:\/\/pagead2.googlesyndication.com\/pagead\/js\/adsbygoogle.js\"><\/script>\r\n<!-- bghaber-yaz\u0131-sonu -->\r\n<ins class=\"adsbygoogle\"\r\n     style=\"display:block\"\r\n     data-ad-client=\"ca-pub-6203283170189293\"\r\n     data-ad-slot=\"4222328180\"\r\n     data-ad-format=\"auto\"\r\n     data-full-width-responsive=\"true\"><\/ins>\r\n<script>\r\n     (adsbygoogle = window.adsbygoogle || []).push({});\r\n<\/script><\/div><br style=\"clear: both; display: block; float: none;\"\/>","protected":false},"excerpt":{"rendered":"<p>T\u00fcrkiye\u2019nin Yalova \u015fehrinde ya\u015fayan sporun emektar\u0131 Rafet Koru, her baharda Ardino (E\u011fridere) kasabas\u0131n\u0131 egzotik \u00e7i\u00e7eklerle g\u00fczelle\u015ftiriyor. Bahar \u00e7i\u00e7ekleri parklara ve sokaklara ekiliyor ve kasaba daha<\/p>\n","protected":false},"author":29,"featured_media":28425,"comment_status":"closed","ping_status":"closed","sticky":false,"template":"","format":"standard","meta":{"advanced_seo_description":"","jetpack_seo_html_title":"","jetpack_seo_noindex":false,"_jetpack_memberships_contains_paid_content":false,"footnotes":""},"categories":[5],"tags":[],"class_list":["post-28424","post","type-post","status-publish","format-standard","has-post-thumbnail","hentry","category-yasam"],"jetpack_featured_media_url":"https:\/\/i0.wp.com\/www.bghaber.org\/bghaber\/wp-content\/uploads\/2018\/03\/rafet-koru-egridere.jpg?fit=720%2C960&ssl=1","jetpack_sharing_enabled":true,"jetpack_likes_enabled":true,"jetpack-related-posts":[],"jetpack_shortlink":"https:\/\/wp.me\/pc2PfJ-7os","_links":{"self":[{"href":"https:\/\/www.bghaber.org\/bghaber\/wp-json\/wp\/v2\/posts\/28424","targetHints":{"allow":["GET"]}}],"collection":[{"href":"https:\/\/www.bghaber.org\/bghaber\/wp-json\/wp\/v2\/posts"}],"about":[{"href":"https:\/\/www.bghaber.org\/bghaber\/wp-json\/wp\/v2\/types\/post"}],"author":[{"embeddable":true,"href":"https:\/\/www.bghaber.org\/bghaber\/wp-json\/wp\/v2\/users\/29"}],"replies":[{"embeddable":true,"href":"https:\/\/www.bghaber.org\/bghaber\/wp-json\/wp\/v2\/comments?post=28424"}],"version-history":[{"count":0,"href":"https:\/\/www.bghaber.org\/bghaber\/wp-json\/wp\/v2\/posts\/28424\/revisions"}],"wp:featuredmedia":[{"embeddable":true,"href":"https:\/\/www.bghaber.org\/bghaber\/wp-json\/wp\/v2\/media\/28425"}],"wp:attachment":[{"href":"https:\/\/www.bghaber.org\/bghaber\/wp-json\/wp\/v2\/media?parent=28424"}],"wp:term":[{"taxonomy":"category","embeddable":true,"href":"https:\/\/www.bghaber.org\/bghaber\/wp-json\/wp\/v2\/categories?post=28424"},{"taxonomy":"post_tag","embeddable":true,"href":"https:\/\/www.bghaber.org\/bghaber\/wp-json\/wp\/v2\/tags?post=28424"}],"curies":[{"name":"wp","href":"https:\/\/api.w.org\/{rel}","templated":true}]}}