{"id":28421,"date":"2018-03-15T14:00:38","date_gmt":"2018-03-15T11:00:38","guid":{"rendered":"http:\/\/www.bghaber.org\/bghaber\/?p=28421"},"modified":"2019-07-05T00:21:50","modified_gmt":"2019-07-04T21:21:50","slug":"insan-haklari-ve-azinliklarin-korunmasi-konulu-seminer-yapildi","status":"publish","type":"post","link":"https:\/\/www.bghaber.org\/bghaber\/insan-haklari-ve-azinliklarin-korunmasi-konulu-seminer-yapildi\/","title":{"rendered":"\u201c\u0130nsan Haklar\u0131 ve Az\u0131nl\u0131klar\u0131n Korunmas\u0131&#8221; konulu seminer yap\u0131ld\u0131"},"content":{"rendered":"<p>13 Mart&#8217;ta Sofya\u2019da &#8220;\u0130nsan Haklar\u0131 ve Az\u0131nl\u0131klar\u0131n Korunmas\u0131&#8221; konulu iki g\u00fcnl\u00fck bir seminer ba\u015flad\u0131. Seminer program\u0131, Bulgaristan M\u00fcsl\u00fcmanlar\u0131 Ba\u015fm\u00fcft\u00fcl\u00fc\u011f\u00fc ve K\u00fclt\u00fcrel Etkile\u015fim Derne\u011fi ile ortakla\u015fa d\u00fczenlendi.<\/p>\n<p>Uzmanlar Do\u00e7. Dr. Mihail \u0130vanov, Do\u00e7. Dr. Krasimir K\u0131nev, Kemal Ey\u00fcp ve Hayri Emin, seminere konu\u015fmac\u0131 olarak davet edildi.<\/p>\n<p>\u0130lk g\u00fcn Do\u00e7.Dr. Mihail \u0130vanov, &#8220;Dini, Etnik ve Dilsel Az\u0131nl\u0131klar\u0131n Uluslararas\u0131 Hukuksal Korunmas\u0131&#8221; ve &#8220;Ulusal Mevzuatta Az\u0131nl\u0131klar\u0131n Korunmas\u0131&#8221; (Anayasa, Ayr\u0131mc\u0131l\u0131\u011fa Kar\u015f\u0131 Koruma Kanunu vb.) ba\u015fl\u0131kl\u0131 konular\u0131 sundu.<\/p>\n<p>Do\u00e7.Dr. \u0130vanov\u2019un ifadelerine g\u00f6re 20. y\u00fczy\u0131l\u0131n ba\u015flar\u0131nda az\u0131nl\u0131k terimi (etnik, dini, dilsel az\u0131nl\u0131klar olarak) uluslararas\u0131 \u00e7evrelerde kullan\u0131lmaya ba\u015flad\u0131. Uzman\u0131n ifadelerine g\u00f6re o zaman insanlar\u0131 etnik kimlik, dil vb. \u015feyler \u00fczerinden ayr\u0131\u015ft\u0131rma ba\u015flad\u0131. O zamana kadar din \u00fczerinden ayr\u0131\u015ft\u0131rma yap\u0131l\u0131yordu.<\/p>\n<p>D\u00fcnya siyasi haritas\u0131 de\u011fi\u015fmeye ba\u015fl\u0131yor ve de\u011fi\u015fiklikler, az\u0131nl\u0131klar\u0131n korunmas\u0131 i\u00e7in yeni mekanizmalar kurulmas\u0131n\u0131 gerektiriyor.<\/p><div id=\"bghab-2028898650\" class=\"bghab-icerik-icine bghab-entity-placement\"><script async src=\"\/\/pagead2.googlesyndication.com\/pagead\/js\/adsbygoogle.js?client=ca-pub-6203283170189293\" crossorigin=\"anonymous\"><\/script><ins class=\"adsbygoogle\" style=\"display:block; text-align:center;\" data-ad-client=\"ca-pub-6203283170189293\" \ndata-ad-slot=\"7303146466\" \ndata-ad-layout=\"in-article\"\ndata-ad-format=\"fluid\" data-full-width-responsive=\"true\"><\/ins>\n<script> \n(adsbygoogle = window.adsbygoogle || []).push({}); \n<\/script>\n<\/div>\n<p>Ard\u0131ndan Do\u00e7. Dr. Krasimir K\u0131nev, &#8220;\u0130nsanl\u0131\u011f\u0131n Uluslararas\u0131 Mekanizmalar\u0131 ve Az\u0131nl\u0131klar\u0131n Korunmas\u0131 (BM, AG\u0130T, SE, AB) &#8211; Raporlama, \u0130zleme ve Koruma\u201d konulu konu\u015fma yapt\u0131.<\/p>\n<p>14 Martta program, Kemal Ey\u00fcp\u2019\u00fcn \u201cAyr\u0131mc\u0131l\u0131k, Nefret Su\u00e7u ve Nefret S\u00f6ylemi &#8211; Temel Tan\u0131mlar ve Yasal \u00c7er\u00e7eveler\u201d konulu konu\u015fmas\u0131 ve Hayri Emin\u2019in \u201c\u0130nsan Haklar\u0131n\u0131n Korunmas\u0131na Y\u00f6nelik Uluslararas\u0131 \u00d6rg\u00fctler ve Konferanslar: Uluslararas\u0131 \u0130nsani Boyut Konferanslar\u0131\u201d konulu konu\u015fmas\u0131yla devam etti.<\/p>\n<p style=\"font-weight: 400;\">Yazar: \u00d6zlem Tefikova<br \/>\n\u00c7eviri: Sevcan \u0130brahimova<br \/>\nBulgaristan Ba\u015fm\u00fcft\u00fcl\u00fc\u011f\u00fc<\/p>\n<div id=\"bghab-4285570204\" class=\"bghab-yazi-altinda bghab-entity-placement\"><div class=\"bghab-adlabel\">Reklamlar<\/div><script async src=\"https:\/\/pagead2.googlesyndication.com\/pagead\/js\/adsbygoogle.js\"><\/script>\r\n<!-- bghaber-yaz\u0131-sonu -->\r\n<ins class=\"adsbygoogle\"\r\n     style=\"display:block\"\r\n     data-ad-client=\"ca-pub-6203283170189293\"\r\n     data-ad-slot=\"4222328180\"\r\n     data-ad-format=\"auto\"\r\n     data-full-width-responsive=\"true\"><\/ins>\r\n<script>\r\n     (adsbygoogle = window.adsbygoogle || []).push({});\r\n<\/script><\/div><br style=\"clear: both; display: block; float: none;\"\/>","protected":false},"excerpt":{"rendered":"<p>13 Mart&#8217;ta Sofya\u2019da &#8220;\u0130nsan Haklar\u0131 ve Az\u0131nl\u0131klar\u0131n Korunmas\u0131&#8221; konulu iki g\u00fcnl\u00fck bir seminer ba\u015flad\u0131. Seminer program\u0131, Bulgaristan M\u00fcsl\u00fcmanlar\u0131 Ba\u015fm\u00fcft\u00fcl\u00fc\u011f\u00fc ve K\u00fclt\u00fcrel Etkile\u015fim Derne\u011fi ile ortakla\u015fa<\/p>\n","protected":false},"author":29,"featured_media":28422,"comment_status":"closed","ping_status":"closed","sticky":false,"template":"","format":"standard","meta":{"advanced_seo_description":"","jetpack_seo_html_title":"","jetpack_seo_noindex":false,"_jetpack_memberships_contains_paid_content":false,"footnotes":""},"categories":[10],"tags":[],"class_list":["post-28421","post","type-post","status-publish","format-standard","has-post-thumbnail","hentry","category-kultur-sanat"],"jetpack_featured_media_url":"https:\/\/i0.wp.com\/www.bghaber.org\/bghaber\/wp-content\/uploads\/2018\/03\/insan-haklari-semineri-scaled.jpg?fit=2560%2C1491&ssl=1","jetpack_sharing_enabled":true,"jetpack_likes_enabled":true,"jetpack-related-posts":[],"jetpack_shortlink":"https:\/\/wp.me\/pc2PfJ-7op","_links":{"self":[{"href":"https:\/\/www.bghaber.org\/bghaber\/wp-json\/wp\/v2\/posts\/28421","targetHints":{"allow":["GET"]}}],"collection":[{"href":"https:\/\/www.bghaber.org\/bghaber\/wp-json\/wp\/v2\/posts"}],"about":[{"href":"https:\/\/www.bghaber.org\/bghaber\/wp-json\/wp\/v2\/types\/post"}],"author":[{"embeddable":true,"href":"https:\/\/www.bghaber.org\/bghaber\/wp-json\/wp\/v2\/users\/29"}],"replies":[{"embeddable":true,"href":"https:\/\/www.bghaber.org\/bghaber\/wp-json\/wp\/v2\/comments?post=28421"}],"version-history":[{"count":0,"href":"https:\/\/www.bghaber.org\/bghaber\/wp-json\/wp\/v2\/posts\/28421\/revisions"}],"wp:featuredmedia":[{"embeddable":true,"href":"https:\/\/www.bghaber.org\/bghaber\/wp-json\/wp\/v2\/media\/28422"}],"wp:attachment":[{"href":"https:\/\/www.bghaber.org\/bghaber\/wp-json\/wp\/v2\/media?parent=28421"}],"wp:term":[{"taxonomy":"category","embeddable":true,"href":"https:\/\/www.bghaber.org\/bghaber\/wp-json\/wp\/v2\/categories?post=28421"},{"taxonomy":"post_tag","embeddable":true,"href":"https:\/\/www.bghaber.org\/bghaber\/wp-json\/wp\/v2\/tags?post=28421"}],"curies":[{"name":"wp","href":"https:\/\/api.w.org\/{rel}","templated":true}]}}