{"id":28416,"date":"2018-03-15T13:00:54","date_gmt":"2018-03-15T10:00:54","guid":{"rendered":"http:\/\/www.bghaber.org\/bghaber\/?p=28416"},"modified":"2019-07-05T00:21:50","modified_gmt":"2019-07-04T21:21:50","slug":"sofyada-dovulen-metinin-saldirganlari-hakkinda-uluslararasi-arama-karari","status":"publish","type":"post","link":"https:\/\/www.bghaber.org\/bghaber\/sofyada-dovulen-metinin-saldirganlari-hakkinda-uluslararasi-arama-karari\/","title":{"rendered":"Sofya\u2019da d\u00f6v\u00fclen Metin\u2019in sald\u0131rganlar\u0131 hakk\u0131nda uluslararas\u0131 arama karar\u0131"},"content":{"rendered":"<p>Sofya \u015eehir Mahkemesi, Georgi Dimitrov\u2019u (Metin) d\u00f6ven zanl\u0131lardan \u0130vo Tilkov hakk\u0131nda uluslararas\u0131 arama karar\u0131 \u00e7\u0131kard\u0131.<\/p>\n<p>Mahkeme, zanl\u0131n\u0131n bulundu\u011fu yer hakk\u0131nda g\u00fcncel bilgi ald\u0131ktan sonra Bulgaristan Cumhuriyeti&#8217;ne geri d\u00f6n\u00fc\u015f\u00fc i\u00e7in bir tutuklama, ya da iadenin derhal yap\u0131lmas\u0131 ve mahkeme \u00f6n\u00fcne \u00e7\u0131kar\u0131lmas\u0131 gerekti\u011fine h\u00fckmetmi\u015ftir. Emniyet yetkililerinden al\u0131nan bilgilere g\u00f6re san\u0131k G\u00fcney Afrika Cumhuriyeti\u2019nde bulunuyor.<\/p>\n<p>\u0130vo Tilkov, 2013 y\u0131l\u0131n\u0131n sonunda Sofya Pirotska Caddesi&#8217;nde Metin d\u00f6v\u00fclmesi olay\u0131 ile ilgili haklar\u0131nda su\u00e7 duyurusunda bulunulan \u00fc\u00e7 ki\u015fiden birisidir. Di\u011ferleri ise Mom\u00e7il Mil\u00e7ov ve Johnny Mladenov\u2019dur.<\/p>\n<p>2013 y\u0131l\u0131n\u0131n sonunda ba\u015fkentin merkez caddesinde T\u00fcrk genci Metin s\u0131\u011f\u0131nmac\u0131 oldu\u011fu gerek\u00e7esiyle \u00f6lesiye d\u00f6v\u00fclm\u00fc\u015ft\u00fc. Tutuklu \u00fc\u00e7 san\u0131k Johnny Mladenov, Mom\u00e7il Mil\u00e7ov ve \u0130vo Tilkov, 15 ile 25 y\u0131l aras\u0131nda hapis veya \u00f6m\u00fcr boyu hapis cezas\u0131na \u00e7arpt\u0131r\u0131labilecekleri holigan d\u00fcrt\u00fcleriyle cinayet te\u015febb\u00fcs\u00fcnden yarg\u0131lan\u0131yorlar.<\/p>\n<p>Duru\u015fman\u0131n ba\u015flang\u0131c\u0131nda, Sofya \u015eehir Mahkemesi, savunma makamlar\u0131n\u0131n Mom\u00e7il Milkov, Johnny Mladenov ve \u0130vo Tilkov aleyhindeki dava ve cezai takibatlar\u0131n\u0131n durdurulmas\u0131 talebini reddetti. San\u0131klar\u0131n avukatlar\u0131n\u0131n bu talebinin nedeni, \u0130\u00e7i\u015fleri Bakanl\u0131\u011f\u0131 Ba\u015fkent M\u00fcd\u00fcrl\u00fc\u011f\u00fcnden Tilkov\u2019un G\u00fcney Afrika Cumhuriyeti\u2019ne (Avrupa Birli\u011fi \u00fcyesi olmayan bir \u00fclkeye) gitti\u011fine dair bilgi al\u0131nmas\u0131d\u0131r.<\/p><div id=\"bghab-2612379105\" class=\"bghab-icerik-icine bghab-entity-placement\"><script async src=\"\/\/pagead2.googlesyndication.com\/pagead\/js\/adsbygoogle.js?client=ca-pub-6203283170189293\" crossorigin=\"anonymous\"><\/script><ins class=\"adsbygoogle\" style=\"display:block; text-align:center;\" data-ad-client=\"ca-pub-6203283170189293\" \ndata-ad-slot=\"7303146466\" \ndata-ad-layout=\"in-article\"\ndata-ad-format=\"fluid\" data-full-width-responsive=\"true\"><\/ins>\n<script> \n(adsbygoogle = window.adsbygoogle || []).push({}); \n<\/script>\n<\/div>\n<p>Sofya \u015eehir Mahkemesi, \u00f6neriyi reddetti ve mahkeme davas\u0131n\u0131n son daval\u0131 olmadan da devam edebilece\u011fini s\u00f6yledi.<\/p>\n<p>Davadaki t\u00fcm tan\u0131klar\u0131 dinledikten sonra mahkeme, davadaki tan\u0131klardan biri olan Atanaska Ra\u015feva\u2019n\u0131n arkada\u015flar\u0131 olan Abbas ve Desislava\u2019n\u0131n \u015fahs\u0131nda olay\u0131n di\u011fer tan\u0131klar\u0131n\u0131n da dinlenmesine karar ald\u0131.<\/p>\n<p>Mahkeme ayr\u0131ca di\u011fer iki san\u0131klar Mom\u00e7il Mil\u00e7ov ve Johnny Mladenov&#8217;un \u00fclkeyi terk etmelerini yasaklad\u0131.<\/p>\n<p>&nbsp;<\/p>\n<p>K\u0131rcaali Haber<\/p><div id=\"bghab-4031261528\" class=\"bghab-icerik-icine-10-paragraf bghab-entity-placement\"><script async src=\"\/\/pagead2.googlesyndication.com\/pagead\/js\/adsbygoogle.js?client=ca-pub-6203283170189293\" crossorigin=\"anonymous\"><\/script><ins class=\"adsbygoogle\" style=\"display:block; text-align:center;\" data-ad-client=\"ca-pub-6203283170189293\" \ndata-ad-slot=\"7303146466\" \ndata-ad-layout=\"in-article\"\ndata-ad-format=\"fluid\" data-full-width-responsive=\"true\"><\/ins>\n<script> \n(adsbygoogle = window.adsbygoogle || []).push({}); \n<\/script>\n<\/div>\n<div id=\"bghab-2935596833\" class=\"bghab-yazi-altinda bghab-entity-placement\"><div class=\"bghab-adlabel\">Reklamlar<\/div><script async src=\"https:\/\/pagead2.googlesyndication.com\/pagead\/js\/adsbygoogle.js\"><\/script>\r\n<!-- bghaber-yaz\u0131-sonu -->\r\n<ins class=\"adsbygoogle\"\r\n     style=\"display:block\"\r\n     data-ad-client=\"ca-pub-6203283170189293\"\r\n     data-ad-slot=\"4222328180\"\r\n     data-ad-format=\"auto\"\r\n     data-full-width-responsive=\"true\"><\/ins>\r\n<script>\r\n     (adsbygoogle = window.adsbygoogle || []).push({});\r\n<\/script><\/div><br style=\"clear: both; display: block; float: none;\"\/>","protected":false},"excerpt":{"rendered":"<p>Sofya \u015eehir Mahkemesi, Georgi Dimitrov\u2019u (Metin) d\u00f6ven zanl\u0131lardan \u0130vo Tilkov hakk\u0131nda uluslararas\u0131 arama karar\u0131 \u00e7\u0131kard\u0131. Mahkeme, zanl\u0131n\u0131n bulundu\u011fu yer hakk\u0131nda g\u00fcncel bilgi ald\u0131ktan sonra Bulgaristan<\/p>\n","protected":false},"author":29,"featured_media":28417,"comment_status":"closed","ping_status":"closed","sticky":false,"template":"","format":"standard","meta":{"advanced_seo_description":"","jetpack_seo_html_title":"","jetpack_seo_noindex":false,"_jetpack_memberships_contains_paid_content":false,"footnotes":""},"categories":[5],"tags":[],"class_list":["post-28416","post","type-post","status-publish","format-standard","has-post-thumbnail","hentry","category-yasam"],"jetpack_featured_media_url":"https:\/\/i0.wp.com\/www.bghaber.org\/bghaber\/wp-content\/uploads\/2018\/03\/adalet-hukuk.jpg?fit=640%2C427&ssl=1","jetpack_sharing_enabled":true,"jetpack_likes_enabled":true,"jetpack-related-posts":[],"jetpack_shortlink":"https:\/\/wp.me\/pc2PfJ-7ok","_links":{"self":[{"href":"https:\/\/www.bghaber.org\/bghaber\/wp-json\/wp\/v2\/posts\/28416","targetHints":{"allow":["GET"]}}],"collection":[{"href":"https:\/\/www.bghaber.org\/bghaber\/wp-json\/wp\/v2\/posts"}],"about":[{"href":"https:\/\/www.bghaber.org\/bghaber\/wp-json\/wp\/v2\/types\/post"}],"author":[{"embeddable":true,"href":"https:\/\/www.bghaber.org\/bghaber\/wp-json\/wp\/v2\/users\/29"}],"replies":[{"embeddable":true,"href":"https:\/\/www.bghaber.org\/bghaber\/wp-json\/wp\/v2\/comments?post=28416"}],"version-history":[{"count":0,"href":"https:\/\/www.bghaber.org\/bghaber\/wp-json\/wp\/v2\/posts\/28416\/revisions"}],"wp:featuredmedia":[{"embeddable":true,"href":"https:\/\/www.bghaber.org\/bghaber\/wp-json\/wp\/v2\/media\/28417"}],"wp:attachment":[{"href":"https:\/\/www.bghaber.org\/bghaber\/wp-json\/wp\/v2\/media?parent=28416"}],"wp:term":[{"taxonomy":"category","embeddable":true,"href":"https:\/\/www.bghaber.org\/bghaber\/wp-json\/wp\/v2\/categories?post=28416"},{"taxonomy":"post_tag","embeddable":true,"href":"https:\/\/www.bghaber.org\/bghaber\/wp-json\/wp\/v2\/tags?post=28416"}],"curies":[{"name":"wp","href":"https:\/\/api.w.org\/{rel}","templated":true}]}}