{"id":28414,"date":"2018-03-15T12:00:49","date_gmt":"2018-03-15T09:00:49","guid":{"rendered":"http:\/\/www.bghaber.org\/bghaber\/?p=28414"},"modified":"2019-07-05T00:21:50","modified_gmt":"2019-07-04T21:21:50","slug":"radyo-ve-tv-yasasinin-bir-maddesi-anayasaya-aykiridir","status":"publish","type":"post","link":"https:\/\/www.bghaber.org\/bghaber\/radyo-ve-tv-yasasinin-bir-maddesi-anayasaya-aykiridir\/","title":{"rendered":"Radyo ve TV Yasas\u0131&#8217;n\u0131n bir maddesi anayasaya ayk\u0131r\u0131d\u0131r"},"content":{"rendered":"<p>Cumhurba\u015fkan\u0131 Rumen Radev\u00a0 Radyo ve Televizyon Yasas\u0131n\u0131n bir maddesinin anayasaya\u00a0 kar\u015f\u0131 oldu\u011funun tespit edilmesi istedi.<\/p>\n<p>Bu maddeye g\u00f6re Halk Meclisi\u2019nin ve Cumhurba\u015fkan\u0131n\u0131n\u00a0 Elektronik Medya Konseyi\u2019nin \u00fcyelerini belirleme karar\u0131 ayn\u0131 anda y\u00fcr\u00fcrl\u00fc\u011fe girmektedir. Ayn\u0131 zamanda Halk Meclisi\u2019nin\u00a0 ve Cumhurba\u015fkan\u0131\u2019n\u0131n kotalar\u0131n\u0131 yenileme s\u00fcresi de\u011fi\u015fiktir. Cumhurba\u015fkan\u0131na g\u00f6re bu Elektronik Medya Konseyi\u2019nin\u00a0 kurallar\u0131na ayk\u0131r\u0131 d\u00fc\u015fmektedir.<\/p>\n<p>Cumhurba\u015fkan\u0131na g\u00f6re yetki ayr\u0131l\u0131\u011f\u0131 kural\u0131na da ayk\u0131r\u0131 olurken,\u00a0 kamu iktidar\u0131n\u0131n temelinde olan s\u00fcreli g\u00f6rev ilkesine de ayk\u0131r\u0131d\u0131r.<\/p>\n<p>&nbsp;<\/p>\n<p>BNR<\/p><div id=\"bghab-4006747306\" class=\"bghab-icerik-icine bghab-entity-placement\"><script async src=\"\/\/pagead2.googlesyndication.com\/pagead\/js\/adsbygoogle.js?client=ca-pub-6203283170189293\" crossorigin=\"anonymous\"><\/script><ins class=\"adsbygoogle\" style=\"display:block; text-align:center;\" data-ad-client=\"ca-pub-6203283170189293\" \ndata-ad-slot=\"7303146466\" \ndata-ad-layout=\"in-article\"\ndata-ad-format=\"fluid\" data-full-width-responsive=\"true\"><\/ins>\n<script> \n(adsbygoogle = window.adsbygoogle || []).push({}); \n<\/script>\n<\/div>\n<div id=\"bghab-2548717517\" class=\"bghab-yazi-altinda bghab-entity-placement\"><div class=\"bghab-adlabel\">Reklamlar<\/div><script async src=\"https:\/\/pagead2.googlesyndication.com\/pagead\/js\/adsbygoogle.js\"><\/script>\r\n<!-- bghaber-yaz\u0131-sonu -->\r\n<ins class=\"adsbygoogle\"\r\n     style=\"display:block\"\r\n     data-ad-client=\"ca-pub-6203283170189293\"\r\n     data-ad-slot=\"4222328180\"\r\n     data-ad-format=\"auto\"\r\n     data-full-width-responsive=\"true\"><\/ins>\r\n<script>\r\n     (adsbygoogle = window.adsbygoogle || []).push({});\r\n<\/script><\/div><br style=\"clear: both; display: block; float: none;\"\/>","protected":false},"excerpt":{"rendered":"<p>Cumhurba\u015fkan\u0131 Rumen Radev\u00a0 Radyo ve Televizyon Yasas\u0131n\u0131n bir maddesinin anayasaya\u00a0 kar\u015f\u0131 oldu\u011funun tespit edilmesi istedi. Bu maddeye g\u00f6re Halk Meclisi\u2019nin ve Cumhurba\u015fkan\u0131n\u0131n\u00a0 Elektronik Medya Konseyi\u2019nin<\/p>\n","protected":false},"author":29,"featured_media":25832,"comment_status":"closed","ping_status":"closed","sticky":false,"template":"","format":"standard","meta":{"advanced_seo_description":"","jetpack_seo_html_title":"","jetpack_seo_noindex":false,"_jetpack_memberships_contains_paid_content":false,"footnotes":""},"categories":[1,4],"tags":[],"class_list":["post-28414","post","type-post","status-publish","format-standard","has-post-thumbnail","hentry","category-haberler","category-siyaset"],"jetpack_featured_media_url":"https:\/\/i0.wp.com\/www.bghaber.org\/bghaber\/wp-content\/uploads\/2018\/01\/rumen-radev-bulgaristan-cumhurbaskani-2017.jpg?fit=650%2C366&ssl=1","jetpack_sharing_enabled":true,"jetpack_likes_enabled":true,"jetpack-related-posts":[],"jetpack_shortlink":"https:\/\/wp.me\/pc2PfJ-7oi","_links":{"self":[{"href":"https:\/\/www.bghaber.org\/bghaber\/wp-json\/wp\/v2\/posts\/28414","targetHints":{"allow":["GET"]}}],"collection":[{"href":"https:\/\/www.bghaber.org\/bghaber\/wp-json\/wp\/v2\/posts"}],"about":[{"href":"https:\/\/www.bghaber.org\/bghaber\/wp-json\/wp\/v2\/types\/post"}],"author":[{"embeddable":true,"href":"https:\/\/www.bghaber.org\/bghaber\/wp-json\/wp\/v2\/users\/29"}],"replies":[{"embeddable":true,"href":"https:\/\/www.bghaber.org\/bghaber\/wp-json\/wp\/v2\/comments?post=28414"}],"version-history":[{"count":0,"href":"https:\/\/www.bghaber.org\/bghaber\/wp-json\/wp\/v2\/posts\/28414\/revisions"}],"wp:featuredmedia":[{"embeddable":true,"href":"https:\/\/www.bghaber.org\/bghaber\/wp-json\/wp\/v2\/media\/25832"}],"wp:attachment":[{"href":"https:\/\/www.bghaber.org\/bghaber\/wp-json\/wp\/v2\/media?parent=28414"}],"wp:term":[{"taxonomy":"category","embeddable":true,"href":"https:\/\/www.bghaber.org\/bghaber\/wp-json\/wp\/v2\/categories?post=28414"},{"taxonomy":"post_tag","embeddable":true,"href":"https:\/\/www.bghaber.org\/bghaber\/wp-json\/wp\/v2\/tags?post=28414"}],"curies":[{"name":"wp","href":"https:\/\/api.w.org\/{rel}","templated":true}]}}