{"id":28392,"date":"2018-03-14T20:15:33","date_gmt":"2018-03-14T17:15:33","guid":{"rendered":"http:\/\/www.bghaber.org\/bghaber\/?p=28392"},"modified":"2019-07-05T00:21:50","modified_gmt":"2019-07-04T21:21:50","slug":"bulgaristanda-ne-kadar-emekli-maasi-aliniyor","status":"publish","type":"post","link":"https:\/\/www.bghaber.org\/bghaber\/bulgaristanda-ne-kadar-emekli-maasi-aliniyor\/","title":{"rendered":"Bulgaristan&#8217;da ne kadar emekli maa\u015f\u0131 al\u0131n\u0131yor?"},"content":{"rendered":"<p>\u00d6n\u00fcm\u00fczdeki y\u0131l yeni emekli maa\u015flar\u0131n azami miktar\u0131 uygulamas\u0131 kald\u0131r\u0131lacak ve bundan yararlananlar\u0131n say\u0131s\u0131 8000 ki\u015fi civar\u0131nda olacak.<\/p>\n<p>Sosyal G\u00fcvenlik Kodeksinde yap\u0131lan de\u011fi\u015fikliklere g\u00f6re 1 Temmuz 2019&#8217;dan itibaren 910 leva ile s\u0131n\u0131rl\u0131 olan emeklilerin bir k\u0131sm\u0131n\u0131n maa\u015f\u0131 1040 levaya kadar \u00e7\u0131kacak.<\/p>\n<p>Ulusal Sigorta Enstit\u00fcs\u00fcnden (NO\u0130) yap\u0131lan a\u00e7\u0131klamada \u015fu anda toplam 55 000 emeklinin maa\u015flar\u0131n\u0131n 910 leva ile s\u0131n\u0131rl\u0131 oldu\u011fu kaydedildi. \u00d6n\u00fcm\u00fczdeki y\u0131ldan itibaren onlar\u0131n 25 000\u2019i emekli maa\u015flar\u0131n\u0131n ger\u00e7ek miktar\u0131n\u0131 alacaklar. Di\u011ferlerinin maa\u015flar\u0131 1040 leva ile s\u0131n\u0131rl\u0131 kalacak.<\/p>\n<p>Emekli maa\u015flar\u0131n\u0131n azami miktar\u0131 uygulamas\u0131n\u0131n kald\u0131r\u0131lmas\u0131ndan sonra emekli maa\u015flar\u0131n en y\u00fcksek miktar\u0131n\u0131n ne kadar olaca\u011f\u0131 sorusuna NO\u0130 taraf\u0131ndan \u015f\u00f6yle bir cevap verildi: \u201cEmekli maa\u015flar\u0131n\u0131n azami miktar\u0131 uygulamas\u0131n\u0131n kald\u0131r\u0131lmas\u0131 sonucunda onlar\u0131n belirli bir miktar ile s\u0131n\u0131rl\u0131 olmayaca\u011f\u0131ndan dolay\u0131 \u015fimdiden en y\u00fcksek miktar\u0131n belirlenmesi m\u00fcmk\u00fcn de\u011fil. Bu miktar emeklinin sigorta sistemine bulundu\u011fu katk\u0131 pay\u0131na, yani onun \u00f6dedi\u011fi sigorta prim tutarlar\u0131na ve sigortal\u0131l\u0131k s\u00fcrelerine ba\u011fl\u0131 olacak\u201d.<\/p>\n<p>Ancak \u00f6zetleyecek olursak, bundan yararlanacak olan emeklilerin say\u0131s\u0131 bizdeki toplam 2,169 milyon emekliye g\u00f6re olduk\u00e7a azd\u0131r. 2017 y\u0131l sonu verileri, 800 ile 910 leva aras\u0131nda maa\u015f alan emeklilerin say\u0131s\u0131n\u0131n 80 065 ki\u015fi veya emeklilerin y\u00fczde 3,7\u2019si oldu\u011funu g\u00f6steriyor.<\/p><div id=\"bghab-59832172\" class=\"bghab-icerik-icine bghab-entity-placement\"><script async src=\"\/\/pagead2.googlesyndication.com\/pagead\/js\/adsbygoogle.js?client=ca-pub-6203283170189293\" crossorigin=\"anonymous\"><\/script><ins class=\"adsbygoogle\" style=\"display:block; text-align:center;\" data-ad-client=\"ca-pub-6203283170189293\" \ndata-ad-slot=\"7303146466\" \ndata-ad-layout=\"in-article\"\ndata-ad-format=\"fluid\" data-full-width-responsive=\"true\"><\/ins>\n<script> \n(adsbygoogle = window.adsbygoogle || []).push({}); \n<\/script>\n<\/div>\n<p>\u00d6te yandan 250 ve 300 leva aras\u0131nda maa\u015f alan emeklilerin say\u0131s\u0131 toplam 366 160 ki\u015fi veya t\u00fcm emeklilerin y\u00fczde 16,9\u2019udur. Ba\u015fka bir deyi\u015fle bizde her bir alt\u0131nc\u0131 emeklinin ald\u0131\u011f\u0131 maa\u015f bu miktar civar\u0131ndad\u0131r.<\/p>\n<p>200 ile 250 leva aras\u0131 maa\u015f alanlar biraz daha az say\u0131dad\u0131r. Bu gruba girenler 318,902 ki\u015fi veya emeklilerin y\u00fczde 14,7&#8217;sidir. 300 ile 350 leva aras\u0131 maa\u015f alanlar\u0131n say\u0131s\u0131 ise y\u00fczde 12,5 oran\u0131ndad\u0131r.<\/p>\n<p>500 levadan fazla veya 1 Ocak 2018 tarihi itibariyle 510 levaya y\u00fckseltilen asgari i\u015f\u00e7i \u00fccretinin miktar\u0131nda veya \u00fcst\u00fcnde maa\u015f alanlar\u0131n say\u0131s\u0131 da neredeyse ayn\u0131 veya onlar tam olarak 272 305 ki\u015fidir.<\/p>\n<p>Fakat 200 leva alt\u0131nda maa\u015f alanlar\u0131n say\u0131s\u0131 yakla\u015f\u0131k iki kat daha fazlad\u0131r 416 636 ki\u015fi veya neredeyse emeklilerin d\u00f6rtte birini olu\u015fturuyor. 108,88 levaya kadar maa\u015f alanlar ise 6818 ki\u015fidir. \u00dclkemizde t\u00fcm 2,169 milyon emekliden 109 000\u2019den biraz fazlas\u0131 dul ve yetim ayl\u0131\u011f\u0131 al\u0131yor. Onlar\u0131n yar\u0131s\u0131ndan fazlas\u0131 veya y\u00fczde 56\u2019s\u0131ndan fazlas\u0131 108,89 ve 150 leva aras\u0131nda maa\u015f al\u0131yor.<\/p>\n<p>&nbsp;<\/p><div id=\"bghab-2277624119\" class=\"bghab-icerik-icine-10-paragraf bghab-entity-placement\"><script async src=\"\/\/pagead2.googlesyndication.com\/pagead\/js\/adsbygoogle.js?client=ca-pub-6203283170189293\" crossorigin=\"anonymous\"><\/script><ins class=\"adsbygoogle\" style=\"display:block; text-align:center;\" data-ad-client=\"ca-pub-6203283170189293\" \ndata-ad-slot=\"7303146466\" \ndata-ad-layout=\"in-article\"\ndata-ad-format=\"fluid\" data-full-width-responsive=\"true\"><\/ins>\n<script> \n(adsbygoogle = window.adsbygoogle || []).push({}); \n<\/script>\n<\/div>\n<p>&nbsp;<\/p>\n<p>K\u0131rcaali Haber<\/p>\n<div id=\"bghab-4014423658\" class=\"bghab-yazi-altinda bghab-entity-placement\"><div class=\"bghab-adlabel\">Reklamlar<\/div><script async src=\"https:\/\/pagead2.googlesyndication.com\/pagead\/js\/adsbygoogle.js\"><\/script>\r\n<!-- bghaber-yaz\u0131-sonu -->\r\n<ins class=\"adsbygoogle\"\r\n     style=\"display:block\"\r\n     data-ad-client=\"ca-pub-6203283170189293\"\r\n     data-ad-slot=\"4222328180\"\r\n     data-ad-format=\"auto\"\r\n     data-full-width-responsive=\"true\"><\/ins>\r\n<script>\r\n     (adsbygoogle = window.adsbygoogle || []).push({});\r\n<\/script><\/div><br style=\"clear: both; display: block; float: none;\"\/>","protected":false},"excerpt":{"rendered":"<p>\u00d6n\u00fcm\u00fczdeki y\u0131l yeni emekli maa\u015flar\u0131n azami miktar\u0131 uygulamas\u0131 kald\u0131r\u0131lacak ve bundan yararlananlar\u0131n say\u0131s\u0131 8000 ki\u015fi civar\u0131nda olacak. Sosyal G\u00fcvenlik Kodeksinde yap\u0131lan de\u011fi\u015fikliklere g\u00f6re 1 Temmuz<\/p>\n","protected":false},"author":29,"featured_media":4781,"comment_status":"closed","ping_status":"closed","sticky":false,"template":"","format":"standard","meta":{"advanced_seo_description":"","jetpack_seo_html_title":"","jetpack_seo_noindex":false,"_jetpack_memberships_contains_paid_content":false,"footnotes":""},"categories":[5],"tags":[],"class_list":["post-28392","post","type-post","status-publish","format-standard","has-post-thumbnail","hentry","category-yasam"],"jetpack_featured_media_url":"https:\/\/i0.wp.com\/www.bghaber.org\/bghaber\/wp-content\/uploads\/2013\/08\/emekli-yaslilar.jpg?fit=600%2C413&ssl=1","jetpack_sharing_enabled":true,"jetpack_likes_enabled":true,"jetpack-related-posts":[],"jetpack_shortlink":"https:\/\/wp.me\/pc2PfJ-7nW","_links":{"self":[{"href":"https:\/\/www.bghaber.org\/bghaber\/wp-json\/wp\/v2\/posts\/28392","targetHints":{"allow":["GET"]}}],"collection":[{"href":"https:\/\/www.bghaber.org\/bghaber\/wp-json\/wp\/v2\/posts"}],"about":[{"href":"https:\/\/www.bghaber.org\/bghaber\/wp-json\/wp\/v2\/types\/post"}],"author":[{"embeddable":true,"href":"https:\/\/www.bghaber.org\/bghaber\/wp-json\/wp\/v2\/users\/29"}],"replies":[{"embeddable":true,"href":"https:\/\/www.bghaber.org\/bghaber\/wp-json\/wp\/v2\/comments?post=28392"}],"version-history":[{"count":0,"href":"https:\/\/www.bghaber.org\/bghaber\/wp-json\/wp\/v2\/posts\/28392\/revisions"}],"wp:featuredmedia":[{"embeddable":true,"href":"https:\/\/www.bghaber.org\/bghaber\/wp-json\/wp\/v2\/media\/4781"}],"wp:attachment":[{"href":"https:\/\/www.bghaber.org\/bghaber\/wp-json\/wp\/v2\/media?parent=28392"}],"wp:term":[{"taxonomy":"category","embeddable":true,"href":"https:\/\/www.bghaber.org\/bghaber\/wp-json\/wp\/v2\/categories?post=28392"},{"taxonomy":"post_tag","embeddable":true,"href":"https:\/\/www.bghaber.org\/bghaber\/wp-json\/wp\/v2\/tags?post=28392"}],"curies":[{"name":"wp","href":"https:\/\/api.w.org\/{rel}","templated":true}]}}