{"id":28386,"date":"2018-03-14T20:45:13","date_gmt":"2018-03-14T17:45:13","guid":{"rendered":"http:\/\/www.bghaber.org\/bghaber\/?p=28386"},"modified":"2019-07-05T00:21:50","modified_gmt":"2019-07-04T21:21:50","slug":"tarihi-fotografta-photoshop-gercegi","status":"publish","type":"post","link":"https:\/\/www.bghaber.org\/bghaber\/tarihi-fotografta-photoshop-gercegi\/","title":{"rendered":"Tarihi foto\u011frafta Photoshop ger\u00e7e\u011fi"},"content":{"rendered":"<p>Tarih ara\u015ft\u0131rmac\u0131s\u0131-yay\u0131nc\u0131 Atilla Oral, Edirne\u2019nin i\u015fgalinin simgesi haline gelen \u2018<em>Bulgar Kral\u0131 Ferdinand&#8217;\u0131n k\u0131l\u0131c\u0131n\u0131 T\u00fcrk komutan \u015e\u00fckr\u00fc Pa\u015fa\u2019ya teslim etti\u011fi an<\/em>\u2019 diye bilinen foto\u011fraf\u0131n ger\u00e7e\u011fi yans\u0131tmad\u0131\u011f\u0131n\u0131 iddia etti.<\/p>\n<p>Bulgar Kral\u0131 Ferdinand, Edirne\u2019yi 5 ay 5 g\u00fcn savunduktan sonra teslim olmak zorunda kalan T\u00fcrk kumandan \u015e\u00fckr\u00fc Pa\u015fa&#8217;ya k\u0131l\u0131c\u0131n\u0131 teslim ediyor. Foto\u011fraf, Edirne\u2019nin i\u015fgalinin simgesi haline gelmi\u015f, Genelkurmay yay\u0131nlar\u0131 ba\u015fta, b\u00fct\u00fcn tarih kitaplar\u0131nda <strong>\u201ck\u0131l\u0131\u00e7 teslim etme\u201d<\/strong> sahnesinin g\u00f6rsel belgesi diye y\u0131llard\u0131r yay\u0131nlan\u0131yor. Bulgarlar bu kareyi b\u00f6b\u00fcrlenmek i\u00e7in kartpostal olarak bast\u0131rm\u0131\u015f. Sahtecili\u011fi 100 y\u0131l sonra foto\u011fraf\u0131n asl\u0131na ula\u015fan tarih ara\u015ft\u0131rmac\u0131s\u0131-yay\u0131nc\u0131 Atilla Oral ortaya \u00e7\u0131kard\u0131. \u015e\u00fckr\u00fc Pa\u015fa, Bulgar generalin foto\u011fraf\u0131na monte edilmi\u015f, yer de Edirne de\u011fil Kavala Kalesi.<\/p>\n<p><strong>KILICINI KIRIP TESL\u0130M OLDU<\/strong><br \/>\nBalkan sava\u015flar\u0131yla ilgili ara\u015ft\u0131rmalar\u0131n\u0131 bir dizi kitap halinde yay\u0131mlamaya ba\u015flayan Oral, uzun s\u00fcredir ku\u015fkuland\u0131\u011f\u0131 \u015e\u00fckr\u00fc Pa\u015fa-Kral Ferdinand k\u0131l\u0131\u00e7 teslim karesinin as\u0131l karesine birka\u00e7 ay \u00f6nce ula\u015ft\u0131\u011f\u0131n\u0131 ve fotomontaj\u0131 belgeledi\u011fini s\u00f6yledi. Oral anlat\u0131yor:<\/p>\n<p><em>\u201cBulgarlar\u0131n 100 y\u0131l \u00f6nce yapt\u0131\u011f\u0131 bu fotomontaj hilek\u00e2rl\u0131\u011f\u0131n\u0131 kimse bilmiyor. \u015e\u00fckr\u00fc Pa\u015fa ve arkada\u015flar\u0131 b\u00f6yle g\u00f6r\u00fcnt\u00fclere malzeme olmamak i\u00e7in k\u0131l\u0131\u00e7lar\u0131n\u0131 k\u0131rd\u0131 ve \u00f6yle teslim oldu. Ger\u00e7ekte asla b\u00f6yle bir g\u00f6r\u00fcnt\u00fc yok. Oysa Bulgaristan\u2019da ve T\u00fcrkiye\u2019de bas\u0131lan bir\u00e7ok kitapta bu foto\u011fraf ger\u00e7ekmi\u015f gibi yay\u0131nlan\u0131yor.&#8221;<\/em><\/p>\n<p><strong>FOTOMONTAJ NASIL YAPILDI?<\/strong><br \/>\nKral Ferdinand, Kavala Kalesi\u2019ni ziyareti s\u0131ras\u0131nda, kalede bulunan kap\u0131lardan biri \u00f6n\u00fcnde foto\u011fraf \u00e7ektirdi. Ferdinand\u2019\u0131n yan\u0131ndaki Bulgar Generali Stiliyan Georgiev fotomontajla \u015e\u00fckr\u00fc Pa\u015fa\u2019ya d\u00f6n\u00fc\u015ft\u00fcr\u00fcld\u00fc. Ferdinand\u2019\u0131n foto\u011fraf\u0131na da \u00e7e\u015fitli r\u00f6tu\u015flar yap\u0131ld\u0131. K\u0131l\u0131\u00e7 teslim etme sahnesi b\u00f6ylece yarat\u0131lm\u0131\u015f oldu. Foto\u011fraf\u0131n sa\u011f\u0131na Bulgar, soluna da T\u00fcrk subaylar yine fotomontaj y\u00f6ntemiyle yerle\u015ftirildi. Fotomontaj\u0131 yapan ki\u015fi baz\u0131 ayr\u0131nt\u0131lar\u0131 yok etmeyi unuttu. \u00d6rne\u011fin Ferdinand ile \u015e\u00fckr\u00fc Pa\u015fa aras\u0131ndan g\u00f6z\u00fcken Bulgar subay\u0131 (\u00fcniformas\u0131 r\u00f6tu\u015fla pard\u00f6s\u00fcye \u00e7evrilmesine ra\u011fmen) her iki foto\u011frafta da ayn\u0131 yerde ve ayn\u0131 y\u00fcz ifadesiyle duruyor. Belli olmas\u0131n diye foto\u011frafa \u00e7ok say\u0131da f\u0131r\u00e7a r\u00f6tu\u015flar\u0131 yap\u0131lm\u0131\u015f. Ancak yine de bir\u00e7ok t\u0131pat\u0131p benzerlik var. \u00d6rne\u011fin kale kap\u0131s\u0131ndaki, ta\u015f duvardaki detaylar bug\u00fcn bile ayn\u0131 halde, de\u011fi\u015fmeden duruyor. Foto\u011fraf\u0131n sa\u011f\u0131nda, yerde duran yuvarlak ta\u015f ve arkas\u0131ndaki kap\u0131 kanad\u0131 birebir ayn\u0131. Foto\u011fraftaki ki\u015filerin yere d\u00fc\u015fen g\u00f6lgeleri, yap\u0131lan fotomontaj hilek\u00e2rl\u0131\u011f\u0131n\u0131 \u00e7ok a\u00e7\u0131k bir \u015fekilde ele veriyor.<\/p><div id=\"bghab-2018957993\" class=\"bghab-icerik-icine bghab-entity-placement\"><script async src=\"\/\/pagead2.googlesyndication.com\/pagead\/js\/adsbygoogle.js?client=ca-pub-6203283170189293\" crossorigin=\"anonymous\"><\/script><ins class=\"adsbygoogle\" style=\"display:block; text-align:center;\" data-ad-client=\"ca-pub-6203283170189293\" \ndata-ad-slot=\"7303146466\" \ndata-ad-layout=\"in-article\"\ndata-ad-format=\"fluid\" data-full-width-responsive=\"true\"><\/ins>\n<script> \n(adsbygoogle = window.adsbygoogle || []).push({}); \n<\/script>\n<\/div>\n<p><strong>ED\u0130RNE DE\u011e\u0130L KAVALA KALES\u0130<\/strong><br \/>\nFotomontaj yap\u0131lan foto\u011fraf asl\u0131nda Edirne Kalesi d\u00fc\u015fmeden ve \u015e\u00fckr\u00fc Pa\u015fa teslim olmadan tam 4 ay \u00f6nce, 30 Kas\u0131m 1912 tarihinde \u00e7ekildi. Edirne 27 Mart 1913\u2019te d\u00fc\u015ft\u00fc. Ayr\u0131ca foto\u011fraf Edirne Kalesi\u2019nde de\u011fil, Yunanistan\u2019daki Kavala Kalesi\u2019nde \u00e7ekildi. B\u00f6b\u00fcrlenmek i\u00e7in yap\u0131lan bu sahte g\u00f6r\u00fcnt\u00fcn\u00fcn Bulgarca alt yaz\u0131l\u0131 kartpostallar\u0131 bast\u0131r\u0131ld\u0131.\u201d<\/p>\n<p>&nbsp;<\/p>\n<p>&nbsp;<\/p>\n<p>Ali DA\u011eLAR, Ajans BG<\/p>\n<div id=\"bghab-365514974\" class=\"bghab-yazi-altinda bghab-entity-placement\"><div class=\"bghab-adlabel\">Reklamlar<\/div><script async src=\"https:\/\/pagead2.googlesyndication.com\/pagead\/js\/adsbygoogle.js\"><\/script>\r\n<!-- bghaber-yaz\u0131-sonu -->\r\n<ins class=\"adsbygoogle\"\r\n     style=\"display:block\"\r\n     data-ad-client=\"ca-pub-6203283170189293\"\r\n     data-ad-slot=\"4222328180\"\r\n     data-ad-format=\"auto\"\r\n     data-full-width-responsive=\"true\"><\/ins>\r\n<script>\r\n     (adsbygoogle = window.adsbygoogle || []).push({});\r\n<\/script><\/div><br style=\"clear: both; display: block; float: none;\"\/>","protected":false},"excerpt":{"rendered":"<p>Tarih ara\u015ft\u0131rmac\u0131s\u0131-yay\u0131nc\u0131 Atilla Oral, Edirne\u2019nin i\u015fgalinin simgesi haline gelen \u2018Bulgar Kral\u0131 Ferdinand&#8217;\u0131n k\u0131l\u0131c\u0131n\u0131 T\u00fcrk komutan \u015e\u00fckr\u00fc Pa\u015fa\u2019ya teslim etti\u011fi an\u2019 diye bilinen foto\u011fraf\u0131n ger\u00e7e\u011fi yans\u0131tmad\u0131\u011f\u0131n\u0131<\/p>\n","protected":false},"author":29,"featured_media":28387,"comment_status":"closed","ping_status":"closed","sticky":false,"template":"","format":"standard","meta":{"advanced_seo_description":"","jetpack_seo_html_title":"","jetpack_seo_noindex":false,"_jetpack_memberships_contains_paid_content":false,"footnotes":""},"categories":[1,10],"tags":[],"class_list":["post-28386","post","type-post","status-publish","format-standard","has-post-thumbnail","hentry","category-haberler","category-kultur-sanat"],"jetpack_featured_media_url":"https:\/\/i0.wp.com\/www.bghaber.org\/bghaber\/wp-content\/uploads\/2018\/03\/tarihte-photoshop-ile-yalan-fotograf.jpg?fit=570%2C320&ssl=1","jetpack_sharing_enabled":true,"jetpack_likes_enabled":true,"jetpack-related-posts":[],"jetpack_shortlink":"https:\/\/wp.me\/pc2PfJ-7nQ","_links":{"self":[{"href":"https:\/\/www.bghaber.org\/bghaber\/wp-json\/wp\/v2\/posts\/28386","targetHints":{"allow":["GET"]}}],"collection":[{"href":"https:\/\/www.bghaber.org\/bghaber\/wp-json\/wp\/v2\/posts"}],"about":[{"href":"https:\/\/www.bghaber.org\/bghaber\/wp-json\/wp\/v2\/types\/post"}],"author":[{"embeddable":true,"href":"https:\/\/www.bghaber.org\/bghaber\/wp-json\/wp\/v2\/users\/29"}],"replies":[{"embeddable":true,"href":"https:\/\/www.bghaber.org\/bghaber\/wp-json\/wp\/v2\/comments?post=28386"}],"version-history":[{"count":0,"href":"https:\/\/www.bghaber.org\/bghaber\/wp-json\/wp\/v2\/posts\/28386\/revisions"}],"wp:featuredmedia":[{"embeddable":true,"href":"https:\/\/www.bghaber.org\/bghaber\/wp-json\/wp\/v2\/media\/28387"}],"wp:attachment":[{"href":"https:\/\/www.bghaber.org\/bghaber\/wp-json\/wp\/v2\/media?parent=28386"}],"wp:term":[{"taxonomy":"category","embeddable":true,"href":"https:\/\/www.bghaber.org\/bghaber\/wp-json\/wp\/v2\/categories?post=28386"},{"taxonomy":"post_tag","embeddable":true,"href":"https:\/\/www.bghaber.org\/bghaber\/wp-json\/wp\/v2\/tags?post=28386"}],"curies":[{"name":"wp","href":"https:\/\/api.w.org\/{rel}","templated":true}]}}