{"id":28323,"date":"2018-03-13T16:57:18","date_gmt":"2018-03-13T13:57:18","guid":{"rendered":"http:\/\/www.bghaber.org\/bghaber\/?p=28323"},"modified":"2019-07-05T00:22:13","modified_gmt":"2019-07-04T21:22:13","slug":"bulgaristan-cumhurbaskani-milli-guvenlik-danisma-kurulunu-cagiracak","status":"publish","type":"post","link":"https:\/\/www.bghaber.org\/bghaber\/bulgaristan-cumhurbaskani-milli-guvenlik-danisma-kurulunu-cagiracak\/","title":{"rendered":"Bulgaristan Cumhurba\u015fkan\u0131 Milli G\u00fcvenlik Dan\u0131\u015fma Kurulunu \u00e7a\u011f\u0131racak"},"content":{"rendered":"<p>Cumhurba\u015fkan\u0131 Rumen Radev, \u00fclkenin enerji g\u00fcvenli\u011fi ile ilgili konular\u0131n ele al\u0131nmas\u0131 i\u00e7in Nisan ay\u0131n\u0131n ikinci yar\u0131s\u0131nda Milli G\u00fcvenlik Dan\u0131\u015fma Kurulu toplant\u0131s\u0131 \u00e7a\u011f\u0131raca\u011f\u0131n\u0131 bildirdi.<\/p>\n<p>Cumhurba\u015fkan\u0131na g\u00f6re h\u00fck\u00fcmet Bulgaristan halk\u0131na elektrik da\u011f\u0131t\u0131m \u015firketi CEZ i\u015fleminin finansman \u015femas\u0131 ile ilgili ve de bu i\u015flemin siyasi destek ald\u0131\u011f\u0131 yolla ilgili cevaplar vermek zorundad\u0131r.<\/p>\n<p>&nbsp;<\/p>\n<p>BNR<\/p>\n<div id=\"bghab-1772904360\" class=\"bghab-yazi-altinda bghab-entity-placement\"><div class=\"bghab-adlabel\">Reklamlar<\/div><script async src=\"https:\/\/pagead2.googlesyndication.com\/pagead\/js\/adsbygoogle.js\"><\/script>\r\n<!-- bghaber-yaz\u0131-sonu -->\r\n<ins class=\"adsbygoogle\"\r\n     style=\"display:block\"\r\n     data-ad-client=\"ca-pub-6203283170189293\"\r\n     data-ad-slot=\"4222328180\"\r\n     data-ad-format=\"auto\"\r\n     data-full-width-responsive=\"true\"><\/ins>\r\n<script>\r\n     (adsbygoogle = window.adsbygoogle || []).push({});\r\n<\/script><\/div><br style=\"clear: both; display: block; float: none;\"\/>","protected":false},"excerpt":{"rendered":"<p>Cumhurba\u015fkan\u0131 Rumen Radev, \u00fclkenin enerji g\u00fcvenli\u011fi ile ilgili konular\u0131n ele al\u0131nmas\u0131 i\u00e7in Nisan ay\u0131n\u0131n ikinci yar\u0131s\u0131nda Milli G\u00fcvenlik Dan\u0131\u015fma Kurulu toplant\u0131s\u0131 \u00e7a\u011f\u0131raca\u011f\u0131n\u0131 bildirdi. Cumhurba\u015fkan\u0131na g\u00f6re<\/p>\n","protected":false},"author":29,"featured_media":25832,"comment_status":"closed","ping_status":"closed","sticky":false,"template":"","format":"standard","meta":{"advanced_seo_description":"","jetpack_seo_html_title":"","jetpack_seo_noindex":false,"_jetpack_memberships_contains_paid_content":false,"footnotes":""},"categories":[1,4],"tags":[],"class_list":["post-28323","post","type-post","status-publish","format-standard","has-post-thumbnail","hentry","category-haberler","category-siyaset"],"jetpack_featured_media_url":"https:\/\/i0.wp.com\/www.bghaber.org\/bghaber\/wp-content\/uploads\/2018\/01\/rumen-radev-bulgaristan-cumhurbaskani-2017.jpg?fit=650%2C366&ssl=1","jetpack_sharing_enabled":true,"jetpack_likes_enabled":true,"jetpack-related-posts":[],"jetpack_shortlink":"https:\/\/wp.me\/pc2PfJ-7mP","_links":{"self":[{"href":"https:\/\/www.bghaber.org\/bghaber\/wp-json\/wp\/v2\/posts\/28323","targetHints":{"allow":["GET"]}}],"collection":[{"href":"https:\/\/www.bghaber.org\/bghaber\/wp-json\/wp\/v2\/posts"}],"about":[{"href":"https:\/\/www.bghaber.org\/bghaber\/wp-json\/wp\/v2\/types\/post"}],"author":[{"embeddable":true,"href":"https:\/\/www.bghaber.org\/bghaber\/wp-json\/wp\/v2\/users\/29"}],"replies":[{"embeddable":true,"href":"https:\/\/www.bghaber.org\/bghaber\/wp-json\/wp\/v2\/comments?post=28323"}],"version-history":[{"count":0,"href":"https:\/\/www.bghaber.org\/bghaber\/wp-json\/wp\/v2\/posts\/28323\/revisions"}],"wp:featuredmedia":[{"embeddable":true,"href":"https:\/\/www.bghaber.org\/bghaber\/wp-json\/wp\/v2\/media\/25832"}],"wp:attachment":[{"href":"https:\/\/www.bghaber.org\/bghaber\/wp-json\/wp\/v2\/media?parent=28323"}],"wp:term":[{"taxonomy":"category","embeddable":true,"href":"https:\/\/www.bghaber.org\/bghaber\/wp-json\/wp\/v2\/categories?post=28323"},{"taxonomy":"post_tag","embeddable":true,"href":"https:\/\/www.bghaber.org\/bghaber\/wp-json\/wp\/v2\/tags?post=28323"}],"curies":[{"name":"wp","href":"https:\/\/api.w.org\/{rel}","templated":true}]}}