{"id":28320,"date":"2018-03-13T18:30:05","date_gmt":"2018-03-13T15:30:05","guid":{"rendered":"http:\/\/www.bghaber.org\/bghaber\/?p=28320"},"modified":"2019-07-05T00:22:13","modified_gmt":"2019-07-04T21:22:13","slug":"327-rotaryen-edirnede-balkanlarda-baris-icin-evet-dediler","status":"publish","type":"post","link":"https:\/\/www.bghaber.org\/bghaber\/327-rotaryen-edirnede-balkanlarda-baris-icin-evet-dediler\/","title":{"rendered":"327 rotaryen, Edirne\u2019de Balkanlar&#8217;da bar\u0131\u015f i\u00e7in evet dediler"},"content":{"rendered":"<p>Edirne Rotary Kul\u00fcb\u00fc taraf\u0131ndan Edirne\u2019de d\u00fczenlenen \u201cBalkanlar&#8217;da Bar\u0131\u015f \u0130\u00e7in Rotary\u201d Forumu\u2019na d\u00f6rt \u00fclkeden 30 kul\u00fcpten 327 rotaryen kat\u0131ld\u0131. Bu, 2000 y\u0131l\u0131ndan beri s\u00fcregelen bir gelenektir ki, o zaman d\u00fcnyan\u0131n en b\u00fcy\u00fck sivil toplum \u00f6rg\u00fct\u00fc temsilcileri, yeni bin y\u0131l\u0131n ba\u015f\u0131nda sorunlarla dolu balkan yar\u0131madas\u0131nda bar\u0131\u015f mesaj\u0131 g\u00f6ndermeye karar verdiler. Birinci toplant\u0131, Meri\u00e7, Tunca ve Arda nehrinin birle\u015fti\u011fi, T\u00fcrkiye, Yunanistan ve Bulgaristan s\u0131n\u0131rlar\u0131n\u0131n birle\u015fti\u011fi Edirne\u2019de yap\u0131ld\u0131. Geleneksel olarak bar\u0131\u015f forumlar\u0131nda \u00fc\u00e7 s\u0131n\u0131r kom\u015fu \u00fclke temsil edilmektedir. Bu y\u0131l toplant\u0131ya gen\u00e7 Kosova Cumhuriyeti&#8217;ndeki Rotary Hareketi temsilcileri de kat\u0131ld\u0131.<\/p>\n<p>Pop\u00fclerli\u011fi s\u00fcrekli artan foruma kat\u0131lan kul\u00fcplerin \u00e7o\u011fu ev sahipli\u011fi yapan T\u00fcrkiye\u2019dendi. Metropol \u0130stanbul\u2019dan Suriye yak\u0131nlar\u0131ndaki Gaziantep iline kadar b\u00fcy\u00fck ve k\u00fc\u00e7\u00fck \u015fehirlerinden rotaryenler kat\u0131ld\u0131. Bu y\u0131l Bulgaristan&#8217;dan da \u00e7ok g\u00fc\u00e7l\u00fc bir kat\u0131l\u0131m oldu. 2000 y\u0131l\u0131nda ba\u015flat\u0131lan giri\u015fimi ilk destekleyen kul\u00fcplerden biri olan K\u0131rcaali Rotary Kul\u00fcb\u00fc\u2019nden ba\u015fka Haskovo (Hask\u00f6y), Pazarc\u0131k, Burgaz, Filibe, Aytos ve Svilengrad \u015fehirlerindeki rotary kul\u00fcplerinin temsilcileri de kat\u0131ld\u0131.<\/p>\n<p>Konuklar aras\u0131nda 2420. B\u00f6lge Guvarn\u00f6r\u00fc Kaan Kobako\u011flu, Guvern\u00f6r Yard\u0131mc\u0131s\u0131 G\u00fczin Ciravo\u011flu ve Edirne Belediye Ba\u015fkan Vekili Sel\u00e7uk \u00c7ak\u0131r haz\u0131r bulundular.<\/p>\n<p>Forumun a\u00e7\u0131l\u0131\u015f konu\u015fmas\u0131n\u0131 yapan Edirne Rotary Kul\u00fcb\u00fc Ba\u015fkan\u0131 \u0130smail Bilgi, inisiyatife kat\u0131lmak i\u00e7in Balkanlardan gelerek, bar\u0131\u015f i\u00e7in dayan\u0131\u015fma g\u00f6steren rotaryenlere te\u015fekk\u00fcr etti. Etkinli\u011fin Edirne Rotary Kul\u00fcb\u00fc\u2019n\u00fcn 41. kurulu\u015f y\u0131ld\u00f6n\u00fcm\u00fcne denk geldi\u011fini belirten Bilgi, \u201cBalkanlar&#8217;da Bar\u0131\u015f \u0130\u00e7in Rotary\u201d Forumu\u2019nu Bulgaristan ve Yunanistan\u2019\u0131n Edirne konsoloslar\u0131n\u0131n da \u015fereflendirdi\u011fini bildirdi. Bilgi, \u201cBu bar\u0131\u015f forumunu, Meri\u00e7, Tunca ve Arda&#8217;n\u0131n birle\u015fti\u011fi yerde organize ediyoruz, \u00e7\u00fcnk\u00fc su bizi canl\u0131 tutuyor. \u00dc\u00e7 nehrin birle\u015fmesi, \u00fc\u00e7 kom\u015fu \u00fclke aras\u0131ndaki dostlu\u011fu simgeliyor\u201d diye vurgulad\u0131. Bilgi, rotaryenlerin \u00e7ok \u00f6nceden \u00fclkeler aras\u0131nda k\u00f6pr\u00fc kurduklar\u0131n\u0131 ve bunun Rotary&#8217;nin temel amac\u0131n\u0131n topluma hizmet etmek olmas\u0131ndan kaynakland\u0131\u011f\u0131n\u0131 belirtti. \u0130smail Bilgi, rotaryenlerin forumlar\u0131n\u0131n Balkan halklar\u0131n\u0131n yak\u0131nla\u015fmas\u0131 ve turizmin geli\u015fmesine katk\u0131da bulundu\u011funu vurgulad\u0131.<\/p>\n<p>Kaan Kobako\u011flu yapt\u0131\u011f\u0131 selamlama konu\u015fmas\u0131nda T\u00fcrkiye Cumhuriyeti\u2019nin kurucusu Mustafa Kemal Atat\u00fcrk\u2019\u00fcn \u201cYurtta sulh, cihanda sulh\u201d s\u00f6z\u00fcn\u00fc an\u0131msatarak, vatan\u0131ndaki rotaryenlerin s\u00fcrekli bu s\u00f6z\u00fc rehber edindiklerini vurgulad\u0131. Kobako\u011flu,\u201dBiz dostluktan yana, arkada\u015fl\u0131ktan yanay\u0131z\u201d dedi.<\/p><div id=\"bghab-1665661696\" class=\"bghab-icerik-icine bghab-entity-placement\"><script async src=\"\/\/pagead2.googlesyndication.com\/pagead\/js\/adsbygoogle.js?client=ca-pub-6203283170189293\" crossorigin=\"anonymous\"><\/script><ins class=\"adsbygoogle\" style=\"display:block; text-align:center;\" data-ad-client=\"ca-pub-6203283170189293\" \ndata-ad-slot=\"7303146466\" \ndata-ad-layout=\"in-article\"\ndata-ad-format=\"fluid\" data-full-width-responsive=\"true\"><\/ins>\n<script> \n(adsbygoogle = window.adsbygoogle || []).push({}); \n<\/script>\n<\/div>\n<p>Kobako\u011flu\u2019nun konu\u015fmas\u0131n\u0131n ard\u0131ndan \u0130smail Bilgi, s\u00f6z\u00fc foruma kat\u0131lan t\u00fcm kul\u00fcp ba\u015fkanlar\u0131na verdi. K\u0131rcaali Rotary Kul\u00fcb\u00fc Ba\u015fkan\u0131 Bahar Palova, Do\u011fu Rodoplar\u0131n ba\u015fkentindeki rotaryenlerin daima Balkanlarda bar\u0131\u015f toplant\u0131lar\u0131n\u0131 desteklediklerini vurgulad\u0131. Rotary kul\u00fcb\u00fc ba\u015fkanlar\u0131, birbirine kul\u00fcp bayraklar\u0131 hediye etme ve daha yak\u0131n ili\u015fkiler kurma konusunda anla\u015fma yapma f\u0131rsat\u0131 buldular.<\/p>\n<p>K\u0131rcaali Rotary Kul\u00fcb\u00fc ad\u0131na eski K\u0131rcaali Rotary Kul\u00fcb\u00fc Ba\u015fkan\u0131 Sebahattin G\u00f6k\u00e7e de konu\u015fma yapt\u0131. Destek\u00e7ilerin \u00fc\u00e7 nehir \u00fczerinde k\u00f6pr\u00fcler kurmak i\u00e7in topland\u0131\u011f\u0131n\u0131 vurgulayan G\u00f6k\u00e7e, K\u0131rcaali\u2019de k\u00f6pr\u00fclerin H\u0131ristiyanlar ve M\u00fcsl\u00fcmanlar aras\u0131nda kuruldu\u011funu s\u00f6yledi. Gazeteci Georgi Kulov\u2019un \u201cK\u00f6pr\u00fc\u201d adl\u0131 kitab\u0131n\u0131n bunun meyvesi oldu\u011funu ifade eden eski K\u0131rcaali Rotary Kul\u00fcb\u00fc Ba\u015fkan\u0131, kitab\u0131n bir adedini \u0130smail Bilgi\u2019ye hediye etti. Toplant\u0131da haz\u0131r bulunan m\u00fcellif Georgi Kulov, kitab\u0131n i\u015f adam\u0131 Sebahattin G\u00f6k\u00e7e\u2019nin sponsorlu\u011funda bast\u0131r\u0131ld\u0131\u011f\u0131n\u0131 belirtti. Kulov, kitab\u0131n\u0131n bir adedini Kobako\u011flu\u2019na hediye etti.<\/p>\n<p>Ev sahipli\u011fi yapan kul\u00fcp, d\u00fczenledi\u011fi zengin bir k\u00fclt\u00fcrel programla konuklar\u0131na ne\u015feli anlar ya\u015fatt\u0131. T\u00fcrkiye, Bulgaristan ve Yunanistan&#8217;dan kat\u0131lan folklor ekipleri, halk oyunlar\u0131 g\u00f6sterileri sundu. Bulgar sanat\u00e7\u0131 Slavka Kal\u00e7eva s\u00f6yledi\u011fi \u201cBeyaz G\u00fcl\u201d t\u00fcrk\u00fcs\u00fc ile geceye renk katt\u0131.<\/p>\n<p>&nbsp;<\/p>\n<p>K\u0131rcaali Haber<\/p><div id=\"bghab-2148335896\" class=\"bghab-icerik-icine-10-paragraf bghab-entity-placement\"><script async src=\"\/\/pagead2.googlesyndication.com\/pagead\/js\/adsbygoogle.js?client=ca-pub-6203283170189293\" crossorigin=\"anonymous\"><\/script><ins class=\"adsbygoogle\" style=\"display:block; text-align:center;\" data-ad-client=\"ca-pub-6203283170189293\" \ndata-ad-slot=\"7303146466\" \ndata-ad-layout=\"in-article\"\ndata-ad-format=\"fluid\" data-full-width-responsive=\"true\"><\/ins>\n<script> \n(adsbygoogle = window.adsbygoogle || []).push({}); \n<\/script>\n<\/div>\n<div id=\"bghab-1955398913\" class=\"bghab-yazi-altinda bghab-entity-placement\"><div class=\"bghab-adlabel\">Reklamlar<\/div><script async src=\"https:\/\/pagead2.googlesyndication.com\/pagead\/js\/adsbygoogle.js\"><\/script>\r\n<!-- bghaber-yaz\u0131-sonu -->\r\n<ins class=\"adsbygoogle\"\r\n     style=\"display:block\"\r\n     data-ad-client=\"ca-pub-6203283170189293\"\r\n     data-ad-slot=\"4222328180\"\r\n     data-ad-format=\"auto\"\r\n     data-full-width-responsive=\"true\"><\/ins>\r\n<script>\r\n     (adsbygoogle = window.adsbygoogle || []).push({});\r\n<\/script><\/div><br style=\"clear: both; display: block; float: none;\"\/>","protected":false},"excerpt":{"rendered":"<p>Edirne Rotary Kul\u00fcb\u00fc taraf\u0131ndan Edirne\u2019de d\u00fczenlenen \u201cBalkanlar&#8217;da Bar\u0131\u015f \u0130\u00e7in Rotary\u201d Forumu\u2019na d\u00f6rt \u00fclkeden 30 kul\u00fcpten 327 rotaryen kat\u0131ld\u0131. Bu, 2000 y\u0131l\u0131ndan beri s\u00fcregelen bir gelenektir<\/p>\n","protected":false},"author":29,"featured_media":28321,"comment_status":"closed","ping_status":"closed","sticky":false,"template":"","format":"standard","meta":{"advanced_seo_description":"","jetpack_seo_html_title":"","jetpack_seo_noindex":false,"_jetpack_memberships_contains_paid_content":false,"footnotes":""},"categories":[1,10],"tags":[],"class_list":["post-28320","post","type-post","status-publish","format-standard","has-post-thumbnail","hentry","category-haberler","category-kultur-sanat"],"jetpack_featured_media_url":"https:\/\/i0.wp.com\/www.bghaber.org\/bghaber\/wp-content\/uploads\/2018\/03\/rotary-kulubu-edirnede.jpg?fit=1024%2C684&ssl=1","jetpack_sharing_enabled":true,"jetpack_likes_enabled":true,"jetpack-related-posts":[],"jetpack_shortlink":"https:\/\/wp.me\/pc2PfJ-7mM","_links":{"self":[{"href":"https:\/\/www.bghaber.org\/bghaber\/wp-json\/wp\/v2\/posts\/28320","targetHints":{"allow":["GET"]}}],"collection":[{"href":"https:\/\/www.bghaber.org\/bghaber\/wp-json\/wp\/v2\/posts"}],"about":[{"href":"https:\/\/www.bghaber.org\/bghaber\/wp-json\/wp\/v2\/types\/post"}],"author":[{"embeddable":true,"href":"https:\/\/www.bghaber.org\/bghaber\/wp-json\/wp\/v2\/users\/29"}],"replies":[{"embeddable":true,"href":"https:\/\/www.bghaber.org\/bghaber\/wp-json\/wp\/v2\/comments?post=28320"}],"version-history":[{"count":0,"href":"https:\/\/www.bghaber.org\/bghaber\/wp-json\/wp\/v2\/posts\/28320\/revisions"}],"wp:featuredmedia":[{"embeddable":true,"href":"https:\/\/www.bghaber.org\/bghaber\/wp-json\/wp\/v2\/media\/28321"}],"wp:attachment":[{"href":"https:\/\/www.bghaber.org\/bghaber\/wp-json\/wp\/v2\/media?parent=28320"}],"wp:term":[{"taxonomy":"category","embeddable":true,"href":"https:\/\/www.bghaber.org\/bghaber\/wp-json\/wp\/v2\/categories?post=28320"},{"taxonomy":"post_tag","embeddable":true,"href":"https:\/\/www.bghaber.org\/bghaber\/wp-json\/wp\/v2\/tags?post=28320"}],"curies":[{"name":"wp","href":"https:\/\/api.w.org\/{rel}","templated":true}]}}