{"id":28317,"date":"2018-03-13T17:15:07","date_gmt":"2018-03-13T14:15:07","guid":{"rendered":"http:\/\/www.bghaber.org\/bghaber\/?p=28317"},"modified":"2019-07-05T00:22:13","modified_gmt":"2019-07-04T21:22:13","slug":"silivride-bulgar-askerlerinin-1912de-kullandigi-magara-bulundu","status":"publish","type":"post","link":"https:\/\/www.bghaber.org\/bghaber\/silivride-bulgar-askerlerinin-1912de-kullandigi-magara-bulundu\/","title":{"rendered":"Silivri&#8217;de Bulgar askerlerinin 1912&#8217;de kulland\u0131\u011f\u0131 ma\u011fara bulundu"},"content":{"rendered":"<p>\u00c7atalca K\u00fclt\u00fcr ve Turizm Derne\u011finin giri\u015fimleri ile \u00c7atalca&#8217;da bulunan ma\u011faralar\u0131n tespiti ve tescili konusunda \u00e7al\u0131\u015fmalar yapan Aspeg Anadolu Spoleoloji Derne\u011fi, Trakya&#8217;n\u0131n dikine olarak en derin ma\u011faras\u0131n\u0131n \u00c7atalca\u2019da oldu\u011funu belirledi. G\u00fcm\u00fc\u015fp\u0131nar-Ayd\u0131nlar Mahalleleri aras\u0131nda Istranca Ormanlar\u0131 i\u00e7erisinde bulunan ve huni \u015feklinde daral\u0131p geni\u015f meyilli bir salona \u00e7\u0131kan Be\u015fme\u015feler Ma\u011faras\u0131&#8217;n\u0131n 39 metre derinli\u011fe sahip oldu\u011fu anla\u015f\u0131ld\u0131.<\/p>\n<p>Ma\u011faraya halatlar yard\u0131m\u0131yla g\u00fc\u00e7l\u00fckle ula\u015fan ekipler, ma\u011faran\u0131n giri\u015f b\u00f6l\u00fcm\u00fcnde yukar\u0131dan d\u00fc\u015ferek \u00f6lm\u00fc\u015f hayvan kemiklerine rastlad\u0131. Ma\u011farada incelemelerde bulunan ekip, haz\u0131rlad\u0131\u011f\u0131 raporda \u00f6nemli bir yarasa pop\u00fclasyonunun oldu\u011funu ve kumal\u0131 havuzlarda beyaz karides g\u00f6r\u00fcld\u00fc\u011f\u00fcn\u00fc belirtti. \u00c7atalca K\u00fclt\u00fcr ve Turizm Derne\u011fince \u0130stanbul 1 No\u2019lu K\u00fclt\u00fcr Varl\u0131klar\u0131 Koruma Kuruluna yaz\u0131l\u0131 olarak ba\u015fvurularak, ma\u011farada bulunanlar\u0131n tescilinin yapt\u0131r\u0131laca\u011f\u0131 \u00f6\u011frenildi.<\/p>\n<p><img data-recalc-dims=\"1\" decoding=\"async\" class=\"aligncenter\" src=\"https:\/\/i0.wp.com\/img1.aksam.com.tr\/imgsdisk\/2018\/03\/12\/120320181254231372325_2.jpg?w=640\" alt=\"%C4%B0stanbul+%C3%87atalca%E2%80%99da+40+metrelik+ma%C4%9Fara+ke%C5%9Ffedildi\" \/><\/p>\n<p>Konuyla ilgili bilgi veren \u00c7atalca K\u00fclt\u00fcr ve Turizm Derne\u011fi Ba\u015fkan\u0131 Ahmet Rasim Y\u00fccel, \u201c\u0130l\u00e7emiz \u00c7atalca tam bir ma\u011faralar kenti. Biliyorsunuz \u00fclkemizin en uzun 8. ma\u011faras\u0131 olan \u0130kig\u00f6z Ma\u011faras\u0131 \u00c7atalca&#8217;da. \u00c7ok farkl\u0131 yarasalar\u0131n ya\u015fad\u0131\u011f\u0131 bir ma\u011fara Yaylac\u0131k Mahallemizde, G\u00f6k\u00e7eali\u2019den ba\u015flayarak hemen hemen her mahallemizde ma\u011fara bulunmaktad\u0131r. 2 y\u0131l \u00f6nce yine Da\u011fyenice muhtar\u0131m\u0131z\u0131n davetiyle arkeolog ve ma\u011farac\u0131 arkada\u015flar\u0131m\u0131zla Balkan Harbi\u2019nde Bulgar askerlerinin sakland\u0131klar\u0131 iki adet ma\u011fara tespit edilerek tescilleri yap\u0131ld\u0131.<\/p>\n<p>&#8220;\u00c7ok enteresan, ma\u011fara i\u00e7erisinde bir Bulgar komutan\u0131n Bulgarca bir yaz\u0131s\u0131 alt\u0131nda g\u00fcn, ay ve y\u0131l olarak 1912 tarihi ile bug\u00fcn hala duvar\u0131nda durmaktad\u0131r. Aspeg Derne\u011finin de\u011ferli \u00fcyeleriyle yine \u00f6nemli bir ma\u011fara tespit etmi\u015f bulunmaktay\u0131z. Bu ma\u011fara G\u00fcm\u00fc\u015fp\u0131nar-Ayd\u0131nlar aras\u0131nda, orman\u0131n derinliklerinde yerden dikine olarak tam 39 metre derinlikte bir ma\u011fara. Arkada\u015flar\u0131m\u0131z olduk\u00e7a zor \u015fartlarda a\u015fa\u011f\u0131ya inmi\u015flerdir. \u0130\u00e7eride hayvan kemikleri g\u00f6rm\u00fc\u015fler.<\/p>\n<p><img data-recalc-dims=\"1\" loading=\"lazy\" decoding=\"async\" class=\"aligncenter\" src=\"https:\/\/i0.wp.com\/img1.aksam.com.tr\/fotogaleri\/haber_icerik\/images\/120320181258417831205.jpg?resize=640%2C966\" width=\"640\" height=\"966\" \/><\/p>\n<p>&#8220;Ayr\u0131ca yine muhtemelen definecilerden kalan bir kask ve \u0131\u015f\u0131ldak bulmu\u015flar. \u015eimdi bize d\u00fc\u015fen g\u00f6rev; bu \u00e7ok \u00f6nemli ma\u011faray\u0131 koordinatlar\u0131, \u00f6l\u00e7\u00fcleri ve foto\u011fraflar\u0131yla K\u00fclt\u00fcr Varl\u0131klar\u0131 Koruma Kuruluna bildirip tescili yapt\u0131rmakt\u0131r. Bunu hemen yapaca\u011f\u0131z.&#8221;<\/p><div id=\"bghab-1494330851\" class=\"bghab-icerik-icine bghab-entity-placement\"><script async src=\"\/\/pagead2.googlesyndication.com\/pagead\/js\/adsbygoogle.js?client=ca-pub-6203283170189293\" crossorigin=\"anonymous\"><\/script><ins class=\"adsbygoogle\" style=\"display:block; text-align:center;\" data-ad-client=\"ca-pub-6203283170189293\" \ndata-ad-slot=\"7303146466\" \ndata-ad-layout=\"in-article\"\ndata-ad-format=\"fluid\" data-full-width-responsive=\"true\"><\/ins>\n<script> \n(adsbygoogle = window.adsbygoogle || []).push({}); \n<\/script>\n<\/div>\n<p>&#8220;Mahallelerimizde ya\u015fayan halk\u0131m\u0131zdan bildikleri ma\u011fara ve tarihi yap\u0131tlar\u0131 derne\u011fimize bildirmelerini rica ediyoruz. Tarihi eserlerimize sahip \u00e7\u0131kmal\u0131y\u0131z. Bu topraklar \u00fczerinde ya\u015fayan bizler tarihimize sahip \u00e7\u0131kmak zorunday\u0131z. Bu konuda yetkililerimize, halk\u0131m\u0131za ve bas\u0131n\u0131m\u0131za \u00f6nemli g\u00f6revler d\u00fc\u015fmektedir\u201d dedi.<\/p>\n<p>&nbsp;<\/p>\n<p>\u0130HA<\/p>\n<div id=\"bghab-2820482203\" class=\"bghab-yazi-altinda bghab-entity-placement\"><div class=\"bghab-adlabel\">Reklamlar<\/div><script async src=\"https:\/\/pagead2.googlesyndication.com\/pagead\/js\/adsbygoogle.js\"><\/script>\r\n<!-- bghaber-yaz\u0131-sonu -->\r\n<ins class=\"adsbygoogle\"\r\n     style=\"display:block\"\r\n     data-ad-client=\"ca-pub-6203283170189293\"\r\n     data-ad-slot=\"4222328180\"\r\n     data-ad-format=\"auto\"\r\n     data-full-width-responsive=\"true\"><\/ins>\r\n<script>\r\n     (adsbygoogle = window.adsbygoogle || []).push({});\r\n<\/script><\/div><br style=\"clear: both; display: block; float: none;\"\/>","protected":false},"excerpt":{"rendered":"<p>\u00c7atalca K\u00fclt\u00fcr ve Turizm Derne\u011finin giri\u015fimleri ile \u00c7atalca&#8217;da bulunan ma\u011faralar\u0131n tespiti ve tescili konusunda \u00e7al\u0131\u015fmalar yapan Aspeg Anadolu Spoleoloji Derne\u011fi, Trakya&#8217;n\u0131n dikine olarak en derin<\/p>\n","protected":false},"author":29,"featured_media":28318,"comment_status":"closed","ping_status":"closed","sticky":false,"template":"","format":"standard","meta":{"advanced_seo_description":"","jetpack_seo_html_title":"","jetpack_seo_noindex":false,"_jetpack_memberships_contains_paid_content":false,"footnotes":""},"categories":[1,10],"tags":[],"class_list":["post-28317","post","type-post","status-publish","format-standard","has-post-thumbnail","hentry","category-haberler","category-kultur-sanat"],"jetpack_featured_media_url":"https:\/\/i0.wp.com\/www.bghaber.org\/bghaber\/wp-content\/uploads\/2018\/03\/silivride-bulgar-askerlerin-kullandigi-ma%C4%9Fara.jpg?fit=635%2C960&ssl=1","jetpack_sharing_enabled":true,"jetpack_likes_enabled":true,"jetpack-related-posts":[],"jetpack_shortlink":"https:\/\/wp.me\/pc2PfJ-7mJ","_links":{"self":[{"href":"https:\/\/www.bghaber.org\/bghaber\/wp-json\/wp\/v2\/posts\/28317","targetHints":{"allow":["GET"]}}],"collection":[{"href":"https:\/\/www.bghaber.org\/bghaber\/wp-json\/wp\/v2\/posts"}],"about":[{"href":"https:\/\/www.bghaber.org\/bghaber\/wp-json\/wp\/v2\/types\/post"}],"author":[{"embeddable":true,"href":"https:\/\/www.bghaber.org\/bghaber\/wp-json\/wp\/v2\/users\/29"}],"replies":[{"embeddable":true,"href":"https:\/\/www.bghaber.org\/bghaber\/wp-json\/wp\/v2\/comments?post=28317"}],"version-history":[{"count":0,"href":"https:\/\/www.bghaber.org\/bghaber\/wp-json\/wp\/v2\/posts\/28317\/revisions"}],"wp:featuredmedia":[{"embeddable":true,"href":"https:\/\/www.bghaber.org\/bghaber\/wp-json\/wp\/v2\/media\/28318"}],"wp:attachment":[{"href":"https:\/\/www.bghaber.org\/bghaber\/wp-json\/wp\/v2\/media?parent=28317"}],"wp:term":[{"taxonomy":"category","embeddable":true,"href":"https:\/\/www.bghaber.org\/bghaber\/wp-json\/wp\/v2\/categories?post=28317"},{"taxonomy":"post_tag","embeddable":true,"href":"https:\/\/www.bghaber.org\/bghaber\/wp-json\/wp\/v2\/tags?post=28317"}],"curies":[{"name":"wp","href":"https:\/\/api.w.org\/{rel}","templated":true}]}}