{"id":28311,"date":"2018-03-13T16:31:27","date_gmt":"2018-03-13T13:31:27","guid":{"rendered":"http:\/\/www.bghaber.org\/bghaber\/?p=28311"},"modified":"2019-07-05T00:22:14","modified_gmt":"2019-07-04T21:22:14","slug":"turkler-ve-bulgarlar-gecmisten-ders-cikarip-birlikte-yasamanin-yolunu-bulmali","status":"publish","type":"post","link":"https:\/\/www.bghaber.org\/bghaber\/turkler-ve-bulgarlar-gecmisten-ders-cikarip-birlikte-yasamanin-yolunu-bulmali\/","title":{"rendered":"T\u00fcrkler Ve Bulgarlar Ge\u00e7mi\u015ften Ders \u00c7\u0131kar\u0131p Birlikte Ya\u015faman\u0131n Yolunu Bulmal\u0131"},"content":{"rendered":"<p>Uluda\u011f \u00dcniversitesi E\u011fitim Fak\u00fcltesi Sosyal Bilgiler \u00d6\u011fretmenli\u011fi Anabilim Dal\u0131 \u00d6\u011fretim \u00dcyesi Prof. Dr. Emin Atasoy, alt\u0131 y\u00fczy\u0131l boyunca Bulgar halk\u0131yla ayn\u0131 topraklar\u0131 ve ayn\u0131 tarihi payla\u015fan T\u00fcrk ve Pomaklarla ilgili ayr\u0131nt\u0131l\u0131 bir tarih \u00e7al\u0131\u015fmas\u0131na imza att\u0131.<\/p>\n<p>Yazar Prof. Dr. Emin Atasoy, \u201cAsimilasyon \u00c7emberindeki Bulgaristan M\u00fcsl\u00fcmanlar\u0131\u201d ad\u0131yla \u00e7\u0131kan kitab\u0131nda, M\u00fcsl\u00fcman topluluklar\u0131n kimlik sava\u015f\u0131n\u0131 ve T\u00fcrkiye\u2019ye g\u00f6\u00e7 dram\u0131n\u0131 yazarken, T\u00fcrk ve Bulgar kaynaklar\u0131n\u0131n yan\u0131 s\u0131ra kendi g\u00f6zlemleri ve hat\u0131ralar\u0131ndan da yararland\u0131. Bulgaristan\u2019\u0131n, Avrupa \u00fclkeleri aras\u0131nda en y\u00fcksek T\u00fcrk n\u00fcfus oran\u0131na sahip \u00fclkelerden biri olmas\u0131na ra\u011fmen g\u00fcn\u00fcm\u00fczde bile T\u00fcrk bilim adamlar\u0131n\u0131n dikkatini \u00e7ekmeyi bir t\u00fcrl\u00fc ba\u015faramad\u0131\u011f\u0131n\u0131 belirten Prof. Dr. Emin Atasoy, bu kitab\u0131n gayesinin g\u00f6z ard\u0131 edilmi\u015f ve ayd\u0131nlat\u0131lmam\u0131\u015f olan az\u0131nl\u0131k meselesini ayd\u0131nlatmak oldu\u011funu s\u00f6yledi.<\/p>\n<p>Kendisinin de 1989 y\u0131l\u0131nda ailesiyle birlikte T\u00fcrkiye\u2019ye g\u00f6\u00e7 etti\u011fini anlatan Prof. Dr. Emin Atasoy, \u201c\u00c7ok kitap yazd\u0131m, ama en \u00e7ok bu kitab\u0131m\u0131 seviyorum, en \u00e7ok buna kaynak ve emek harcad\u0131. G\u00f6zlemlerimi ve hat\u0131ralar\u0131m\u0131, ya\u015fant\u0131lar\u0131m\u0131, sevin\u00e7 ve \u00fcz\u00fcnt\u00fclerimi bu kitaba aktard\u0131m, en verimli ve en anlaml\u0131 kitab\u0131m oldu. Polisiye romanlar\u0131n\u0131n ve a\u015fk hik\u00e2yelerinin sat\u0131\u015f rekorlar\u0131 k\u0131rd\u0131\u011f\u0131 bir pazarlama d\u00fcnyas\u0131nda az\u0131nl\u0131k haklar\u0131, etnik asimilasyon, mecburi g\u00f6\u00e7ler ve kimlik d\u00f6n\u00fc\u015f\u00fcmleri ile ilgili kitaplar\u0131n demode olup gen\u00e7lerin ilgisini \u00e7ekmediklerini de biliyorum. Ama y\u00fcz okuyucudan birine ula\u015fabilsem, y\u00fcz okuyucudan birine kendimi anlatabilsem, y\u00fcz okuyucudan biri bana te\u015fekk\u00fcr etse ne mutlu bana\u201d dedi.<\/p>\n<p>&nbsp;<\/p>\n<p>\u0130HA<\/p><div id=\"bghab-2518372188\" class=\"bghab-icerik-icine bghab-entity-placement\"><script async src=\"\/\/pagead2.googlesyndication.com\/pagead\/js\/adsbygoogle.js?client=ca-pub-6203283170189293\" crossorigin=\"anonymous\"><\/script><ins class=\"adsbygoogle\" style=\"display:block; text-align:center;\" data-ad-client=\"ca-pub-6203283170189293\" \ndata-ad-slot=\"7303146466\" \ndata-ad-layout=\"in-article\"\ndata-ad-format=\"fluid\" data-full-width-responsive=\"true\"><\/ins>\n<script> \n(adsbygoogle = window.adsbygoogle || []).push({}); \n<\/script>\n<\/div>\n<div id=\"bghab-3945356693\" class=\"bghab-yazi-altinda bghab-entity-placement\"><div class=\"bghab-adlabel\">Reklamlar<\/div><script async src=\"https:\/\/pagead2.googlesyndication.com\/pagead\/js\/adsbygoogle.js\"><\/script>\r\n<!-- bghaber-yaz\u0131-sonu -->\r\n<ins class=\"adsbygoogle\"\r\n     style=\"display:block\"\r\n     data-ad-client=\"ca-pub-6203283170189293\"\r\n     data-ad-slot=\"4222328180\"\r\n     data-ad-format=\"auto\"\r\n     data-full-width-responsive=\"true\"><\/ins>\r\n<script>\r\n     (adsbygoogle = window.adsbygoogle || []).push({});\r\n<\/script><\/div><br style=\"clear: both; display: block; float: none;\"\/>","protected":false},"excerpt":{"rendered":"<p>Uluda\u011f \u00dcniversitesi E\u011fitim Fak\u00fcltesi Sosyal Bilgiler \u00d6\u011fretmenli\u011fi Anabilim Dal\u0131 \u00d6\u011fretim \u00dcyesi Prof. Dr. Emin Atasoy, alt\u0131 y\u00fczy\u0131l boyunca Bulgar halk\u0131yla ayn\u0131 topraklar\u0131 ve ayn\u0131 tarihi<\/p>\n","protected":false},"author":29,"featured_media":28312,"comment_status":"closed","ping_status":"closed","sticky":false,"template":"","format":"standard","meta":{"advanced_seo_description":"","jetpack_seo_html_title":"","jetpack_seo_noindex":false,"_jetpack_memberships_contains_paid_content":false,"footnotes":""},"categories":[5],"tags":[],"class_list":["post-28311","post","type-post","status-publish","format-standard","has-post-thumbnail","hentry","category-yasam"],"jetpack_featured_media_url":"https:\/\/i0.wp.com\/www.bghaber.org\/bghaber\/wp-content\/uploads\/2018\/03\/prof-dr-emin-atasoy.jpg?fit=696%2C464&ssl=1","jetpack_sharing_enabled":true,"jetpack_likes_enabled":true,"jetpack-related-posts":[],"jetpack_shortlink":"https:\/\/wp.me\/pc2PfJ-7mD","_links":{"self":[{"href":"https:\/\/www.bghaber.org\/bghaber\/wp-json\/wp\/v2\/posts\/28311","targetHints":{"allow":["GET"]}}],"collection":[{"href":"https:\/\/www.bghaber.org\/bghaber\/wp-json\/wp\/v2\/posts"}],"about":[{"href":"https:\/\/www.bghaber.org\/bghaber\/wp-json\/wp\/v2\/types\/post"}],"author":[{"embeddable":true,"href":"https:\/\/www.bghaber.org\/bghaber\/wp-json\/wp\/v2\/users\/29"}],"replies":[{"embeddable":true,"href":"https:\/\/www.bghaber.org\/bghaber\/wp-json\/wp\/v2\/comments?post=28311"}],"version-history":[{"count":0,"href":"https:\/\/www.bghaber.org\/bghaber\/wp-json\/wp\/v2\/posts\/28311\/revisions"}],"wp:featuredmedia":[{"embeddable":true,"href":"https:\/\/www.bghaber.org\/bghaber\/wp-json\/wp\/v2\/media\/28312"}],"wp:attachment":[{"href":"https:\/\/www.bghaber.org\/bghaber\/wp-json\/wp\/v2\/media?parent=28311"}],"wp:term":[{"taxonomy":"category","embeddable":true,"href":"https:\/\/www.bghaber.org\/bghaber\/wp-json\/wp\/v2\/categories?post=28311"},{"taxonomy":"post_tag","embeddable":true,"href":"https:\/\/www.bghaber.org\/bghaber\/wp-json\/wp\/v2\/tags?post=28311"}],"curies":[{"name":"wp","href":"https:\/\/api.w.org\/{rel}","templated":true}]}}