{"id":28301,"date":"2018-03-13T16:25:19","date_gmt":"2018-03-13T13:25:19","guid":{"rendered":"http:\/\/www.bghaber.org\/bghaber\/?p=28301"},"modified":"2019-07-06T20:56:40","modified_gmt":"2019-07-06T17:56:40","slug":"istiklal-marsinin-sairi-mehmet-akif-ersoy-filibede-anildi","status":"publish","type":"post","link":"https:\/\/www.bghaber.org\/bghaber\/istiklal-marsinin-sairi-mehmet-akif-ersoy-filibede-anildi\/","title":{"rendered":"\u0130stiklal Mar\u015f\u0131n\u0131n \u015eairi Mehmet Akif Ersoy Filibe\u2019de An\u0131ld\u0131"},"content":{"rendered":"<p>T\u00fcrkiye Cumhuriyeti \u0130stiklal Mar\u015f\u0131 kabul\u00fcn\u00fcn 97. y\u0131ld\u00f6n\u00fcm\u00fcn\u00fc ve Mehmet Akif Ersoy Anma G\u00fcn\u00fc nedeniyle Filibe\u2019de bir etkinlik d\u00fczenlendi. Paisiy Hilendarski \u00dcniversitesi T\u00fcrk Dili B\u00f6l\u00fcm\u00fc \u00f6\u011frencileri taraf\u0131ndan haz\u0131rlan\u0131p sunulan \u201cBir Dava Adam\u0131 Mehmet Akif Ersoy\u201d adl\u0131 program, Plovdiv (Filibe) \u00dcniversitesi T\u00fcrk Dili ve K\u00fclt\u00fcr\u00fc K\u00fct\u00fcphanesinde d\u00fczenlendi. \u00c7ok say\u0131da \u00fcniversiteli \u00f6\u011frencinin kat\u0131ld\u0131\u011f\u0131 etkinlikte T.C. Filibe Ba\u015fkonsolosu H\u00fcseyin Ergani, Muavin Konsolos Volkan Tany\u0131ld\u0131z, Ba\u015fkonsolosluk g\u00f6revlileri ile Filoloji Fak\u00fcltesi Dekan Yard\u0131mc\u0131s\u0131 Do\u00e7. Dr. Boryan Yanev de haz\u0131r bulundular.<\/p>\n<p>Program T.C. Filibe Ba\u015fkonsolosu H\u00fcseyin Ergani\u2019nin g\u00fcn\u00fcn anlam ve \u00f6nemini belirten konu\u015fmas\u0131yla ba\u015flad\u0131. Mehmet Akif Ersoy\u2019un \u0130stiklal Mar\u015f\u0131\u2019n\u0131 yazd\u0131\u011f\u0131 d\u00f6neme, bu d\u00f6nemin edebi d\u00fcnyas\u0131na ve bu d\u00fcnyada Akif\u2019in durdu\u011fu yere dikkat \u00e7eken Ba\u015fkonsolos Ergani, ayr\u0131ca \u201cYeni bir devlet, T\u00fcrkiye Cumhuriyeti Devleti kurulurken, ba\u011f\u0131ms\u0131zl\u0131k destan\u0131n\u0131n anlat\u0131lmas\u0131 gerekiyordu. Bunun i\u00e7in \u00fclke \u00e7ap\u0131nda bir yar\u0131\u015fma d\u00fczenlendi. Yar\u0131\u015fmaya y\u00fczlerce \u015fair kat\u0131ld\u0131. Hisseden, hissetmeye \u00e7al\u0131\u015fan, elinden geldi\u011fince \u015fiir yazan bir\u00e7ok insan kat\u0131ld\u0131. Hayat\u0131 g\u00fc\u00e7l\u00fc duygularla ya\u015fayan insan, Mehmet Akif Ersoy, uzak duruyordu bu yar\u0131\u015fmadan. \u00c7\u00fcnk\u00fc \u00f6\u011frenmi\u015fti ki, sonunda \u00f6d\u00fcl vard\u0131. Zorlukla ikna ettiler kendisini. Yazd\u0131\u011f\u0131 \u015fiir, muhte\u015fem duygularla Meclis k\u00fcrs\u00fcs\u00fcnde okundu\u011funda, art\u0131k ba\u015fka bir \u015fiire gerek yoktu. \u0130stiklal Mar\u015f\u0131, 12 Mart 1921\u2019de, alk\u0131\u015flar ve dualar e\u015fli\u011finde g\u00f6zya\u015flar\u0131 i\u00e7inde kabul edildi. Mehmet Akif para \u00f6d\u00fcl\u00fcn\u00fc reddederek \u015fehit ailelerine ba\u011f\u0131\u015flad\u0131.\u201d, diye konu\u015ftu. Akif\u2019in Ankara g\u00fcnleri ve Milli M\u00fccadele\u2019de \u00fcstlendi\u011fi sorumluluklar\u0131 da aktaran Ba\u015fkonsolos Ergani, \u201cEtkinli\u011fe ev sahipli\u011fi yapan Plovdiv \u00dcniversitesi Filoloji Fak\u00fcltesi\u2019ne ve T\u00fcrk Dili B\u00f6l\u00fcm\u00fc hocalar\u0131na bu vesileyle i\u00e7ten te\u015fekk\u00fcrlerimizi sunuyoruz. Bu vesileyle \u0130stiklal \u015eairimiz merhum Mehmet Akif Ersoy\u2019u bir kez daha sayg\u0131yla ve rahmetle an\u0131yoruz\u201d, diye belirtti.<\/p>\n<p>Plovdiv \u00dcniversitesi ad\u0131na Filoloji Fak\u00fcltesi dekan Yard\u0131mc\u0131s\u0131 Do\u00e7. Dr. Boryan Yanev de kat\u0131l\u0131mc\u0131lar\u0131 selamlad\u0131, T\u00fcrk Dili B\u00f6l\u00fcm\u00fc \u00f6\u011frencilerini ve hocalar\u0131n\u0131 d\u00fczenledikleri etkinlikten dolay\u0131 tebrik etti.<\/p>\n<p>Programda, \u00f6\u011frenciler taraf\u0131ndan da g\u00fcn\u00fcn anlam ve \u00f6nemini belirten konu\u015fmalar yap\u0131ld\u0131, Mehmet Akif Ersoy\u2019un hayat hikayesi anlat\u0131ld\u0131, \u0130stiklal Mar\u015f\u0131 \u015fiiri okundu. B\u00f6l\u00fcm\u00fcn T\u00fcrk Dili hocas\u0131 Yard. Do\u00e7. Dr. Harun Bekir\u2019\u0131n deste\u011fiyle haz\u0131rlanan programa kat\u0131lan \u00f6\u011frenciler, \u201cDava adam\u0131 olmak demek, savunulan dava u\u011fruna geri kalan her \u015feyden vazge\u00e7mek demektir. Dava insan\u0131, amac\u0131 u\u011frunda hi\u00e7 bir \u015fekilde kendi \u00e7\u0131kar\u0131n\u0131 d\u00fc\u015f\u00fcnmeyen, kendisini hizmete adam\u0131\u015f, b\u00fct\u00fcn emekleri kar\u015f\u0131l\u0131\u011f\u0131nda maddi ve manevi hi\u00e7 bir \u00e7\u0131kar beklemeyen ki\u015fi olmakt\u0131r. Bu y\u00fczden zordur dava adam\u0131 olmak. Cesaret, kabiliyet, emek ister. \u0130stiklal Mar\u015f\u0131 \u015fairi Mehmet Akif Ersoy 1936 y\u0131l\u0131nda hayat\u0131n\u0131 kaybetti. O g\u00fcnden bug\u00fcne aradan 82 y\u0131l ge\u00e7ti. O, y\u00fcksek bir e\u011fitim ve y\u00fcksek bir duygu d\u00fcnyas\u0131yla ruh zenginli\u011fine kavu\u015fan bir deha. \u0130ki d\u00fcnya felsefesine, d\u00fc\u015f\u00fcnce yap\u0131s\u0131na, hayat tarz\u0131na hakim bak\u0131\u015f a\u00e7\u0131s\u0131yla ger\u00e7ek bir ayd\u0131n. \u015eiirleriyle, yaz\u0131lar\u0131yla, konu\u015fmalar\u0131yla milli m\u00fccadelenin manevi ate\u015fleyicilerinden bir hatip\u201d, diye konu\u015ftular.<\/p>\n<p>Konu\u015fman\u0131n ard\u0131ndan Mehmet Akif Ersoy&#8217;un hayat\u0131yla ilgili sinevizyon g\u00f6sterimi yap\u0131ld\u0131.<\/p><div id=\"bghab-3791130708\" class=\"bghab-icerik-icine bghab-entity-placement\"><script async src=\"\/\/pagead2.googlesyndication.com\/pagead\/js\/adsbygoogle.js?client=ca-pub-6203283170189293\" crossorigin=\"anonymous\"><\/script><ins class=\"adsbygoogle\" style=\"display:block; text-align:center;\" data-ad-client=\"ca-pub-6203283170189293\" \ndata-ad-slot=\"7303146466\" \ndata-ad-layout=\"in-article\"\ndata-ad-format=\"fluid\" data-full-width-responsive=\"true\"><\/ins>\n<script> \n(adsbygoogle = window.adsbygoogle || []).push({}); \n<\/script>\n<\/div>\n<p>&nbsp;<\/p>\n<p>K\u0131rcaali Haber<\/p>\n<div id=\"bghab-1600242040\" class=\"bghab-yazi-altinda bghab-entity-placement\"><div class=\"bghab-adlabel\">Reklamlar<\/div><script async src=\"https:\/\/pagead2.googlesyndication.com\/pagead\/js\/adsbygoogle.js\"><\/script>\r\n<!-- bghaber-yaz\u0131-sonu -->\r\n<ins class=\"adsbygoogle\"\r\n     style=\"display:block\"\r\n     data-ad-client=\"ca-pub-6203283170189293\"\r\n     data-ad-slot=\"4222328180\"\r\n     data-ad-format=\"auto\"\r\n     data-full-width-responsive=\"true\"><\/ins>\r\n<script>\r\n     (adsbygoogle = window.adsbygoogle || []).push({});\r\n<\/script><\/div><br style=\"clear: both; display: block; float: none;\"\/>","protected":false},"excerpt":{"rendered":"<p>T\u00fcrkiye Cumhuriyeti \u0130stiklal Mar\u015f\u0131 kabul\u00fcn\u00fcn 97. y\u0131ld\u00f6n\u00fcm\u00fcn\u00fc ve Mehmet Akif Ersoy Anma G\u00fcn\u00fc nedeniyle Filibe\u2019de bir etkinlik d\u00fczenlendi. Paisiy Hilendarski \u00dcniversitesi T\u00fcrk Dili B\u00f6l\u00fcm\u00fc \u00f6\u011frencileri<\/p>\n","protected":false},"author":29,"featured_media":28302,"comment_status":"closed","ping_status":"closed","sticky":false,"template":"","format":"standard","meta":{"advanced_seo_description":"","jetpack_seo_html_title":"","jetpack_seo_noindex":false,"_jetpack_memberships_contains_paid_content":false,"footnotes":""},"categories":[1,10],"tags":[],"class_list":["post-28301","post","type-post","status-publish","format-standard","has-post-thumbnail","hentry","category-haberler","category-kultur-sanat"],"jetpack_featured_media_url":"https:\/\/i0.wp.com\/www.bghaber.org\/bghaber\/wp-content\/uploads\/2018\/03\/mehmet-akif-ersoy-filibede-anildi.jpg?fit=1024%2C536&ssl=1","jetpack_sharing_enabled":true,"jetpack_likes_enabled":true,"jetpack-related-posts":[],"jetpack_shortlink":"https:\/\/wp.me\/pc2PfJ-7mt","_links":{"self":[{"href":"https:\/\/www.bghaber.org\/bghaber\/wp-json\/wp\/v2\/posts\/28301","targetHints":{"allow":["GET"]}}],"collection":[{"href":"https:\/\/www.bghaber.org\/bghaber\/wp-json\/wp\/v2\/posts"}],"about":[{"href":"https:\/\/www.bghaber.org\/bghaber\/wp-json\/wp\/v2\/types\/post"}],"author":[{"embeddable":true,"href":"https:\/\/www.bghaber.org\/bghaber\/wp-json\/wp\/v2\/users\/29"}],"replies":[{"embeddable":true,"href":"https:\/\/www.bghaber.org\/bghaber\/wp-json\/wp\/v2\/comments?post=28301"}],"version-history":[{"count":0,"href":"https:\/\/www.bghaber.org\/bghaber\/wp-json\/wp\/v2\/posts\/28301\/revisions"}],"wp:featuredmedia":[{"embeddable":true,"href":"https:\/\/www.bghaber.org\/bghaber\/wp-json\/wp\/v2\/media\/28302"}],"wp:attachment":[{"href":"https:\/\/www.bghaber.org\/bghaber\/wp-json\/wp\/v2\/media?parent=28301"}],"wp:term":[{"taxonomy":"category","embeddable":true,"href":"https:\/\/www.bghaber.org\/bghaber\/wp-json\/wp\/v2\/categories?post=28301"},{"taxonomy":"post_tag","embeddable":true,"href":"https:\/\/www.bghaber.org\/bghaber\/wp-json\/wp\/v2\/tags?post=28301"}],"curies":[{"name":"wp","href":"https:\/\/api.w.org\/{rel}","templated":true}]}}