{"id":28298,"date":"2018-03-13T19:45:26","date_gmt":"2018-03-13T16:45:26","guid":{"rendered":"http:\/\/www.bghaber.org\/bghaber\/?p=28298"},"modified":"2019-07-05T00:22:13","modified_gmt":"2019-07-04T21:22:13","slug":"kircaalide-canakkale-sehitlerini-anma-etkinligi-duzenleniyor","status":"publish","type":"post","link":"https:\/\/www.bghaber.org\/bghaber\/kircaalide-canakkale-sehitlerini-anma-etkinligi-duzenleniyor\/","title":{"rendered":"K\u0131rcaali&#8217;de \u00c7anakkale \u015eehitlerini Anma Etkinli\u011fi D\u00fczenleniyor"},"content":{"rendered":"<p>K\u0131rcaali T\u00fcrk K\u00fclt\u00fcr ve Sanat Derne\u011fi (T\u00dcRKSAD) ve \u00d6mer L\u00fctfi K\u00fclt\u00fcr Derne\u011fi taraf\u0131ndan d\u00fczenlenen \u00c7anakkale \u015eehitlerini Anma Etkinli\u011finin bu y\u0131l ki konu\u011fu Edirne Trakya \u00dcniversitesinden Yrd. Do\u00e7. Sabri Can Sannav\u2019d\u0131r.<\/p>\n<p>Bat\u0131 Trakya\u2019dan Gazeteci yazar \u0130brahim Baltal\u0131 ve K\u0131rcaali B\u00f6lgesinden \u015eehit ve Gazi yak\u0131nlar\u0131n\u0131n da kat\u0131laca\u011f\u0131 etkinlik 19 Mart 2018 y. Pazartesi saat 17.30\u2019da \u00d6mer L\u00fctfi K\u00fclt\u00fcr Derne\u011fi salonunda ger\u00e7ekle\u015fecek.<\/p>\n<p>Yrd. Do\u00e7. Sabri Can Sannav: 05.02.1970&#8217;de Edirne do\u011fdu. \u0130lk, orta ve lise e\u011fitimini burada tamamlad\u0131ktan sonra 1992 y\u0131l\u0131nda Konya Sel\u00e7uk \u00dcniversitesi E\u011fitim Fak\u00fcltesi Tarih \u00d6\u011fretmenli\u011fi b\u00f6l\u00fcm\u00fcnden mezun oldu. \u0130stanbul \u00dcniversitesi Sosyal bilimler Enstit\u00fcs\u00fc Yak\u0131n\u00e7a\u011f Tarihi Anabilim Dal\u0131nda 1995&#8217;de Y\u00fcksek Lisans\u0131n\u0131 tamamlad\u0131ktan sonra, 2004&#8217;de de ayn\u0131 anabilim dal\u0131nda Doktor unvan\u0131n\u0131 ald\u0131. 1994 y\u0131l\u0131nda intisap etti\u011fi Trakya \u00dcniversitesi&#8217;nde 2005 y\u0131l\u0131ndan itibaren E\u011fitim Fak\u00fcltesi \u0130lk\u00f6\u011fretim B\u00f6l\u00fcm\u00fc Sosyal Bilgiler \u00d6\u011fretmenli\u011fi Anabilim Dal\u0131nda Yrd. Do\u00e7. Dr. olarak g\u00f6rev yapmaktad\u0131r. Evli olan Yrd. Do\u00e7. Dr. Sabri Can Sannav biri erkek di\u011feri k\u0131z olmak \u00fczere iki \u00e7ocuk babas\u0131d\u0131r.<\/p>\n<p>&nbsp;<\/p>\n<p>K\u0131rcaali Haber<\/p><div id=\"bghab-3051724317\" class=\"bghab-icerik-icine bghab-entity-placement\"><script async src=\"\/\/pagead2.googlesyndication.com\/pagead\/js\/adsbygoogle.js?client=ca-pub-6203283170189293\" crossorigin=\"anonymous\"><\/script><ins class=\"adsbygoogle\" style=\"display:block; text-align:center;\" data-ad-client=\"ca-pub-6203283170189293\" \ndata-ad-slot=\"7303146466\" \ndata-ad-layout=\"in-article\"\ndata-ad-format=\"fluid\" data-full-width-responsive=\"true\"><\/ins>\n<script> \n(adsbygoogle = window.adsbygoogle || []).push({}); \n<\/script>\n<\/div>\n<div id=\"bghab-27411345\" class=\"bghab-yazi-altinda bghab-entity-placement\"><div class=\"bghab-adlabel\">Reklamlar<\/div><script async src=\"https:\/\/pagead2.googlesyndication.com\/pagead\/js\/adsbygoogle.js\"><\/script>\r\n<!-- bghaber-yaz\u0131-sonu -->\r\n<ins class=\"adsbygoogle\"\r\n     style=\"display:block\"\r\n     data-ad-client=\"ca-pub-6203283170189293\"\r\n     data-ad-slot=\"4222328180\"\r\n     data-ad-format=\"auto\"\r\n     data-full-width-responsive=\"true\"><\/ins>\r\n<script>\r\n     (adsbygoogle = window.adsbygoogle || []).push({});\r\n<\/script><\/div><br style=\"clear: both; display: block; float: none;\"\/>","protected":false},"excerpt":{"rendered":"<p>K\u0131rcaali T\u00fcrk K\u00fclt\u00fcr ve Sanat Derne\u011fi (T\u00dcRKSAD) ve \u00d6mer L\u00fctfi K\u00fclt\u00fcr Derne\u011fi taraf\u0131ndan d\u00fczenlenen \u00c7anakkale \u015eehitlerini Anma Etkinli\u011finin bu y\u0131l ki konu\u011fu Edirne Trakya \u00dcniversitesinden<\/p>\n","protected":false},"author":29,"featured_media":28299,"comment_status":"closed","ping_status":"closed","sticky":false,"template":"","format":"standard","meta":{"advanced_seo_description":"","jetpack_seo_html_title":"","jetpack_seo_noindex":false,"_jetpack_memberships_contains_paid_content":false,"footnotes":""},"categories":[1,10],"tags":[],"class_list":["post-28298","post","type-post","status-publish","format-standard","has-post-thumbnail","hentry","category-haberler","category-kultur-sanat"],"jetpack_featured_media_url":"https:\/\/i0.wp.com\/www.bghaber.org\/bghaber\/wp-content\/uploads\/2018\/03\/canakkale-sehitleri-anma-gunu.jpg?fit=600%2C316&ssl=1","jetpack_sharing_enabled":true,"jetpack_likes_enabled":true,"jetpack-related-posts":[],"jetpack_shortlink":"https:\/\/wp.me\/pc2PfJ-7mq","_links":{"self":[{"href":"https:\/\/www.bghaber.org\/bghaber\/wp-json\/wp\/v2\/posts\/28298","targetHints":{"allow":["GET"]}}],"collection":[{"href":"https:\/\/www.bghaber.org\/bghaber\/wp-json\/wp\/v2\/posts"}],"about":[{"href":"https:\/\/www.bghaber.org\/bghaber\/wp-json\/wp\/v2\/types\/post"}],"author":[{"embeddable":true,"href":"https:\/\/www.bghaber.org\/bghaber\/wp-json\/wp\/v2\/users\/29"}],"replies":[{"embeddable":true,"href":"https:\/\/www.bghaber.org\/bghaber\/wp-json\/wp\/v2\/comments?post=28298"}],"version-history":[{"count":0,"href":"https:\/\/www.bghaber.org\/bghaber\/wp-json\/wp\/v2\/posts\/28298\/revisions"}],"wp:featuredmedia":[{"embeddable":true,"href":"https:\/\/www.bghaber.org\/bghaber\/wp-json\/wp\/v2\/media\/28299"}],"wp:attachment":[{"href":"https:\/\/www.bghaber.org\/bghaber\/wp-json\/wp\/v2\/media?parent=28298"}],"wp:term":[{"taxonomy":"category","embeddable":true,"href":"https:\/\/www.bghaber.org\/bghaber\/wp-json\/wp\/v2\/categories?post=28298"},{"taxonomy":"post_tag","embeddable":true,"href":"https:\/\/www.bghaber.org\/bghaber\/wp-json\/wp\/v2\/tags?post=28298"}],"curies":[{"name":"wp","href":"https:\/\/api.w.org\/{rel}","templated":true}]}}