{"id":28292,"date":"2018-03-13T16:07:57","date_gmt":"2018-03-13T13:07:57","guid":{"rendered":"http:\/\/www.bghaber.org\/bghaber\/?p=28292"},"modified":"2019-07-06T20:56:40","modified_gmt":"2019-07-06T17:56:40","slug":"turk-kizilayi-ve-bulgaristan-kizilhaci-arasinda-is-birligi","status":"publish","type":"post","link":"https:\/\/www.bghaber.org\/bghaber\/turk-kizilayi-ve-bulgaristan-kizilhaci-arasinda-is-birligi\/","title":{"rendered":"T\u00fcrk K\u0131z\u0131lay\u0131 ve Bulgaristan K\u0131z\u0131lha\u00e7\u0131 aras\u0131nda i\u015f birli\u011fi"},"content":{"rendered":"<p>T\u00fcrk K\u0131z\u0131lay\u0131 ve Bulgaristan K\u0131z\u0131lha\u00e7\u0131 ile 2016 y\u0131l\u0131nda ba\u015flat\u0131lan i\u015f birli\u011fi kapsam\u0131nda olas\u0131 bir do\u011fal afet veya kazada t\u00fcm Balkanlar&#8217;da insani yard\u0131m ula\u015ft\u0131rabilecek, erken m\u00fcdahale yapabilecek &#8220;Ortak Acil Malzeme Deposu&#8221; kuruldu.<\/p>\n<p>K\u0131z\u0131lay Genel Ba\u015fkan\u0131 Kerem K\u0131n\u0131k ba\u015fkanl\u0131\u011f\u0131ndaki heyet, ortak \u00e7al\u0131\u015fma projeleri kapsam\u0131nda Bulgaristan&#8217;\u0131n ba\u015fkenti Sofya\u2019ya yak\u0131n Lozen k\u00f6y\u00fc b\u00f6lgesindeki Bulgar K\u0131z\u0131lha\u00e7\u0131 ile olu\u015fturulan &#8220;Ortak Acil Malzeme Deposu&#8221;na 6 t\u0131r dolusu malzeme getirdi.<\/p>\n<p>K\u0131z\u0131lay, ilk etapta 500 adet, 16,5 metrekare ebad\u0131nda bar\u0131nma \u00e7ad\u0131r\u0131, 4 bin 80 adet battaniye, bin 500 adet yatak, 500 adet mutfak seti ve 500 adet \u0131s\u0131t\u0131c\u0131 sevkiyat\u0131 yapt\u0131. Ayr\u0131ca yerelden temin edilecek 500 adet hijyen setinin de sevkiyat\u0131n\u0131n yap\u0131laca\u011f\u0131 kaydedildi.<\/p>\n<p>K\u0131z\u0131lha\u00e7tan Bulgar mevkida\u015f\u0131 ile bir araya gelen Kerem K\u0131n\u0131k, verimlili\u011fi gelecekte daha da belirgin olacak bir i\u015f birli\u011finin temelini att\u0131klar\u0131n\u0131 s\u00f6yledi.<\/p>\n<p>K\u0131n\u0131k, AA muhabirine yapt\u0131\u011f\u0131 a\u00e7\u0131klamada, \u201cAfetler, herhangi bir \u015fekilde s\u0131n\u0131rlar\u0131 tan\u0131m\u0131yor, din, dil, \u0131rk tan\u0131m\u0131yor, herkesi vuruyor.\u201d dedi.<\/p><div id=\"bghab-442635068\" class=\"bghab-icerik-icine bghab-entity-placement\"><script async src=\"\/\/pagead2.googlesyndication.com\/pagead\/js\/adsbygoogle.js?client=ca-pub-6203283170189293\" crossorigin=\"anonymous\"><\/script><ins class=\"adsbygoogle\" style=\"display:block; text-align:center;\" data-ad-client=\"ca-pub-6203283170189293\" \ndata-ad-slot=\"7303146466\" \ndata-ad-layout=\"in-article\"\ndata-ad-format=\"fluid\" data-full-width-responsive=\"true\"><\/ins>\n<script> \n(adsbygoogle = window.adsbygoogle || []).push({}); \n<\/script>\n<\/div>\n<p>T\u00fcrkiye K\u0131z\u0131lay\u0131 olarak, Sofya\u2019da bir ofis a\u00e7t\u0131klar\u0131n\u0131 belirten K\u0131n\u0131k, bunun Avrupa Birli\u011fi (AB) i\u00e7inde a\u00e7t\u0131klar\u0131 ilk ofis oldu\u011funu s\u00f6yledi. K\u0131n\u0131k, &#8220;Bulgaristan\u2019a b\u00f6lgesel afetler noktas\u0131nda da bir merkez haline getirilebilecek bir kapasite deste\u011fi veriyoruz.\u201d dedi.<\/p>\n<p>Depolanacak yard\u0131m malzemeleri ta\u015f\u0131yan ilk 6 t\u0131r\u0131n bug\u00fcn merkeze ula\u015ft\u0131\u011f\u0131n\u0131, di\u011fer iki t\u0131r\u0131n da yak\u0131n zamanda ula\u015faca\u011f\u0131n\u0131 anlatan K\u0131n\u0131k, ilk a\u015famada 2 bin 500 insana ihtiya\u00e7 durumda bar\u0131nma, beslenme, hijyen ve \u0131s\u0131tma gibi malzemeler sa\u011flayabilecek durumda olduklar\u0131n\u0131 kaydetti.<\/p>\n<p>Kerem K\u0131n\u0131k, Bulgaristan\u2019da kurulan merkezde gelecekte e\u011fitim seminerleri d\u00fczenlenece\u011fini, Bulgaristan\u2019\u0131n da\u011f ve deniz kurtarma alanlar\u0131ndaki deneyimlerinden yararlanacak T\u00fcrkiye\u2019nin, di\u011fer yandan s\u0131\u011f\u0131nmac\u0131lara yap\u0131lan yard\u0131m ve destek konusundaki geni\u015f deneyimini Bulgaristan ile payla\u015faca\u011f\u0131n\u0131 ifade etti.<\/p>\n<p>K\u0131n\u0131k, \u201cBu b\u00f6lgedeki i\u015f birli\u011fimiz sadece Bulgaristan\u2019a de\u011fil, Balkanlar&#8217;\u0131n tamam\u0131na y\u00f6nelik olumlu bir etki olu\u015fturacakt\u0131r.\u201d diye konu\u015ftu.<\/p>\n<p>Bulgaristan K\u0131z\u0131lha\u00e7\u0131 Ba\u015fkan\u0131 Akademisyen Hristo Grigorov da \u201cBir insan\u0131n yard\u0131ma ihtiyac\u0131 oldu\u011funda onun Hristiyan, M\u00fcsl\u00fcman olmas\u0131 veya siyasi g\u00f6r\u00fc\u015fleri \u00f6nemli de\u011fil. O insana bir an \u00f6nce yard\u0131m etmemiz laz\u0131m.\u201d dedi.<\/p><div id=\"bghab-982750195\" class=\"bghab-icerik-icine-10-paragraf bghab-entity-placement\"><script async src=\"\/\/pagead2.googlesyndication.com\/pagead\/js\/adsbygoogle.js?client=ca-pub-6203283170189293\" crossorigin=\"anonymous\"><\/script><ins class=\"adsbygoogle\" style=\"display:block; text-align:center;\" data-ad-client=\"ca-pub-6203283170189293\" \ndata-ad-slot=\"7303146466\" \ndata-ad-layout=\"in-article\"\ndata-ad-format=\"fluid\" data-full-width-responsive=\"true\"><\/ins>\n<script> \n(adsbygoogle = window.adsbygoogle || []).push({}); \n<\/script>\n<\/div>\n<p>Merkezin Balkanlar&#8217;\u0131n ortas\u0131nda bulunmas\u0131n\u0131n avantaj oldu\u011funun alt\u0131n\u0131 \u00e7izen Grigorov, \u201cB\u00f6lgemizde bir yerde bir afet olursa, yard\u0131m ta\u015f\u0131yan kamyonlar uzaklardan gelece\u011fine, yak\u0131n bir yerden afet noktas\u0131na ula\u015fabilecek. Bir insan\u0131n hayat\u0131n\u0131 kurtarmak, bazen dakikalarla \u00f6l\u00e7\u00fclen bir zaman zarf\u0131nda s\u0131n\u0131rl\u0131d\u0131r. Meslekta\u015f\u0131m K\u0131n\u0131k ile birlikte biz t\u00fcm b\u00f6lgeye g\u00fc\u00e7l\u00fc bir yard\u0131m eli uzatmak istiyoruz. Daha mutlu bir gelece\u011fimizin kilit noktas\u0131 aram\u0131zdaki verimli i\u015f birli\u011fidir.\u201d ifadelerine yer verdi.<\/p>\n<p>&nbsp;<\/p>\n<p>AA<\/p>\n<div id=\"bghab-4087021300\" class=\"bghab-yazi-altinda bghab-entity-placement\"><div class=\"bghab-adlabel\">Reklamlar<\/div><script async src=\"https:\/\/pagead2.googlesyndication.com\/pagead\/js\/adsbygoogle.js\"><\/script>\r\n<!-- bghaber-yaz\u0131-sonu -->\r\n<ins class=\"adsbygoogle\"\r\n     style=\"display:block\"\r\n     data-ad-client=\"ca-pub-6203283170189293\"\r\n     data-ad-slot=\"4222328180\"\r\n     data-ad-format=\"auto\"\r\n     data-full-width-responsive=\"true\"><\/ins>\r\n<script>\r\n     (adsbygoogle = window.adsbygoogle || []).push({});\r\n<\/script><\/div><br style=\"clear: both; display: block; float: none;\"\/>","protected":false},"excerpt":{"rendered":"<p>T\u00fcrk K\u0131z\u0131lay\u0131 ve Bulgaristan K\u0131z\u0131lha\u00e7\u0131 ile 2016 y\u0131l\u0131nda ba\u015flat\u0131lan i\u015f birli\u011fi kapsam\u0131nda olas\u0131 bir do\u011fal afet veya kazada t\u00fcm Balkanlar&#8217;da insani yard\u0131m ula\u015ft\u0131rabilecek, erken m\u00fcdahale<\/p>\n","protected":false},"author":29,"featured_media":28293,"comment_status":"closed","ping_status":"closed","sticky":false,"template":"","format":"standard","meta":{"advanced_seo_description":"","jetpack_seo_html_title":"","jetpack_seo_noindex":false,"_jetpack_memberships_contains_paid_content":false,"footnotes":""},"categories":[5],"tags":[],"class_list":["post-28292","post","type-post","status-publish","format-standard","has-post-thumbnail","hentry","category-yasam"],"jetpack_featured_media_url":"https:\/\/i0.wp.com\/www.bghaber.org\/bghaber\/wp-content\/uploads\/2018\/03\/turk-kizilay-bulgaristan-kizilhac-isbirligi.jpg?fit=880%2C440&ssl=1","jetpack_sharing_enabled":true,"jetpack_likes_enabled":true,"jetpack-related-posts":[],"jetpack_shortlink":"https:\/\/wp.me\/pc2PfJ-7mk","_links":{"self":[{"href":"https:\/\/www.bghaber.org\/bghaber\/wp-json\/wp\/v2\/posts\/28292","targetHints":{"allow":["GET"]}}],"collection":[{"href":"https:\/\/www.bghaber.org\/bghaber\/wp-json\/wp\/v2\/posts"}],"about":[{"href":"https:\/\/www.bghaber.org\/bghaber\/wp-json\/wp\/v2\/types\/post"}],"author":[{"embeddable":true,"href":"https:\/\/www.bghaber.org\/bghaber\/wp-json\/wp\/v2\/users\/29"}],"replies":[{"embeddable":true,"href":"https:\/\/www.bghaber.org\/bghaber\/wp-json\/wp\/v2\/comments?post=28292"}],"version-history":[{"count":0,"href":"https:\/\/www.bghaber.org\/bghaber\/wp-json\/wp\/v2\/posts\/28292\/revisions"}],"wp:featuredmedia":[{"embeddable":true,"href":"https:\/\/www.bghaber.org\/bghaber\/wp-json\/wp\/v2\/media\/28293"}],"wp:attachment":[{"href":"https:\/\/www.bghaber.org\/bghaber\/wp-json\/wp\/v2\/media?parent=28292"}],"wp:term":[{"taxonomy":"category","embeddable":true,"href":"https:\/\/www.bghaber.org\/bghaber\/wp-json\/wp\/v2\/categories?post=28292"},{"taxonomy":"post_tag","embeddable":true,"href":"https:\/\/www.bghaber.org\/bghaber\/wp-json\/wp\/v2\/tags?post=28292"}],"curies":[{"name":"wp","href":"https:\/\/api.w.org\/{rel}","templated":true}]}}