{"id":28289,"date":"2018-03-13T19:30:18","date_gmt":"2018-03-13T16:30:18","guid":{"rendered":"http:\/\/www.bghaber.org\/bghaber\/?p=28289"},"modified":"2019-07-05T00:22:13","modified_gmt":"2019-07-04T21:22:13","slug":"haskovodan-bir-grup-canakkale-sehitligini-ziyaret-etti","status":"publish","type":"post","link":"https:\/\/www.bghaber.org\/bghaber\/haskovodan-bir-grup-canakkale-sehitligini-ziyaret-etti\/","title":{"rendered":"Haskovo\u2019dan bir grup \u00c7anakkale \u015eehitli\u011fi&#8217;ni ziyaret etti"},"content":{"rendered":"<p>Haskovo B\u00f6lge M\u00fcft\u00fcl\u00fc\u011f\u00fc taraf\u0131ndan 10.03.2018 tarihinde d\u00fczenlenen \u00c7anakkale gezisine bir otob\u00fcs ile elli iki ki\u015fi kat\u0131ld\u0131.<\/p>\n<p>\u00c7anakkale sava\u015f\u0131n\u0131n ya\u015fand\u0131\u011f\u0131 yar\u0131madadaki \u015fehitlikleri ziyaret eden grup, yine \u00c7anakkale Destan\u0131 Tan\u0131t\u0131m Merkezi&#8217;nde \u00c7anakkale deniz ve kara sava\u015flar\u0131n\u0131 anlatan g\u00f6sterileri izlediler. Bu geziye kat\u0131larak \u00c7anakkale ruhunu tekrar ya\u015fayan grup geziden memnun kald\u0131klar\u0131n\u0131 ifade ettiler.<\/p>\n<p>Geleneksel olarak d\u00fczenlenen bu anlaml\u0131 gezi her defas\u0131nda uzman rehberlerin \u00f6nc\u00fcl\u00fc\u011f\u00fcnde organize ediyoruz.<\/p>\n<p>&nbsp;<\/p>\n<p>K\u0131rcaali Haber<\/p><div id=\"bghab-1153619663\" class=\"bghab-icerik-icine bghab-entity-placement\"><script async src=\"\/\/pagead2.googlesyndication.com\/pagead\/js\/adsbygoogle.js?client=ca-pub-6203283170189293\" crossorigin=\"anonymous\"><\/script><ins class=\"adsbygoogle\" style=\"display:block; text-align:center;\" data-ad-client=\"ca-pub-6203283170189293\" \ndata-ad-slot=\"7303146466\" \ndata-ad-layout=\"in-article\"\ndata-ad-format=\"fluid\" data-full-width-responsive=\"true\"><\/ins>\n<script> \n(adsbygoogle = window.adsbygoogle || []).push({}); \n<\/script>\n<\/div>\n<div id=\"bghab-1693199996\" class=\"bghab-yazi-altinda bghab-entity-placement\"><div class=\"bghab-adlabel\">Reklamlar<\/div><script async src=\"https:\/\/pagead2.googlesyndication.com\/pagead\/js\/adsbygoogle.js\"><\/script>\r\n<!-- bghaber-yaz\u0131-sonu -->\r\n<ins class=\"adsbygoogle\"\r\n     style=\"display:block\"\r\n     data-ad-client=\"ca-pub-6203283170189293\"\r\n     data-ad-slot=\"4222328180\"\r\n     data-ad-format=\"auto\"\r\n     data-full-width-responsive=\"true\"><\/ins>\r\n<script>\r\n     (adsbygoogle = window.adsbygoogle || []).push({});\r\n<\/script><\/div><br style=\"clear: both; display: block; float: none;\"\/>","protected":false},"excerpt":{"rendered":"<p>Haskovo B\u00f6lge M\u00fcft\u00fcl\u00fc\u011f\u00fc taraf\u0131ndan 10.03.2018 tarihinde d\u00fczenlenen \u00c7anakkale gezisine bir otob\u00fcs ile elli iki ki\u015fi kat\u0131ld\u0131. \u00c7anakkale sava\u015f\u0131n\u0131n ya\u015fand\u0131\u011f\u0131 yar\u0131madadaki \u015fehitlikleri ziyaret eden grup, yine<\/p>\n","protected":false},"author":29,"featured_media":28290,"comment_status":"closed","ping_status":"closed","sticky":false,"template":"","format":"standard","meta":{"advanced_seo_description":"","jetpack_seo_html_title":"","jetpack_seo_noindex":false,"_jetpack_memberships_contains_paid_content":false,"footnotes":""},"categories":[1,10],"tags":[],"class_list":["post-28289","post","type-post","status-publish","format-standard","has-post-thumbnail","hentry","category-haberler","category-kultur-sanat"],"jetpack_featured_media_url":"https:\/\/i0.wp.com\/www.bghaber.org\/bghaber\/wp-content\/uploads\/2018\/03\/haskovodan-grup-canakkale-sehitliginde.jpg?fit=960%2C720&ssl=1","jetpack_sharing_enabled":true,"jetpack_likes_enabled":true,"jetpack-related-posts":[],"jetpack_shortlink":"https:\/\/wp.me\/pc2PfJ-7mh","_links":{"self":[{"href":"https:\/\/www.bghaber.org\/bghaber\/wp-json\/wp\/v2\/posts\/28289","targetHints":{"allow":["GET"]}}],"collection":[{"href":"https:\/\/www.bghaber.org\/bghaber\/wp-json\/wp\/v2\/posts"}],"about":[{"href":"https:\/\/www.bghaber.org\/bghaber\/wp-json\/wp\/v2\/types\/post"}],"author":[{"embeddable":true,"href":"https:\/\/www.bghaber.org\/bghaber\/wp-json\/wp\/v2\/users\/29"}],"replies":[{"embeddable":true,"href":"https:\/\/www.bghaber.org\/bghaber\/wp-json\/wp\/v2\/comments?post=28289"}],"version-history":[{"count":0,"href":"https:\/\/www.bghaber.org\/bghaber\/wp-json\/wp\/v2\/posts\/28289\/revisions"}],"wp:featuredmedia":[{"embeddable":true,"href":"https:\/\/www.bghaber.org\/bghaber\/wp-json\/wp\/v2\/media\/28290"}],"wp:attachment":[{"href":"https:\/\/www.bghaber.org\/bghaber\/wp-json\/wp\/v2\/media?parent=28289"}],"wp:term":[{"taxonomy":"category","embeddable":true,"href":"https:\/\/www.bghaber.org\/bghaber\/wp-json\/wp\/v2\/categories?post=28289"},{"taxonomy":"post_tag","embeddable":true,"href":"https:\/\/www.bghaber.org\/bghaber\/wp-json\/wp\/v2\/tags?post=28289"}],"curies":[{"name":"wp","href":"https:\/\/api.w.org\/{rel}","templated":true}]}}