{"id":28286,"date":"2018-03-13T17:30:17","date_gmt":"2018-03-13T14:30:17","guid":{"rendered":"http:\/\/www.bghaber.org\/bghaber\/?p=28286"},"modified":"2019-07-05T00:22:13","modified_gmt":"2019-07-04T21:22:13","slug":"bursa-line-tv-egriderelilerin-hayatini-gosteren-film-cekiyor","status":"publish","type":"post","link":"https:\/\/www.bghaber.org\/bghaber\/bursa-line-tv-egriderelilerin-hayatini-gosteren-film-cekiyor\/","title":{"rendered":"Bursa Line TV, E\u011friderelilerin hayat\u0131n\u0131 g\u00f6steren film \u00e7ekiyor"},"content":{"rendered":"<p>Bursa Osmangazi merkezli Line TV \u00f6zel televizyon kanal\u0131ndan bir ekip, Ardino (E\u011fridere) \u0130l\u00e7esinde halk\u0131n hayat\u0131n\u0131 g\u00f6steren bir film \u00e7ekiyor. G\u00f6r\u00fcnt\u00fcler, pop\u00fcler \u201cUzaktaki Yak\u0131nlar\u0131m\u0131z\u201c adl\u0131 program\u0131nda ekrana gelecek.<\/p>\n<p>Filmin yap\u0131mc\u0131s\u0131 ve y\u00f6netmeni Sezgin Eren ve sunucusu Hafize Eren, cuma g\u00fcn\u00fc Gorno Prahovo (Tos\u00e7al\u0131), cumartesi ise Mle\u00e7ino (S\u00fctkesi\u011fi) k\u00f6ylerinde \u00e7ekim yapt\u0131lar. G\u00fcndelik hayattan \u00e7e\u015fitli g\u00f6r\u00fcnt\u00fcler \u00e7ekildi. Gorno Prahovo ve Mle\u00e7ino k\u00f6ylerini muhtarlar\u0131 Mehmet M\u00fcm\u00fcn ve G\u00fclistan Sadula, program i\u00e7in \u00f6zel m\u00fclakat verdi. \u0130lk defa iki yerle\u015fim yerinde drone ile havadan \u00e7ekimler yap\u0131ld\u0131.<\/p>\n<p>Sezgin Eren, \u201dAmac\u0131m\u0131z, Balkanlar&#8217;da ya\u015fay\u0131\u015f tarz\u0131n\u0131 ve k\u00fclt\u00fcr\u00fcn\u00fc ekrana getirmek, \u00e7\u00fcnk\u00fc d\u00fcnyan\u0131n her yerinde Balkan g\u00f6\u00e7menleri ya\u015f\u0131yor. Onlar, b\u00f6ylece do\u011fup b\u00fcy\u00fcd\u00fckleri yere yakla\u015farak, uzaktan izliyorlar\u201d diye kaydetti. Say\u0131n Eren, \u015fimdiye kadar Krumovgrad (Ko\u015fukavak), Mom\u00e7ilgrad (Mestanl\u0131) ve Cebel (\u015eeyhcuma) il\u00e7elerine ba\u011fl\u0131 farkl\u0131 yerle\u015fim yerlerinde \u00e7ekimler yapt\u0131klar\u0131n\u0131 belirtti.<\/p>\n<p>Pop\u00fcler \u201cUzaktaki Yak\u0131nlar\u0131m\u0131z\u201c adl\u0131 program, k\u00f6kenleri Krumovgrad b\u00f6lgesine dayanan Bursa Osmangazi Belediye Ba\u015fkan\u0131 Mustafa D\u00fcndar\u2019\u0131n mali deste\u011fi ile ger\u00e7ekle\u015ftiriliyor. Osmangazi Belediyesi, \u00fc\u00e7 milyonluk Bursa&#8217;n\u0131n \u00fc\u00e7 b\u00fcy\u00fck belediyesinden en b\u00fcy\u00fc\u011f\u00fcd\u00fcr. Osmangazi \u0130l\u00e7esinde Balkanlar ve Bulgaristan&#8217;dan 200 000&#8217;in \u00fczerinde g\u00f6\u00e7men olan 1 milyondan fazla insan ya\u015f\u0131yor. \u00c7ekilen g\u00f6r\u00fcnt\u00fcler, her pazartesi saat 21: 00&#8217;de (Bulgaristan saati) \u201cUzaktaki Yak\u0131nlar\u0131m\u0131z\u201c adl\u0131 programda yay\u0131nlanacak.<\/p>\n<p>&nbsp;<\/p><div id=\"bghab-2459802982\" class=\"bghab-icerik-icine bghab-entity-placement\"><script async src=\"\/\/pagead2.googlesyndication.com\/pagead\/js\/adsbygoogle.js?client=ca-pub-6203283170189293\" crossorigin=\"anonymous\"><\/script><ins class=\"adsbygoogle\" style=\"display:block; text-align:center;\" data-ad-client=\"ca-pub-6203283170189293\" \ndata-ad-slot=\"7303146466\" \ndata-ad-layout=\"in-article\"\ndata-ad-format=\"fluid\" data-full-width-responsive=\"true\"><\/ins>\n<script> \n(adsbygoogle = window.adsbygoogle || []).push({}); \n<\/script>\n<\/div>\n<p>G\u00fcner \u015e\u00fckr\u00fc, K\u0131rcaali Haber<\/p>\n<div id=\"bghab-1666996185\" class=\"bghab-yazi-altinda bghab-entity-placement\"><div class=\"bghab-adlabel\">Reklamlar<\/div><script async src=\"https:\/\/pagead2.googlesyndication.com\/pagead\/js\/adsbygoogle.js\"><\/script>\r\n<!-- bghaber-yaz\u0131-sonu -->\r\n<ins class=\"adsbygoogle\"\r\n     style=\"display:block\"\r\n     data-ad-client=\"ca-pub-6203283170189293\"\r\n     data-ad-slot=\"4222328180\"\r\n     data-ad-format=\"auto\"\r\n     data-full-width-responsive=\"true\"><\/ins>\r\n<script>\r\n     (adsbygoogle = window.adsbygoogle || []).push({});\r\n<\/script><\/div><br style=\"clear: both; display: block; float: none;\"\/>","protected":false},"excerpt":{"rendered":"<p>Bursa Osmangazi merkezli Line TV \u00f6zel televizyon kanal\u0131ndan bir ekip, Ardino (E\u011fridere) \u0130l\u00e7esinde halk\u0131n hayat\u0131n\u0131 g\u00f6steren bir film \u00e7ekiyor. G\u00f6r\u00fcnt\u00fcler, pop\u00fcler \u201cUzaktaki Yak\u0131nlar\u0131m\u0131z\u201c adl\u0131 program\u0131nda<\/p>\n","protected":false},"author":29,"featured_media":28287,"comment_status":"closed","ping_status":"closed","sticky":false,"template":"","format":"standard","meta":{"advanced_seo_description":"","jetpack_seo_html_title":"","jetpack_seo_noindex":false,"_jetpack_memberships_contains_paid_content":false,"footnotes":""},"categories":[1,10],"tags":[],"class_list":["post-28286","post","type-post","status-publish","format-standard","has-post-thumbnail","hentry","category-haberler","category-kultur-sanat"],"jetpack_featured_media_url":"https:\/\/i0.wp.com\/www.bghaber.org\/bghaber\/wp-content\/uploads\/2018\/03\/Bursa-Line-TV-Egriderelilerin-hayatini-film-olarak.jpg?fit=1024%2C683&ssl=1","jetpack_sharing_enabled":true,"jetpack_likes_enabled":true,"jetpack-related-posts":[],"jetpack_shortlink":"https:\/\/wp.me\/pc2PfJ-7me","_links":{"self":[{"href":"https:\/\/www.bghaber.org\/bghaber\/wp-json\/wp\/v2\/posts\/28286","targetHints":{"allow":["GET"]}}],"collection":[{"href":"https:\/\/www.bghaber.org\/bghaber\/wp-json\/wp\/v2\/posts"}],"about":[{"href":"https:\/\/www.bghaber.org\/bghaber\/wp-json\/wp\/v2\/types\/post"}],"author":[{"embeddable":true,"href":"https:\/\/www.bghaber.org\/bghaber\/wp-json\/wp\/v2\/users\/29"}],"replies":[{"embeddable":true,"href":"https:\/\/www.bghaber.org\/bghaber\/wp-json\/wp\/v2\/comments?post=28286"}],"version-history":[{"count":0,"href":"https:\/\/www.bghaber.org\/bghaber\/wp-json\/wp\/v2\/posts\/28286\/revisions"}],"wp:featuredmedia":[{"embeddable":true,"href":"https:\/\/www.bghaber.org\/bghaber\/wp-json\/wp\/v2\/media\/28287"}],"wp:attachment":[{"href":"https:\/\/www.bghaber.org\/bghaber\/wp-json\/wp\/v2\/media?parent=28286"}],"wp:term":[{"taxonomy":"category","embeddable":true,"href":"https:\/\/www.bghaber.org\/bghaber\/wp-json\/wp\/v2\/categories?post=28286"},{"taxonomy":"post_tag","embeddable":true,"href":"https:\/\/www.bghaber.org\/bghaber\/wp-json\/wp\/v2\/tags?post=28286"}],"curies":[{"name":"wp","href":"https:\/\/api.w.org\/{rel}","templated":true}]}}