{"id":28283,"date":"2018-03-13T16:30:45","date_gmt":"2018-03-13T13:30:45","guid":{"rendered":"http:\/\/www.bghaber.org\/bghaber\/?p=28283"},"modified":"2019-07-06T20:56:40","modified_gmt":"2019-07-06T17:56:40","slug":"radev-dini-onder-olarak-gelen-patrik-kiril-siyasetci-olarak-ayrildi","status":"publish","type":"post","link":"https:\/\/www.bghaber.org\/bghaber\/radev-dini-onder-olarak-gelen-patrik-kiril-siyasetci-olarak-ayrildi\/","title":{"rendered":"Radev: Dini \u00f6nder olarak gelen Patrik Kiril, siyaset\u00e7i olarak ayr\u0131ld\u0131"},"content":{"rendered":"<p>Rusya Patri\u011fi Kirill taraf\u0131ndan \u00fclkemize ziyareti s\u0131ras\u0131nda 3 Mart\u2019ta Bulgaristan\u2019a ve cumhurba\u015fkan\u0131na y\u00f6neltilen ele\u015ftirilerle ilgili olarak Cumhurba\u015fkan\u0131 Rumen Radev, \u201cPatrik Kirill, Bulgaristan\u2019a dini \u00f6nder olarak geldi, fakat siyaset\u00e7i olarak ayr\u0131lmay\u0131 se\u00e7ti\u201d yorumunda bulundu.<\/p>\n<p>Rumen Radev\u2019e g\u00f6re as\u0131l soru, Bulgaristan kurtulu\u015funun kutland\u0131\u011f\u0131 ortak bayram\u0131 ay\u0131r\u0131ma m\u00fcnasebet haline getirmeye ve Bulgar-Rus ili\u015fkilerindeki krizden istifade etmeye \u00e7al\u0131\u015fan\u0131n kim oldu\u011fudur. Rusya\u2019ya olan \u015f\u00fckran duygular\u0131m\u0131z, \u00f6zg\u00fcr insanlar\u0131n \u015f\u00fckran\u0131 olup haysiyetimiz hesab\u0131na de\u011fildir, diyen Cumhurba\u015fkan\u0131, duygular\u0131n rehini olmadan di\u011ferlerin y\u0131llar boyunca \u00e7\u00fcr\u00fctmeye \u00e7al\u0131\u015flt\u0131klar\u0131 Bulgar-Rus ili\u015fkilerinin canland\u0131r\u0131lmas\u0131 i\u00e7in \u00e7al\u0131\u015faca\u011f\u0131n\u0131 belirtti.<\/p>\n<p>Rus Patri\u011finin ziyaretini \u015eipka tepesine \u00e7\u0131kan binlerce Bulgaristan vatanda\u015f\u0131 ile ve Bulgaristan Patri\u011fi Neofit ile birlikte Bulgaristan\u2019\u0131n kurtulu\u015fu i\u00e7in d\u00fczenledikleri ayinle hat\u0131rlamay\u0131 tercih ederim, \u015feklinde konu\u015ftu Cumhurba\u015fkan\u0131.<\/p>\n<p>&nbsp;<\/p>\n<p>BNR<\/p><div id=\"bghab-1089261881\" class=\"bghab-icerik-icine bghab-entity-placement\"><script async src=\"\/\/pagead2.googlesyndication.com\/pagead\/js\/adsbygoogle.js?client=ca-pub-6203283170189293\" crossorigin=\"anonymous\"><\/script><ins class=\"adsbygoogle\" style=\"display:block; text-align:center;\" data-ad-client=\"ca-pub-6203283170189293\" \ndata-ad-slot=\"7303146466\" \ndata-ad-layout=\"in-article\"\ndata-ad-format=\"fluid\" data-full-width-responsive=\"true\"><\/ins>\n<script> \n(adsbygoogle = window.adsbygoogle || []).push({}); \n<\/script>\n<\/div>\n<div id=\"bghab-590414503\" class=\"bghab-yazi-altinda bghab-entity-placement\"><div class=\"bghab-adlabel\">Reklamlar<\/div><script async src=\"https:\/\/pagead2.googlesyndication.com\/pagead\/js\/adsbygoogle.js\"><\/script>\r\n<!-- bghaber-yaz\u0131-sonu -->\r\n<ins class=\"adsbygoogle\"\r\n     style=\"display:block\"\r\n     data-ad-client=\"ca-pub-6203283170189293\"\r\n     data-ad-slot=\"4222328180\"\r\n     data-ad-format=\"auto\"\r\n     data-full-width-responsive=\"true\"><\/ins>\r\n<script>\r\n     (adsbygoogle = window.adsbygoogle || []).push({});\r\n<\/script><\/div><br style=\"clear: both; display: block; float: none;\"\/>","protected":false},"excerpt":{"rendered":"<p>Rusya Patri\u011fi Kirill taraf\u0131ndan \u00fclkemize ziyareti s\u0131ras\u0131nda 3 Mart\u2019ta Bulgaristan\u2019a ve cumhurba\u015fkan\u0131na y\u00f6neltilen ele\u015ftirilerle ilgili olarak Cumhurba\u015fkan\u0131 Rumen Radev, \u201cPatrik Kirill, Bulgaristan\u2019a dini \u00f6nder olarak<\/p>\n","protected":false},"author":29,"featured_media":28284,"comment_status":"closed","ping_status":"closed","sticky":false,"template":"","format":"standard","meta":{"advanced_seo_description":"","jetpack_seo_html_title":"","jetpack_seo_noindex":false,"_jetpack_memberships_contains_paid_content":false,"footnotes":""},"categories":[1,4],"tags":[],"class_list":["post-28283","post","type-post","status-publish","format-standard","has-post-thumbnail","hentry","category-haberler","category-siyaset"],"jetpack_featured_media_url":"https:\/\/i0.wp.com\/www.bghaber.org\/bghaber\/wp-content\/uploads\/2018\/03\/rumen-radev-askerlerle.jpg?fit=850%2C478&ssl=1","jetpack_sharing_enabled":true,"jetpack_likes_enabled":true,"jetpack-related-posts":[],"jetpack_shortlink":"https:\/\/wp.me\/pc2PfJ-7mb","_links":{"self":[{"href":"https:\/\/www.bghaber.org\/bghaber\/wp-json\/wp\/v2\/posts\/28283","targetHints":{"allow":["GET"]}}],"collection":[{"href":"https:\/\/www.bghaber.org\/bghaber\/wp-json\/wp\/v2\/posts"}],"about":[{"href":"https:\/\/www.bghaber.org\/bghaber\/wp-json\/wp\/v2\/types\/post"}],"author":[{"embeddable":true,"href":"https:\/\/www.bghaber.org\/bghaber\/wp-json\/wp\/v2\/users\/29"}],"replies":[{"embeddable":true,"href":"https:\/\/www.bghaber.org\/bghaber\/wp-json\/wp\/v2\/comments?post=28283"}],"version-history":[{"count":0,"href":"https:\/\/www.bghaber.org\/bghaber\/wp-json\/wp\/v2\/posts\/28283\/revisions"}],"wp:featuredmedia":[{"embeddable":true,"href":"https:\/\/www.bghaber.org\/bghaber\/wp-json\/wp\/v2\/media\/28284"}],"wp:attachment":[{"href":"https:\/\/www.bghaber.org\/bghaber\/wp-json\/wp\/v2\/media?parent=28283"}],"wp:term":[{"taxonomy":"category","embeddable":true,"href":"https:\/\/www.bghaber.org\/bghaber\/wp-json\/wp\/v2\/categories?post=28283"},{"taxonomy":"post_tag","embeddable":true,"href":"https:\/\/www.bghaber.org\/bghaber\/wp-json\/wp\/v2\/tags?post=28283"}],"curies":[{"name":"wp","href":"https:\/\/api.w.org\/{rel}","templated":true}]}}